{"id":11975,"date":"2026-05-01T15:42:23","date_gmt":"2026-05-01T19:42:23","guid":{"rendered":"https:\/\/www.roadtowc.com\/tunez-mundial-2026-preview-2\/"},"modified":"2026-05-01T15:55:04","modified_gmt":"2026-05-01T19:55:04","slug":"tunez-mundial-2026-preview-2","status":"publish","type":"post","link":"https:\/\/www.roadtowc.com\/es\/tunez-mundial-2026-preview-2\/","title":{"rendered":"T\u00fanez en el Mundial 2026: Las \u00c1guilas de Cartago se elevan"},"content":{"rendered":"<p><strong>T\u00fanez<\/strong> es una de las naciones africanas con m\u00e1s experiencia en los Mundiales, y las <em>\u00c1guilas de Cartago<\/em> hacen su octava aparici\u00f3n en 2026. En el <strong>Grupo F<\/strong> junto a Pa\u00edses Bajos, Jap\u00f3n y Suecia, T\u00fanez enfrenta una misi\u00f3n dif\u00edcil \u2014 pero han competido contra los mejores de Europa antes y siempre le han complicado la vida a sus rivales.<\/p>\n<p>El f\u00fatbol tunecino ha producido consistentemente equipos t\u00e9cnicamente s\u00f3lidos y t\u00e1cticamente disciplinados. <strong>Ellyes Skhiri<\/strong> \u2014 el mediocampista del Eintracht Frankfurt \u2014 es el coraz\u00f3n del equipo, aportando calidad y liderazgo de nivel europeo.<\/p>\n<h3>El Orgullo Africano<\/h3>\n<p>El mejor resultado mundialista de T\u00fanez fue llegar a la fase de grupos en m\u00faltiples ocasiones \u2014 nunca avanzaron m\u00e1s all\u00e1 de los octavos. En 2026, con una nueva generaci\u00f3n desarroll\u00e1ndose en Europa, hay la creencia de que esto podr\u00eda cambiar.<\/p>\n<h3>Jugadores Clave<\/h3>\n<ul>\n<li><strong>Ellyes Skhiri<\/strong> \u2013 Mediocampista del Eintracht Frankfurt, t\u00e9cnicamente excelente y l\u00edder<\/li>\n<li><strong>A\u00efssa La\u00efdouni<\/strong> \u2013 Mediocampista defensivo con experiencia en la Bundesliga<\/li>\n<li><strong>Seifeddine Jaziri<\/strong> \u2013 Delantero f\u00edsico que lucha por cada bal\u00f3n<\/li>\n<\/ul>\n<p>T\u00fanez no se rendir\u00e1 f\u00e1cilmente en el Grupo F. Presionar\u00e1n, defender\u00e1n profundo y buscar\u00e1n momentos para castigar al contragolpe.<\/p>\n","protected":false},"excerpt":{"rendered":"<p>T\u00fanez se clasifica para su octavo Mundial, ubicado en el Grupo F con Pa\u00edses Bajos, Jap\u00f3n y Suecia. Las \u00c1guilas de Cartago traen orgullo africano y disciplina t\u00e1ctica a Norteam\u00e9rica.<\/p>\n","protected":false},"author":1,"featured_media":12281,"comment_status":"closed","ping_status":"closed","sticky":false,"template":"","format":"standard","meta":{"footnotes":""},"categories":[23],"tags":[],"class_list":["post-11975","post","type-post","status-publish","format-standard","has-post-thumbnail","hentry","category-noticias"],"yoast_head":"<!-- This site is optimized with the Yoast SEO plugin v27.5 - https:\/\/yoast.com\/product\/yoast-seo-wordpress\/ -->\n<title>T\u00fanez en el Mundial 2026: Las \u00c1guilas de Cartago se elevan - Road to the World Cup<\/title>\n<meta name=\"description\" content=\"T\u00fanez en el Mundial 2026: Grupo F con Pa\u00edses Bajos, Jap\u00f3n y Suecia. Las \u00c1guilas de Cartago compiten en su octavo Mundial con un plantel que combina juventud y experiencia.\" \/>\n<meta name=\"robots\" content=\"index, follow, max-snippet:-1, max-image-preview:large, max-video-preview:-1\" \/>\n<link rel=\"canonical\" href=\"https:\/\/www.roadtowc.com\/es\/tunez-mundial-2026-preview-2\/\" \/>\n<meta property=\"og:locale\" content=\"es_ES\" \/>\n<meta property=\"og:type\" content=\"article\" \/>\n<meta property=\"og:title\" content=\"T\u00fanez en el Mundial 2026: Las \u00c1guilas de Cartago se elevan - Road to the World Cup\" \/>\n<meta property=\"og:description\" content=\"T\u00fanez en el Mundial 2026: Grupo F con Pa\u00edses Bajos, Jap\u00f3n y Suecia. Las \u00c1guilas de Cartago compiten en su octavo Mundial con un plantel que combina juventud y experiencia.\" \/>\n<meta property=\"og:url\" content=\"https:\/\/www.roadtowc.com\/es\/tunez-mundial-2026-preview-2\/\" \/>\n<meta property=\"og:site_name\" content=\"Road to the World Cup\" \/>\n<meta property=\"article:published_time\" content=\"2026-05-01T19:42:23+00:00\" \/>\n<meta property=\"article:modified_time\" content=\"2026-05-01T19:55:04+00:00\" \/>\n<meta property=\"og:image\" content=\"https:\/\/www.roadtowc.com\/wp-content\/uploads\/2026\/05\/tunisia-2026-world-cup-flag.png\" \/>\n\t<meta property=\"og:image:width\" content=\"640\" \/>\n\t<meta property=\"og:image:height\" content=\"427\" \/>\n\t<meta property=\"og:image:type\" content=\"image\/png\" \/>\n<meta name=\"author\" content=\"hjfraind\" \/>\n<meta name=\"twitter:card\" content=\"summary_large_image\" \/>\n<meta name=\"twitter:creator\" content=\"@roadtowc\" \/>\n<meta name=\"twitter:site\" content=\"@roadtowc\" \/>\n<meta name=\"twitter:label1\" content=\"Escrito por\" \/>\n\t<meta name=\"twitter:data1\" content=\"hjfraind\" \/>\n\t<meta name=\"twitter:label2\" content=\"Tiempo de lectura\" \/>\n\t<meta name=\"twitter:data2\" content=\"1 minuto\" \/>\n<script type=\"application\/ld+json\" class=\"yoast-schema-graph\">{\"@context\":\"https:\\\/\\\/schema.org\",\"@graph\":[{\"@type\":\"Article\",\"@id\":\"https:\\\/\\\/www.roadtowc.com\\\/es\\\/tunez-mundial-2026-preview-2\\\/#article\",\"isPartOf\":{\"@id\":\"https:\\\/\\\/www.roadtowc.com\\\/es\\\/tunez-mundial-2026-preview-2\\\/\"},\"author\":{\"name\":\"hjfraind\",\"@id\":\"https:\\\/\\\/www.roadtowc.com\\\/es\\\/#\\\/schema\\\/person\\\/e027536b8c7766a032254f303dcd7bba\"},\"headline\":\"T\u00fanez en el Mundial 2026: Las \u00c1guilas de Cartago se elevan\",\"datePublished\":\"2026-05-01T19:42:23+00:00\",\"dateModified\":\"2026-05-01T19:55:04+00:00\",\"mainEntityOfPage\":{\"@id\":\"https:\\\/\\\/www.roadtowc.com\\\/es\\\/tunez-mundial-2026-preview-2\\\/\"},\"wordCount\":221,\"publisher\":{\"@id\":\"https:\\\/\\\/www.roadtowc.com\\\/es\\\/#organization\"},\"image\":{\"@id\":\"https:\\\/\\\/www.roadtowc.com\\\/es\\\/tunez-mundial-2026-preview-2\\\/#primaryimage\"},\"thumbnailUrl\":\"https:\\\/\\\/www.roadtowc.com\\\/wp-content\\\/uploads\\\/2026\\\/05\\\/tunisia-2026-world-cup-flag.png\",\"articleSection\":[\"Noticias\"],\"inLanguage\":\"es\"},{\"@type\":\"WebPage\",\"@id\":\"https:\\\/\\\/www.roadtowc.com\\\/es\\\/tunez-mundial-2026-preview-2\\\/\",\"url\":\"https:\\\/\\\/www.roadtowc.com\\\/es\\\/tunez-mundial-2026-preview-2\\\/\",\"name\":\"T\u00fanez en el Mundial 2026: Las \u00c1guilas de Cartago se elevan - Road to the World Cup\",\"isPartOf\":{\"@id\":\"https:\\\/\\\/www.roadtowc.com\\\/es\\\/#website\"},\"primaryImageOfPage\":{\"@id\":\"https:\\\/\\\/www.roadtowc.com\\\/es\\\/tunez-mundial-2026-preview-2\\\/#primaryimage\"},\"image\":{\"@id\":\"https:\\\/\\\/www.roadtowc.com\\\/es\\\/tunez-mundial-2026-preview-2\\\/#primaryimage\"},\"thumbnailUrl\":\"https:\\\/\\\/www.roadtowc.com\\\/wp-content\\\/uploads\\\/2026\\\/05\\\/tunisia-2026-world-cup-flag.png\",\"datePublished\":\"2026-05-01T19:42:23+00:00\",\"dateModified\":\"2026-05-01T19:55:04+00:00\",\"description\":\"T\u00fanez en el Mundial 2026: Grupo F con Pa\u00edses Bajos, Jap\u00f3n y Suecia. Las \u00c1guilas de Cartago compiten en su octavo Mundial con un plantel que combina juventud y experiencia.\",\"breadcrumb\":{\"@id\":\"https:\\\/\\\/www.roadtowc.com\\\/es\\\/tunez-mundial-2026-preview-2\\\/#breadcrumb\"},\"inLanguage\":\"es\",\"potentialAction\":[{\"@type\":\"ReadAction\",\"target\":[\"https:\\\/\\\/www.roadtowc.com\\\/es\\\/tunez-mundial-2026-preview-2\\\/\"]}]},{\"@type\":\"ImageObject\",\"inLanguage\":\"es\",\"@id\":\"https:\\\/\\\/www.roadtowc.com\\\/es\\\/tunez-mundial-2026-preview-2\\\/#primaryimage\",\"url\":\"https:\\\/\\\/www.roadtowc.com\\\/wp-content\\\/uploads\\\/2026\\\/05\\\/tunisia-2026-world-cup-flag.png\",\"contentUrl\":\"https:\\\/\\\/www.roadtowc.com\\\/wp-content\\\/uploads\\\/2026\\\/05\\\/tunisia-2026-world-cup-flag.png\",\"width\":640,\"height\":427,\"caption\":\"Tunisia at the 2026 FIFA World Cup: The Eagles of Carthage Rise flag\"},{\"@type\":\"BreadcrumbList\",\"@id\":\"https:\\\/\\\/www.roadtowc.com\\\/es\\\/tunez-mundial-2026-preview-2\\\/#breadcrumb\",\"itemListElement\":[{\"@type\":\"ListItem\",\"position\":1,\"name\":\"Home\",\"item\":\"https:\\\/\\\/www.roadtowc.com\\\/es\\\/\"},{\"@type\":\"ListItem\",\"position\":2,\"name\":\"T\u00fanez en el Mundial 2026: Las \u00c1guilas de Cartago se elevan\"}]},{\"@type\":\"WebSite\",\"@id\":\"https:\\\/\\\/www.roadtowc.com\\\/es\\\/#website\",\"url\":\"https:\\\/\\\/www.roadtowc.com\\\/es\\\/\",\"name\":\"Road to the World Cup\",\"description\":\"Tu gu\u00eda definitiva para la Copa Mundial de la FIFA 2026: noticias, informaci\u00f3n sobre boletos, sedes y m\u00e1s, con toda la cobertura a medida que se acerca el torneo en Estados Unidos, M\u00e9xico y Canad\u00e1.\",\"publisher\":{\"@id\":\"https:\\\/\\\/www.roadtowc.com\\\/es\\\/#organization\"},\"alternateName\":\"Road to the World Cup\",\"potentialAction\":[{\"@type\":\"SearchAction\",\"target\":{\"@type\":\"EntryPoint\",\"urlTemplate\":\"https:\\\/\\\/www.roadtowc.com\\\/es\\\/?s={search_term_string}\"},\"query-input\":{\"@type\":\"PropertyValueSpecification\",\"valueRequired\":true,\"valueName\":\"search_term_string\"}}],\"inLanguage\":\"es\"},{\"@type\":\"Organization\",\"@id\":\"https:\\\/\\\/www.roadtowc.com\\\/es\\\/#organization\",\"name\":\"Road to the World Cup\",\"alternateName\":\"Road to the World Cup\",\"url\":\"https:\\\/\\\/www.roadtowc.com\\\/es\\\/\",\"logo\":{\"@type\":\"ImageObject\",\"inLanguage\":\"es\",\"@id\":\"https:\\\/\\\/www.roadtowc.com\\\/es\\\/#\\\/schema\\\/logo\\\/image\\\/\",\"url\":\"https:\\\/\\\/www.roadtowc.com\\\/wp-content\\\/uploads\\\/2024\\\/07\\\/New-Logo-head.png\",\"contentUrl\":\"https:\\\/\\\/www.roadtowc.com\\\/wp-content\\\/uploads\\\/2024\\\/07\\\/New-Logo-head.png\",\"width\":1228,\"height\":1037,\"caption\":\"Road to the World Cup\"},\"image\":{\"@id\":\"https:\\\/\\\/www.roadtowc.com\\\/es\\\/#\\\/schema\\\/logo\\\/image\\\/\"},\"sameAs\":[\"https:\\\/\\\/x.com\\\/roadtowc\"]},{\"@type\":\"Person\",\"@id\":\"https:\\\/\\\/www.roadtowc.com\\\/es\\\/#\\\/schema\\\/person\\\/e027536b8c7766a032254f303dcd7bba\",\"name\":\"hjfraind\",\"image\":{\"@type\":\"ImageObject\",\"inLanguage\":\"es\",\"@id\":\"https:\\\/\\\/secure.gravatar.com\\\/avatar\\\/bacbd4bf5f8418d0b903099430d35c7b7e630f7280cfd5f56ba26a6170010cd4?s=96&d=mm&r=g\",\"url\":\"https:\\\/\\\/secure.gravatar.com\\\/avatar\\\/bacbd4bf5f8418d0b903099430d35c7b7e630f7280cfd5f56ba26a6170010cd4?s=96&d=mm&r=g\",\"contentUrl\":\"https:\\\/\\\/secure.gravatar.com\\\/avatar\\\/bacbd4bf5f8418d0b903099430d35c7b7e630f7280cfd5f56ba26a6170010cd4?s=96&d=mm&r=g\",\"caption\":\"hjfraind\"},\"sameAs\":[\"http:\\\/\\\/www.roadtowc.com\"],\"url\":\"https:\\\/\\\/www.roadtowc.com\\\/es\\\/author\\\/hjfraind\\\/\"}]}<\/script>\n<!-- \/ Yoast SEO plugin. -->","yoast_head_json":{"title":"T\u00fanez en el Mundial 2026: Las \u00c1guilas de Cartago se elevan - Road to the World Cup","description":"T\u00fanez en el Mundial 2026: Grupo F con Pa\u00edses Bajos, Jap\u00f3n y Suecia. Las \u00c1guilas de Cartago compiten en su octavo Mundial con un plantel que combina juventud y experiencia.","robots":{"index":"index","follow":"follow","max-snippet":"max-snippet:-1","max-image-preview":"max-image-preview:large","max-video-preview":"max-video-preview:-1"},"canonical":"https:\/\/www.roadtowc.com\/es\/tunez-mundial-2026-preview-2\/","og_locale":"es_ES","og_type":"article","og_title":"T\u00fanez en el Mundial 2026: Las \u00c1guilas de Cartago se elevan - Road to the World Cup","og_description":"T\u00fanez en el Mundial 2026: Grupo F con Pa\u00edses Bajos, Jap\u00f3n y Suecia. Las \u00c1guilas de Cartago compiten en su octavo Mundial con un plantel que combina juventud y experiencia.","og_url":"https:\/\/www.roadtowc.com\/es\/tunez-mundial-2026-preview-2\/","og_site_name":"Road to the World Cup","article_published_time":"2026-05-01T19:42:23+00:00","article_modified_time":"2026-05-01T19:55:04+00:00","og_image":[{"width":640,"height":427,"url":"https:\/\/www.roadtowc.com\/wp-content\/uploads\/2026\/05\/tunisia-2026-world-cup-flag.png","type":"image\/png"}],"author":"hjfraind","twitter_card":"summary_large_image","twitter_creator":"@roadtowc","twitter_site":"@roadtowc","twitter_misc":{"Escrito por":"hjfraind","Tiempo de lectura":"1 minuto"},"schema":{"@context":"https:\/\/schema.org","@graph":[{"@type":"Article","@id":"https:\/\/www.roadtowc.com\/es\/tunez-mundial-2026-preview-2\/#article","isPartOf":{"@id":"https:\/\/www.roadtowc.com\/es\/tunez-mundial-2026-preview-2\/"},"author":{"name":"hjfraind","@id":"https:\/\/www.roadtowc.com\/es\/#\/schema\/person\/e027536b8c7766a032254f303dcd7bba"},"headline":"T\u00fanez en el Mundial 2026: Las \u00c1guilas de Cartago se elevan","datePublished":"2026-05-01T19:42:23+00:00","dateModified":"2026-05-01T19:55:04+00:00","mainEntityOfPage":{"@id":"https:\/\/www.roadtowc.com\/es\/tunez-mundial-2026-preview-2\/"},"wordCount":221,"publisher":{"@id":"https:\/\/www.roadtowc.com\/es\/#organization"},"image":{"@id":"https:\/\/www.roadtowc.com\/es\/tunez-mundial-2026-preview-2\/#primaryimage"},"thumbnailUrl":"https:\/\/www.roadtowc.com\/wp-content\/uploads\/2026\/05\/tunisia-2026-world-cup-flag.png","articleSection":["Noticias"],"inLanguage":"es"},{"@type":"WebPage","@id":"https:\/\/www.roadtowc.com\/es\/tunez-mundial-2026-preview-2\/","url":"https:\/\/www.roadtowc.com\/es\/tunez-mundial-2026-preview-2\/","name":"T\u00fanez en el Mundial 2026: Las \u00c1guilas de Cartago se elevan - Road to the World Cup","isPartOf":{"@id":"https:\/\/www.roadtowc.com\/es\/#website"},"primaryImageOfPage":{"@id":"https:\/\/www.roadtowc.com\/es\/tunez-mundial-2026-preview-2\/#primaryimage"},"image":{"@id":"https:\/\/www.roadtowc.com\/es\/tunez-mundial-2026-preview-2\/#primaryimage"},"thumbnailUrl":"https:\/\/www.roadtowc.com\/wp-content\/uploads\/2026\/05\/tunisia-2026-world-cup-flag.png","datePublished":"2026-05-01T19:42:23+00:00","dateModified":"2026-05-01T19:55:04+00:00","description":"T\u00fanez en el Mundial 2026: Grupo F con Pa\u00edses Bajos, Jap\u00f3n y Suecia. Las \u00c1guilas de Cartago compiten en su octavo Mundial con un plantel que combina juventud y experiencia.","breadcrumb":{"@id":"https:\/\/www.roadtowc.com\/es\/tunez-mundial-2026-preview-2\/#breadcrumb"},"inLanguage":"es","potentialAction":[{"@type":"ReadAction","target":["https:\/\/www.roadtowc.com\/es\/tunez-mundial-2026-preview-2\/"]}]},{"@type":"ImageObject","inLanguage":"es","@id":"https:\/\/www.roadtowc.com\/es\/tunez-mundial-2026-preview-2\/#primaryimage","url":"https:\/\/www.roadtowc.com\/wp-content\/uploads\/2026\/05\/tunisia-2026-world-cup-flag.png","contentUrl":"https:\/\/www.roadtowc.com\/wp-content\/uploads\/2026\/05\/tunisia-2026-world-cup-flag.png","width":640,"height":427,"caption":"Tunisia at the 2026 FIFA World Cup: The Eagles of Carthage Rise flag"},{"@type":"BreadcrumbList","@id":"https:\/\/www.roadtowc.com\/es\/tunez-mundial-2026-preview-2\/#breadcrumb","itemListElement":[{"@type":"ListItem","position":1,"name":"Home","item":"https:\/\/www.roadtowc.com\/es\/"},{"@type":"ListItem","position":2,"name":"T\u00fanez en el Mundial 2026: Las \u00c1guilas de Cartago se elevan"}]},{"@type":"WebSite","@id":"https:\/\/www.roadtowc.com\/es\/#website","url":"https:\/\/www.roadtowc.com\/es\/","name":"Road to the World Cup","description":"Tu gu\u00eda definitiva para la Copa Mundial de la FIFA 2026: noticias, informaci\u00f3n sobre boletos, sedes y m\u00e1s, con toda la cobertura a medida que se acerca el torneo en Estados Unidos, M\u00e9xico y Canad\u00e1.","publisher":{"@id":"https:\/\/www.roadtowc.com\/es\/#organization"},"alternateName":"Road to the World Cup","potentialAction":[{"@type":"SearchAction","target":{"@type":"EntryPoint","urlTemplate":"https:\/\/www.roadtowc.com\/es\/?s={search_term_string}"},"query-input":{"@type":"PropertyValueSpecification","valueRequired":true,"valueName":"search_term_string"}}],"inLanguage":"es"},{"@type":"Organization","@id":"https:\/\/www.roadtowc.com\/es\/#organization","name":"Road to the World Cup","alternateName":"Road to the World Cup","url":"https:\/\/www.roadtowc.com\/es\/","logo":{"@type":"ImageObject","inLanguage":"es","@id":"https:\/\/www.roadtowc.com\/es\/#\/schema\/logo\/image\/","url":"https:\/\/www.roadtowc.com\/wp-content\/uploads\/2024\/07\/New-Logo-head.png","contentUrl":"https:\/\/www.roadtowc.com\/wp-content\/uploads\/2024\/07\/New-Logo-head.png","width":1228,"height":1037,"caption":"Road to the World Cup"},"image":{"@id":"https:\/\/www.roadtowc.com\/es\/#\/schema\/logo\/image\/"},"sameAs":["https:\/\/x.com\/roadtowc"]},{"@type":"Person","@id":"https:\/\/www.roadtowc.com\/es\/#\/schema\/person\/e027536b8c7766a032254f303dcd7bba","name":"hjfraind","image":{"@type":"ImageObject","inLanguage":"es","@id":"https:\/\/secure.gravatar.com\/avatar\/bacbd4bf5f8418d0b903099430d35c7b7e630f7280cfd5f56ba26a6170010cd4?s=96&d=mm&r=g","url":"https:\/\/secure.gravatar.com\/avatar\/bacbd4bf5f8418d0b903099430d35c7b7e630f7280cfd5f56ba26a6170010cd4?s=96&d=mm&r=g","contentUrl":"https:\/\/secure.gravatar.com\/avatar\/bacbd4bf5f8418d0b903099430d35c7b7e630f7280cfd5f56ba26a6170010cd4?s=96&d=mm&r=g","caption":"hjfraind"},"sameAs":["http:\/\/www.roadtowc.com"],"url":"https:\/\/www.roadtowc.com\/es\/author\/hjfraind\/"}]}},"_links":{"self":[{"href":"https:\/\/www.roadtowc.com\/es\/wp-json\/wp\/v2\/posts\/11975","targetHints":{"allow":["GET"]}}],"collection":[{"href":"https:\/\/www.roadtowc.com\/es\/wp-json\/wp\/v2\/posts"}],"about":[{"href":"https:\/\/www.roadtowc.com\/es\/wp-json\/wp\/v2\/types\/post"}],"author":[{"embeddable":true,"href":"https:\/\/www.roadtowc.com\/es\/wp-json\/wp\/v2\/users\/1"}],"replies":[{"embeddable":true,"href":"https:\/\/www.roadtowc.com\/es\/wp-json\/wp\/v2\/comments?post=11975"}],"version-history":[{"count":1,"href":"https:\/\/www.roadtowc.com\/es\/wp-json\/wp\/v2\/posts\/11975\/revisions"}],"predecessor-version":[{"id":12284,"href":"https:\/\/www.roadtowc.com\/es\/wp-json\/wp\/v2\/posts\/11975\/revisions\/12284"}],"wp:featuredmedia":[{"embeddable":true,"href":"https:\/\/www.roadtowc.com\/es\/wp-json\/wp\/v2\/media\/12281"}],"wp:attachment":[{"href":"https:\/\/www.roadtowc.com\/es\/wp-json\/wp\/v2\/media?parent=11975"}],"wp:term":[{"taxonomy":"category","embeddable":true,"href":"https:\/\/www.roadtowc.com\/es\/wp-json\/wp\/v2\/categories?post=11975"},{"taxonomy":"post_tag","embeddable":true,"href":"https:\/\/www.roadtowc.com\/es\/wp-json\/wp\/v2\/tags?post=11975"}],"curies":[{"name":"wp","href":"https:\/\/api.w.org\/{rel}","templated":true}]}}