{"id":11978,"date":"2026-05-01T15:42:25","date_gmt":"2026-05-01T19:42:25","guid":{"rendered":"https:\/\/www.roadtowc.com\/suecia-mundial-2026-preview-2\/"},"modified":"2026-05-01T15:55:09","modified_gmt":"2026-05-01T19:55:09","slug":"suecia-mundial-2026-preview-2","status":"publish","type":"post","link":"https:\/\/www.roadtowc.com\/es\/suecia-mundial-2026-preview-2\/","title":{"rendered":"Suecia en el Mundial 2026: Viktor Gy\u00f6keres y la nueva era"},"content":{"rendered":"<p><strong>Suecia<\/strong> regresa al Mundial a trav\u00e9s de los playoffs de la UEFA, clasific\u00e1ndose con la convicci\u00f3n de que una nueva era del f\u00fatbol sueco est\u00e1 lista para dejar su huella. La generaci\u00f3n post-Zlatan encontr\u00f3 su l\u00edder en <strong>Viktor Gy\u00f6keres<\/strong> \u2014 el delantero del Sporting CP que tuvo una de las temporadas m\u00e1s extraordinarias del f\u00fatbol europeo.<\/p>\n<p>Bajo la direcci\u00f3n del entrenador <strong>Jon Dahl Tomasson<\/strong>, Suecia juega un f\u00fatbol pragm\u00e1tico pero efectivo. En el <strong>Grupo F<\/strong> junto a Pa\u00edses Bajos, Jap\u00f3n y T\u00fanez, Suecia enfrenta un camino competitivo hacia los octavos.<\/p>\n<h3>La Nueva Generaci\u00f3n<\/h3>\n<p>El famoso cuarto de final en el Mundial 2018 \u2014 logrado sin Zlatan Ibrahimovi\u0107 \u2014 demostr\u00f3 que el equipo puede competir sin su leyenda. Gy\u00f6keres es ahora el estandarte, y su forma en el club exige que el mundo tome a Suecia en serio en 2026.<\/p>\n<h3>Jugadores Clave<\/h3>\n<ul>\n<li><strong>Viktor Gy\u00f6keres<\/strong> \u2013 Uno de los delanteros m\u00e1s letales de Europa, la m\u00e1quina goleadora del Sporting CP<\/li>\n<li><strong>Alexander Isak<\/strong> \u2013 Veloz y cl\u00ednico delantero del Newcastle<\/li>\n<li><strong>Dejan Kulusevski<\/strong> \u2013 La fuerza creativa del Tottenham<\/li>\n<li><strong>Emil Forsberg<\/strong> \u2013 Veterano creativo que controla el tempo y crea oportunidades<\/li>\n<\/ul>\n<p>Suecia est\u00e1 lista para hacer ruido en el Mundial 2026. La forma de Gy\u00f6keres da miedo \u2014 y los delanteros que dan miedo en los Mundiales tienden a producir magia.<\/p>\n","protected":false},"excerpt":{"rendered":"<p>Suecia regresa al Mundial a trav\u00e9s de los playoffs de la UEFA con Viktor Gy\u00f6keres como su punta de lanza. El Bl\u00e5gult enfrenta a Pa\u00edses Bajos, Jap\u00f3n y T\u00fanez en el Grupo F marcando una nueva era del f\u00fatbol sueco.<\/p>\n","protected":false},"author":1,"featured_media":12287,"comment_status":"closed","ping_status":"closed","sticky":false,"template":"","format":"standard","meta":{"footnotes":""},"categories":[23],"tags":[],"class_list":["post-11978","post","type-post","status-publish","format-standard","has-post-thumbnail","hentry","category-noticias"],"yoast_head":"<!-- This site is optimized with the Yoast SEO plugin v27.5 - https:\/\/yoast.com\/product\/yoast-seo-wordpress\/ -->\n<title>Suecia en el Mundial 2026: Viktor Gy\u00f6keres y la nueva era - Road to the World Cup<\/title>\n<meta name=\"description\" content=\"Suecia en el Mundial 2026: clasificados via playoff UEFA en el Grupo F con Pa\u00edses Bajos, Jap\u00f3n y T\u00fanez. Viktor Gy\u00f6keres lidera la nueva generaci\u00f3n sueca.\" \/>\n<meta name=\"robots\" content=\"index, follow, max-snippet:-1, max-image-preview:large, max-video-preview:-1\" \/>\n<link rel=\"canonical\" href=\"https:\/\/www.roadtowc.com\/es\/suecia-mundial-2026-preview-2\/\" \/>\n<meta property=\"og:locale\" content=\"es_ES\" \/>\n<meta property=\"og:type\" content=\"article\" \/>\n<meta property=\"og:title\" content=\"Suecia en el Mundial 2026: Viktor Gy\u00f6keres y la nueva era - Road to the World Cup\" \/>\n<meta property=\"og:description\" content=\"Suecia en el Mundial 2026: clasificados via playoff UEFA en el Grupo F con Pa\u00edses Bajos, Jap\u00f3n y T\u00fanez. Viktor Gy\u00f6keres lidera la nueva generaci\u00f3n sueca.\" \/>\n<meta property=\"og:url\" content=\"https:\/\/www.roadtowc.com\/es\/suecia-mundial-2026-preview-2\/\" \/>\n<meta property=\"og:site_name\" content=\"Road to the World Cup\" \/>\n<meta property=\"article:published_time\" content=\"2026-05-01T19:42:25+00:00\" \/>\n<meta property=\"article:modified_time\" content=\"2026-05-01T19:55:09+00:00\" \/>\n<meta property=\"og:image\" content=\"https:\/\/www.roadtowc.com\/wp-content\/uploads\/2026\/05\/sweden-2026-world-cup-flag.png\" \/>\n\t<meta property=\"og:image:width\" content=\"640\" \/>\n\t<meta property=\"og:image:height\" content=\"400\" \/>\n\t<meta property=\"og:image:type\" content=\"image\/png\" \/>\n<meta name=\"author\" content=\"hjfraind\" \/>\n<meta name=\"twitter:card\" content=\"summary_large_image\" \/>\n<meta name=\"twitter:creator\" content=\"@roadtowc\" \/>\n<meta name=\"twitter:site\" content=\"@roadtowc\" \/>\n<meta name=\"twitter:label1\" content=\"Escrito por\" \/>\n\t<meta name=\"twitter:data1\" content=\"hjfraind\" \/>\n\t<meta name=\"twitter:label2\" content=\"Tiempo de lectura\" \/>\n\t<meta name=\"twitter:data2\" content=\"1 minuto\" \/>\n<script type=\"application\/ld+json\" class=\"yoast-schema-graph\">{\"@context\":\"https:\\\/\\\/schema.org\",\"@graph\":[{\"@type\":\"Article\",\"@id\":\"https:\\\/\\\/www.roadtowc.com\\\/es\\\/suecia-mundial-2026-preview-2\\\/#article\",\"isPartOf\":{\"@id\":\"https:\\\/\\\/www.roadtowc.com\\\/es\\\/suecia-mundial-2026-preview-2\\\/\"},\"author\":{\"name\":\"hjfraind\",\"@id\":\"https:\\\/\\\/www.roadtowc.com\\\/es\\\/#\\\/schema\\\/person\\\/e027536b8c7766a032254f303dcd7bba\"},\"headline\":\"Suecia en el Mundial 2026: Viktor Gy\u00f6keres y la nueva era\",\"datePublished\":\"2026-05-01T19:42:25+00:00\",\"dateModified\":\"2026-05-01T19:55:09+00:00\",\"mainEntityOfPage\":{\"@id\":\"https:\\\/\\\/www.roadtowc.com\\\/es\\\/suecia-mundial-2026-preview-2\\\/\"},\"wordCount\":239,\"publisher\":{\"@id\":\"https:\\\/\\\/www.roadtowc.com\\\/es\\\/#organization\"},\"image\":{\"@id\":\"https:\\\/\\\/www.roadtowc.com\\\/es\\\/suecia-mundial-2026-preview-2\\\/#primaryimage\"},\"thumbnailUrl\":\"https:\\\/\\\/www.roadtowc.com\\\/wp-content\\\/uploads\\\/2026\\\/05\\\/sweden-2026-world-cup-flag.png\",\"articleSection\":[\"Noticias\"],\"inLanguage\":\"es\"},{\"@type\":\"WebPage\",\"@id\":\"https:\\\/\\\/www.roadtowc.com\\\/es\\\/suecia-mundial-2026-preview-2\\\/\",\"url\":\"https:\\\/\\\/www.roadtowc.com\\\/es\\\/suecia-mundial-2026-preview-2\\\/\",\"name\":\"Suecia en el Mundial 2026: Viktor Gy\u00f6keres y la nueva era - Road to the World Cup\",\"isPartOf\":{\"@id\":\"https:\\\/\\\/www.roadtowc.com\\\/es\\\/#website\"},\"primaryImageOfPage\":{\"@id\":\"https:\\\/\\\/www.roadtowc.com\\\/es\\\/suecia-mundial-2026-preview-2\\\/#primaryimage\"},\"image\":{\"@id\":\"https:\\\/\\\/www.roadtowc.com\\\/es\\\/suecia-mundial-2026-preview-2\\\/#primaryimage\"},\"thumbnailUrl\":\"https:\\\/\\\/www.roadtowc.com\\\/wp-content\\\/uploads\\\/2026\\\/05\\\/sweden-2026-world-cup-flag.png\",\"datePublished\":\"2026-05-01T19:42:25+00:00\",\"dateModified\":\"2026-05-01T19:55:09+00:00\",\"description\":\"Suecia en el Mundial 2026: clasificados via playoff UEFA en el Grupo F con Pa\u00edses Bajos, Jap\u00f3n y T\u00fanez. Viktor Gy\u00f6keres lidera la nueva generaci\u00f3n sueca.\",\"breadcrumb\":{\"@id\":\"https:\\\/\\\/www.roadtowc.com\\\/es\\\/suecia-mundial-2026-preview-2\\\/#breadcrumb\"},\"inLanguage\":\"es\",\"potentialAction\":[{\"@type\":\"ReadAction\",\"target\":[\"https:\\\/\\\/www.roadtowc.com\\\/es\\\/suecia-mundial-2026-preview-2\\\/\"]}]},{\"@type\":\"ImageObject\",\"inLanguage\":\"es\",\"@id\":\"https:\\\/\\\/www.roadtowc.com\\\/es\\\/suecia-mundial-2026-preview-2\\\/#primaryimage\",\"url\":\"https:\\\/\\\/www.roadtowc.com\\\/wp-content\\\/uploads\\\/2026\\\/05\\\/sweden-2026-world-cup-flag.png\",\"contentUrl\":\"https:\\\/\\\/www.roadtowc.com\\\/wp-content\\\/uploads\\\/2026\\\/05\\\/sweden-2026-world-cup-flag.png\",\"width\":640,\"height\":400,\"caption\":\"Sweden at the 2026 FIFA World Cup: Viktor Gy\u00f6keres and the New Era flag\"},{\"@type\":\"BreadcrumbList\",\"@id\":\"https:\\\/\\\/www.roadtowc.com\\\/es\\\/suecia-mundial-2026-preview-2\\\/#breadcrumb\",\"itemListElement\":[{\"@type\":\"ListItem\",\"position\":1,\"name\":\"Home\",\"item\":\"https:\\\/\\\/www.roadtowc.com\\\/es\\\/\"},{\"@type\":\"ListItem\",\"position\":2,\"name\":\"Suecia en el Mundial 2026: Viktor Gy\u00f6keres y la nueva era\"}]},{\"@type\":\"WebSite\",\"@id\":\"https:\\\/\\\/www.roadtowc.com\\\/es\\\/#website\",\"url\":\"https:\\\/\\\/www.roadtowc.com\\\/es\\\/\",\"name\":\"Road to the World Cup\",\"description\":\"Tu gu\u00eda definitiva para la Copa Mundial de la FIFA 2026: noticias, informaci\u00f3n sobre boletos, sedes y m\u00e1s, con toda la cobertura a medida que se acerca el torneo en Estados Unidos, M\u00e9xico y Canad\u00e1.\",\"publisher\":{\"@id\":\"https:\\\/\\\/www.roadtowc.com\\\/es\\\/#organization\"},\"alternateName\":\"Road to the World Cup\",\"potentialAction\":[{\"@type\":\"SearchAction\",\"target\":{\"@type\":\"EntryPoint\",\"urlTemplate\":\"https:\\\/\\\/www.roadtowc.com\\\/es\\\/?s={search_term_string}\"},\"query-input\":{\"@type\":\"PropertyValueSpecification\",\"valueRequired\":true,\"valueName\":\"search_term_string\"}}],\"inLanguage\":\"es\"},{\"@type\":\"Organization\",\"@id\":\"https:\\\/\\\/www.roadtowc.com\\\/es\\\/#organization\",\"name\":\"Road to the World Cup\",\"alternateName\":\"Road to the World Cup\",\"url\":\"https:\\\/\\\/www.roadtowc.com\\\/es\\\/\",\"logo\":{\"@type\":\"ImageObject\",\"inLanguage\":\"es\",\"@id\":\"https:\\\/\\\/www.roadtowc.com\\\/es\\\/#\\\/schema\\\/logo\\\/image\\\/\",\"url\":\"https:\\\/\\\/www.roadtowc.com\\\/wp-content\\\/uploads\\\/2024\\\/07\\\/New-Logo-head.png\",\"contentUrl\":\"https:\\\/\\\/www.roadtowc.com\\\/wp-content\\\/uploads\\\/2024\\\/07\\\/New-Logo-head.png\",\"width\":1228,\"height\":1037,\"caption\":\"Road to the World Cup\"},\"image\":{\"@id\":\"https:\\\/\\\/www.roadtowc.com\\\/es\\\/#\\\/schema\\\/logo\\\/image\\\/\"},\"sameAs\":[\"https:\\\/\\\/x.com\\\/roadtowc\"]},{\"@type\":\"Person\",\"@id\":\"https:\\\/\\\/www.roadtowc.com\\\/es\\\/#\\\/schema\\\/person\\\/e027536b8c7766a032254f303dcd7bba\",\"name\":\"hjfraind\",\"image\":{\"@type\":\"ImageObject\",\"inLanguage\":\"es\",\"@id\":\"https:\\\/\\\/secure.gravatar.com\\\/avatar\\\/bacbd4bf5f8418d0b903099430d35c7b7e630f7280cfd5f56ba26a6170010cd4?s=96&d=mm&r=g\",\"url\":\"https:\\\/\\\/secure.gravatar.com\\\/avatar\\\/bacbd4bf5f8418d0b903099430d35c7b7e630f7280cfd5f56ba26a6170010cd4?s=96&d=mm&r=g\",\"contentUrl\":\"https:\\\/\\\/secure.gravatar.com\\\/avatar\\\/bacbd4bf5f8418d0b903099430d35c7b7e630f7280cfd5f56ba26a6170010cd4?s=96&d=mm&r=g\",\"caption\":\"hjfraind\"},\"sameAs\":[\"http:\\\/\\\/www.roadtowc.com\"],\"url\":\"https:\\\/\\\/www.roadtowc.com\\\/es\\\/author\\\/hjfraind\\\/\"}]}<\/script>\n<!-- \/ Yoast SEO plugin. -->","yoast_head_json":{"title":"Suecia en el Mundial 2026: Viktor Gy\u00f6keres y la nueva era - Road to the World Cup","description":"Suecia en el Mundial 2026: clasificados via playoff UEFA en el Grupo F con Pa\u00edses Bajos, Jap\u00f3n y T\u00fanez. Viktor Gy\u00f6keres lidera la nueva generaci\u00f3n sueca.","robots":{"index":"index","follow":"follow","max-snippet":"max-snippet:-1","max-image-preview":"max-image-preview:large","max-video-preview":"max-video-preview:-1"},"canonical":"https:\/\/www.roadtowc.com\/es\/suecia-mundial-2026-preview-2\/","og_locale":"es_ES","og_type":"article","og_title":"Suecia en el Mundial 2026: Viktor Gy\u00f6keres y la nueva era - Road to the World Cup","og_description":"Suecia en el Mundial 2026: clasificados via playoff UEFA en el Grupo F con Pa\u00edses Bajos, Jap\u00f3n y T\u00fanez. Viktor Gy\u00f6keres lidera la nueva generaci\u00f3n sueca.","og_url":"https:\/\/www.roadtowc.com\/es\/suecia-mundial-2026-preview-2\/","og_site_name":"Road to the World Cup","article_published_time":"2026-05-01T19:42:25+00:00","article_modified_time":"2026-05-01T19:55:09+00:00","og_image":[{"width":640,"height":400,"url":"https:\/\/www.roadtowc.com\/wp-content\/uploads\/2026\/05\/sweden-2026-world-cup-flag.png","type":"image\/png"}],"author":"hjfraind","twitter_card":"summary_large_image","twitter_creator":"@roadtowc","twitter_site":"@roadtowc","twitter_misc":{"Escrito por":"hjfraind","Tiempo de lectura":"1 minuto"},"schema":{"@context":"https:\/\/schema.org","@graph":[{"@type":"Article","@id":"https:\/\/www.roadtowc.com\/es\/suecia-mundial-2026-preview-2\/#article","isPartOf":{"@id":"https:\/\/www.roadtowc.com\/es\/suecia-mundial-2026-preview-2\/"},"author":{"name":"hjfraind","@id":"https:\/\/www.roadtowc.com\/es\/#\/schema\/person\/e027536b8c7766a032254f303dcd7bba"},"headline":"Suecia en el Mundial 2026: Viktor Gy\u00f6keres y la nueva era","datePublished":"2026-05-01T19:42:25+00:00","dateModified":"2026-05-01T19:55:09+00:00","mainEntityOfPage":{"@id":"https:\/\/www.roadtowc.com\/es\/suecia-mundial-2026-preview-2\/"},"wordCount":239,"publisher":{"@id":"https:\/\/www.roadtowc.com\/es\/#organization"},"image":{"@id":"https:\/\/www.roadtowc.com\/es\/suecia-mundial-2026-preview-2\/#primaryimage"},"thumbnailUrl":"https:\/\/www.roadtowc.com\/wp-content\/uploads\/2026\/05\/sweden-2026-world-cup-flag.png","articleSection":["Noticias"],"inLanguage":"es"},{"@type":"WebPage","@id":"https:\/\/www.roadtowc.com\/es\/suecia-mundial-2026-preview-2\/","url":"https:\/\/www.roadtowc.com\/es\/suecia-mundial-2026-preview-2\/","name":"Suecia en el Mundial 2026: Viktor Gy\u00f6keres y la nueva era - Road to the World Cup","isPartOf":{"@id":"https:\/\/www.roadtowc.com\/es\/#website"},"primaryImageOfPage":{"@id":"https:\/\/www.roadtowc.com\/es\/suecia-mundial-2026-preview-2\/#primaryimage"},"image":{"@id":"https:\/\/www.roadtowc.com\/es\/suecia-mundial-2026-preview-2\/#primaryimage"},"thumbnailUrl":"https:\/\/www.roadtowc.com\/wp-content\/uploads\/2026\/05\/sweden-2026-world-cup-flag.png","datePublished":"2026-05-01T19:42:25+00:00","dateModified":"2026-05-01T19:55:09+00:00","description":"Suecia en el Mundial 2026: clasificados via playoff UEFA en el Grupo F con Pa\u00edses Bajos, Jap\u00f3n y T\u00fanez. Viktor Gy\u00f6keres lidera la nueva generaci\u00f3n sueca.","breadcrumb":{"@id":"https:\/\/www.roadtowc.com\/es\/suecia-mundial-2026-preview-2\/#breadcrumb"},"inLanguage":"es","potentialAction":[{"@type":"ReadAction","target":["https:\/\/www.roadtowc.com\/es\/suecia-mundial-2026-preview-2\/"]}]},{"@type":"ImageObject","inLanguage":"es","@id":"https:\/\/www.roadtowc.com\/es\/suecia-mundial-2026-preview-2\/#primaryimage","url":"https:\/\/www.roadtowc.com\/wp-content\/uploads\/2026\/05\/sweden-2026-world-cup-flag.png","contentUrl":"https:\/\/www.roadtowc.com\/wp-content\/uploads\/2026\/05\/sweden-2026-world-cup-flag.png","width":640,"height":400,"caption":"Sweden at the 2026 FIFA World Cup: Viktor Gy\u00f6keres and the New Era flag"},{"@type":"BreadcrumbList","@id":"https:\/\/www.roadtowc.com\/es\/suecia-mundial-2026-preview-2\/#breadcrumb","itemListElement":[{"@type":"ListItem","position":1,"name":"Home","item":"https:\/\/www.roadtowc.com\/es\/"},{"@type":"ListItem","position":2,"name":"Suecia en el Mundial 2026: Viktor Gy\u00f6keres y la nueva era"}]},{"@type":"WebSite","@id":"https:\/\/www.roadtowc.com\/es\/#website","url":"https:\/\/www.roadtowc.com\/es\/","name":"Road to the World Cup","description":"Tu gu\u00eda definitiva para la Copa Mundial de la FIFA 2026: noticias, informaci\u00f3n sobre boletos, sedes y m\u00e1s, con toda la cobertura a medida que se acerca el torneo en Estados Unidos, M\u00e9xico y Canad\u00e1.","publisher":{"@id":"https:\/\/www.roadtowc.com\/es\/#organization"},"alternateName":"Road to the World Cup","potentialAction":[{"@type":"SearchAction","target":{"@type":"EntryPoint","urlTemplate":"https:\/\/www.roadtowc.com\/es\/?s={search_term_string}"},"query-input":{"@type":"PropertyValueSpecification","valueRequired":true,"valueName":"search_term_string"}}],"inLanguage":"es"},{"@type":"Organization","@id":"https:\/\/www.roadtowc.com\/es\/#organization","name":"Road to the World Cup","alternateName":"Road to the World Cup","url":"https:\/\/www.roadtowc.com\/es\/","logo":{"@type":"ImageObject","inLanguage":"es","@id":"https:\/\/www.roadtowc.com\/es\/#\/schema\/logo\/image\/","url":"https:\/\/www.roadtowc.com\/wp-content\/uploads\/2024\/07\/New-Logo-head.png","contentUrl":"https:\/\/www.roadtowc.com\/wp-content\/uploads\/2024\/07\/New-Logo-head.png","width":1228,"height":1037,"caption":"Road to the World Cup"},"image":{"@id":"https:\/\/www.roadtowc.com\/es\/#\/schema\/logo\/image\/"},"sameAs":["https:\/\/x.com\/roadtowc"]},{"@type":"Person","@id":"https:\/\/www.roadtowc.com\/es\/#\/schema\/person\/e027536b8c7766a032254f303dcd7bba","name":"hjfraind","image":{"@type":"ImageObject","inLanguage":"es","@id":"https:\/\/secure.gravatar.com\/avatar\/bacbd4bf5f8418d0b903099430d35c7b7e630f7280cfd5f56ba26a6170010cd4?s=96&d=mm&r=g","url":"https:\/\/secure.gravatar.com\/avatar\/bacbd4bf5f8418d0b903099430d35c7b7e630f7280cfd5f56ba26a6170010cd4?s=96&d=mm&r=g","contentUrl":"https:\/\/secure.gravatar.com\/avatar\/bacbd4bf5f8418d0b903099430d35c7b7e630f7280cfd5f56ba26a6170010cd4?s=96&d=mm&r=g","caption":"hjfraind"},"sameAs":["http:\/\/www.roadtowc.com"],"url":"https:\/\/www.roadtowc.com\/es\/author\/hjfraind\/"}]}},"_links":{"self":[{"href":"https:\/\/www.roadtowc.com\/es\/wp-json\/wp\/v2\/posts\/11978","targetHints":{"allow":["GET"]}}],"collection":[{"href":"https:\/\/www.roadtowc.com\/es\/wp-json\/wp\/v2\/posts"}],"about":[{"href":"https:\/\/www.roadtowc.com\/es\/wp-json\/wp\/v2\/types\/post"}],"author":[{"embeddable":true,"href":"https:\/\/www.roadtowc.com\/es\/wp-json\/wp\/v2\/users\/1"}],"replies":[{"embeddable":true,"href":"https:\/\/www.roadtowc.com\/es\/wp-json\/wp\/v2\/comments?post=11978"}],"version-history":[{"count":1,"href":"https:\/\/www.roadtowc.com\/es\/wp-json\/wp\/v2\/posts\/11978\/revisions"}],"predecessor-version":[{"id":12290,"href":"https:\/\/www.roadtowc.com\/es\/wp-json\/wp\/v2\/posts\/11978\/revisions\/12290"}],"wp:featuredmedia":[{"embeddable":true,"href":"https:\/\/www.roadtowc.com\/es\/wp-json\/wp\/v2\/media\/12287"}],"wp:attachment":[{"href":"https:\/\/www.roadtowc.com\/es\/wp-json\/wp\/v2\/media?parent=11978"}],"wp:term":[{"taxonomy":"category","embeddable":true,"href":"https:\/\/www.roadtowc.com\/es\/wp-json\/wp\/v2\/categories?post=11978"},{"taxonomy":"post_tag","embeddable":true,"href":"https:\/\/www.roadtowc.com\/es\/wp-json\/wp\/v2\/tags?post=11978"}],"curies":[{"name":"wp","href":"https:\/\/api.w.org\/{rel}","templated":true}]}}