{"id":12029,"date":"2026-05-01T15:43:02","date_gmt":"2026-05-01T19:43:02","guid":{"rendered":"https:\/\/www.roadtowc.com\/portugal-mundial-2026-2\/"},"modified":"2026-05-01T15:56:39","modified_gmt":"2026-05-01T19:56:39","slug":"portugal-mundial-2026-2","status":"publish","type":"post","link":"https:\/\/www.roadtowc.com\/es\/portugal-mundial-2026-2\/","title":{"rendered":"Portugal en el Mundial 2026: A Selec\u00e3o busca su primer t\u00edtulo mundial"},"content":{"rendered":"<p>Portugal llega al Mundial 2026 en un momento apasionante de transici\u00f3n. La era post-Cristiano Ronaldo est\u00e1 ahora plenamente en marcha, y una talentosa nueva generaci\u00f3n \u2014 liderada por Bruno Fernandes \u2014 est\u00e1 ansiosa por demostrar que Portugal puede ganar un Mundial sin su legendario n\u00famero siete.<\/p>\n<h3>Jugadores clave<\/h3>\n<ul>\n<li><strong>Bruno Fernandes<\/strong> \u2013 El capit\u00e1n del Manchester United es el l\u00edder indiscutido de la selecci\u00f3n portuguesa, aportando creatividad y goles.<\/li>\n<li><strong>Rafael Le\u00e3o<\/strong> \u2013 El extremo del AC Milan es uno de los atacantes m\u00e1s peligrosos del f\u00fatbol mundial, con velocidad y habilidad devastadoras.<\/li>\n<li><strong>R\u00faben Dias<\/strong> \u2013 El central del Manchester City es el pilar defensivo de Portugal \u2014 uno de los mejores defensores del mundo.<\/li>\n<li><strong>Diogo Costa<\/strong> \u2013 El arquero del Porto que ha emergido como uno de los mejores de Europa.<\/li>\n<\/ul>\n<h3>Camino al Mundial<\/h3>\n<p>Portugal clasific\u00f3 con relativa facilidad a trav\u00e9s de la UEFA, ganando su grupo. La transici\u00f3n desde la era Ronaldo ha sido m\u00e1s fluida de lo esperado, con un estilo colectivo que emerge bajo la gu\u00eda del cuerpo t\u00e9cnico.<\/p>\n<h3>Rivales en el Grupo K<\/h3>\n<p>Portugal enfrenta a Colombia, Uzbekist\u00e1n y DR Congo en el Grupo K \u2014 un grupo que se espera que encabece con comodidad para encarar una profunda campa\u00f1a en la fase eliminatoria.<\/p>\n<h3>Perspectiva<\/h3>\n<p>Portugal es un candidato oscuro genuino. Con el sorteo correcto en la eliminatoria, tienen el plantel para llegar lejos. La clave es si pueden manejar la presi\u00f3n de ser favoritos por primera vez sin Ronaldo.<\/p>\n","protected":false},"excerpt":{"rendered":"<p>Portugal entra al Mundial 2026 en transici\u00f3n \u2014 con Bruno Fernandes liderando una nueva generaci\u00f3n decidida a terminar con la espera del pa\u00eds por un t\u00edtulo mundial.<\/p>\n","protected":false},"author":1,"featured_media":12365,"comment_status":"closed","ping_status":"closed","sticky":false,"template":"","format":"standard","meta":{"footnotes":""},"categories":[23],"tags":[],"class_list":["post-12029","post","type-post","status-publish","format-standard","has-post-thumbnail","hentry","category-noticias"],"yoast_head":"<!-- This site is optimized with the Yoast SEO plugin v27.5 - https:\/\/yoast.com\/product\/yoast-seo-wordpress\/ -->\n<title>Portugal en el Mundial 2026: A Selec\u00e3o busca su primer t\u00edtulo mundial - Road to the World Cup<\/title>\n<meta name=\"description\" content=\"Portugal llega al Mundial 2026 con una generaci\u00f3n dorada liderada por la era post-Ronaldo. A Selec\u00e3o anhela su primer t\u00edtulo mundial.\" \/>\n<meta name=\"robots\" content=\"index, follow, max-snippet:-1, max-image-preview:large, max-video-preview:-1\" \/>\n<link rel=\"canonical\" href=\"https:\/\/www.roadtowc.com\/es\/portugal-mundial-2026-2\/\" \/>\n<meta property=\"og:locale\" content=\"es_ES\" \/>\n<meta property=\"og:type\" content=\"article\" \/>\n<meta property=\"og:title\" content=\"Portugal en el Mundial 2026: A Selec\u00e3o busca su primer t\u00edtulo mundial - Road to the World Cup\" \/>\n<meta property=\"og:description\" content=\"Portugal llega al Mundial 2026 con una generaci\u00f3n dorada liderada por la era post-Ronaldo. A Selec\u00e3o anhela su primer t\u00edtulo mundial.\" \/>\n<meta property=\"og:url\" content=\"https:\/\/www.roadtowc.com\/es\/portugal-mundial-2026-2\/\" \/>\n<meta property=\"og:site_name\" content=\"Road to the World Cup\" \/>\n<meta property=\"article:published_time\" content=\"2026-05-01T19:43:02+00:00\" \/>\n<meta property=\"article:modified_time\" content=\"2026-05-01T19:56:39+00:00\" \/>\n<meta property=\"og:image\" content=\"https:\/\/www.roadtowc.com\/wp-content\/uploads\/2026\/05\/portugal-2026-world-cup-flag-1.png\" \/>\n\t<meta property=\"og:image:width\" content=\"640\" \/>\n\t<meta property=\"og:image:height\" content=\"427\" \/>\n\t<meta property=\"og:image:type\" content=\"image\/png\" \/>\n<meta name=\"author\" content=\"hjfraind\" \/>\n<meta name=\"twitter:card\" content=\"summary_large_image\" \/>\n<meta name=\"twitter:creator\" content=\"@roadtowc\" \/>\n<meta name=\"twitter:site\" content=\"@roadtowc\" \/>\n<meta name=\"twitter:label1\" content=\"Escrito por\" \/>\n\t<meta name=\"twitter:data1\" content=\"hjfraind\" \/>\n\t<meta name=\"twitter:label2\" content=\"Tiempo de lectura\" \/>\n\t<meta name=\"twitter:data2\" content=\"1 minuto\" \/>\n<script type=\"application\/ld+json\" class=\"yoast-schema-graph\">{\"@context\":\"https:\\\/\\\/schema.org\",\"@graph\":[{\"@type\":\"Article\",\"@id\":\"https:\\\/\\\/www.roadtowc.com\\\/es\\\/portugal-mundial-2026-2\\\/#article\",\"isPartOf\":{\"@id\":\"https:\\\/\\\/www.roadtowc.com\\\/es\\\/portugal-mundial-2026-2\\\/\"},\"author\":{\"name\":\"hjfraind\",\"@id\":\"https:\\\/\\\/www.roadtowc.com\\\/es\\\/#\\\/schema\\\/person\\\/e027536b8c7766a032254f303dcd7bba\"},\"headline\":\"Portugal en el Mundial 2026: A Selec\u00e3o busca su primer t\u00edtulo mundial\",\"datePublished\":\"2026-05-01T19:43:02+00:00\",\"dateModified\":\"2026-05-01T19:56:39+00:00\",\"mainEntityOfPage\":{\"@id\":\"https:\\\/\\\/www.roadtowc.com\\\/es\\\/portugal-mundial-2026-2\\\/\"},\"wordCount\":265,\"publisher\":{\"@id\":\"https:\\\/\\\/www.roadtowc.com\\\/es\\\/#organization\"},\"image\":{\"@id\":\"https:\\\/\\\/www.roadtowc.com\\\/es\\\/portugal-mundial-2026-2\\\/#primaryimage\"},\"thumbnailUrl\":\"https:\\\/\\\/www.roadtowc.com\\\/wp-content\\\/uploads\\\/2026\\\/05\\\/portugal-2026-world-cup-flag-1.png\",\"articleSection\":[\"Noticias\"],\"inLanguage\":\"es\"},{\"@type\":\"WebPage\",\"@id\":\"https:\\\/\\\/www.roadtowc.com\\\/es\\\/portugal-mundial-2026-2\\\/\",\"url\":\"https:\\\/\\\/www.roadtowc.com\\\/es\\\/portugal-mundial-2026-2\\\/\",\"name\":\"Portugal en el Mundial 2026: A Selec\u00e3o busca su primer t\u00edtulo mundial - Road to the World Cup\",\"isPartOf\":{\"@id\":\"https:\\\/\\\/www.roadtowc.com\\\/es\\\/#website\"},\"primaryImageOfPage\":{\"@id\":\"https:\\\/\\\/www.roadtowc.com\\\/es\\\/portugal-mundial-2026-2\\\/#primaryimage\"},\"image\":{\"@id\":\"https:\\\/\\\/www.roadtowc.com\\\/es\\\/portugal-mundial-2026-2\\\/#primaryimage\"},\"thumbnailUrl\":\"https:\\\/\\\/www.roadtowc.com\\\/wp-content\\\/uploads\\\/2026\\\/05\\\/portugal-2026-world-cup-flag-1.png\",\"datePublished\":\"2026-05-01T19:43:02+00:00\",\"dateModified\":\"2026-05-01T19:56:39+00:00\",\"description\":\"Portugal llega al Mundial 2026 con una generaci\u00f3n dorada liderada por la era post-Ronaldo. A Selec\u00e3o anhela su primer t\u00edtulo mundial.\",\"breadcrumb\":{\"@id\":\"https:\\\/\\\/www.roadtowc.com\\\/es\\\/portugal-mundial-2026-2\\\/#breadcrumb\"},\"inLanguage\":\"es\",\"potentialAction\":[{\"@type\":\"ReadAction\",\"target\":[\"https:\\\/\\\/www.roadtowc.com\\\/es\\\/portugal-mundial-2026-2\\\/\"]}]},{\"@type\":\"ImageObject\",\"inLanguage\":\"es\",\"@id\":\"https:\\\/\\\/www.roadtowc.com\\\/es\\\/portugal-mundial-2026-2\\\/#primaryimage\",\"url\":\"https:\\\/\\\/www.roadtowc.com\\\/wp-content\\\/uploads\\\/2026\\\/05\\\/portugal-2026-world-cup-flag-1.png\",\"contentUrl\":\"https:\\\/\\\/www.roadtowc.com\\\/wp-content\\\/uploads\\\/2026\\\/05\\\/portugal-2026-world-cup-flag-1.png\",\"width\":640,\"height\":427,\"caption\":\"Portugal at the 2026 World Cup: A Selec\u00e3o's Quest for a First World Title flag\"},{\"@type\":\"BreadcrumbList\",\"@id\":\"https:\\\/\\\/www.roadtowc.com\\\/es\\\/portugal-mundial-2026-2\\\/#breadcrumb\",\"itemListElement\":[{\"@type\":\"ListItem\",\"position\":1,\"name\":\"Home\",\"item\":\"https:\\\/\\\/www.roadtowc.com\\\/es\\\/\"},{\"@type\":\"ListItem\",\"position\":2,\"name\":\"Portugal en el Mundial 2026: A Selec\u00e3o busca su primer t\u00edtulo mundial\"}]},{\"@type\":\"WebSite\",\"@id\":\"https:\\\/\\\/www.roadtowc.com\\\/es\\\/#website\",\"url\":\"https:\\\/\\\/www.roadtowc.com\\\/es\\\/\",\"name\":\"Road to the World Cup\",\"description\":\"Tu gu\u00eda definitiva para la Copa Mundial de la FIFA 2026: noticias, informaci\u00f3n sobre boletos, sedes y m\u00e1s, con toda la cobertura a medida que se acerca el torneo en Estados Unidos, M\u00e9xico y Canad\u00e1.\",\"publisher\":{\"@id\":\"https:\\\/\\\/www.roadtowc.com\\\/es\\\/#organization\"},\"alternateName\":\"Road to the World Cup\",\"potentialAction\":[{\"@type\":\"SearchAction\",\"target\":{\"@type\":\"EntryPoint\",\"urlTemplate\":\"https:\\\/\\\/www.roadtowc.com\\\/es\\\/?s={search_term_string}\"},\"query-input\":{\"@type\":\"PropertyValueSpecification\",\"valueRequired\":true,\"valueName\":\"search_term_string\"}}],\"inLanguage\":\"es\"},{\"@type\":\"Organization\",\"@id\":\"https:\\\/\\\/www.roadtowc.com\\\/es\\\/#organization\",\"name\":\"Road to the World Cup\",\"alternateName\":\"Road to the World Cup\",\"url\":\"https:\\\/\\\/www.roadtowc.com\\\/es\\\/\",\"logo\":{\"@type\":\"ImageObject\",\"inLanguage\":\"es\",\"@id\":\"https:\\\/\\\/www.roadtowc.com\\\/es\\\/#\\\/schema\\\/logo\\\/image\\\/\",\"url\":\"https:\\\/\\\/www.roadtowc.com\\\/wp-content\\\/uploads\\\/2024\\\/07\\\/New-Logo-head.png\",\"contentUrl\":\"https:\\\/\\\/www.roadtowc.com\\\/wp-content\\\/uploads\\\/2024\\\/07\\\/New-Logo-head.png\",\"width\":1228,\"height\":1037,\"caption\":\"Road to the World Cup\"},\"image\":{\"@id\":\"https:\\\/\\\/www.roadtowc.com\\\/es\\\/#\\\/schema\\\/logo\\\/image\\\/\"},\"sameAs\":[\"https:\\\/\\\/x.com\\\/roadtowc\"]},{\"@type\":\"Person\",\"@id\":\"https:\\\/\\\/www.roadtowc.com\\\/es\\\/#\\\/schema\\\/person\\\/e027536b8c7766a032254f303dcd7bba\",\"name\":\"hjfraind\",\"image\":{\"@type\":\"ImageObject\",\"inLanguage\":\"es\",\"@id\":\"https:\\\/\\\/secure.gravatar.com\\\/avatar\\\/bacbd4bf5f8418d0b903099430d35c7b7e630f7280cfd5f56ba26a6170010cd4?s=96&d=mm&r=g\",\"url\":\"https:\\\/\\\/secure.gravatar.com\\\/avatar\\\/bacbd4bf5f8418d0b903099430d35c7b7e630f7280cfd5f56ba26a6170010cd4?s=96&d=mm&r=g\",\"contentUrl\":\"https:\\\/\\\/secure.gravatar.com\\\/avatar\\\/bacbd4bf5f8418d0b903099430d35c7b7e630f7280cfd5f56ba26a6170010cd4?s=96&d=mm&r=g\",\"caption\":\"hjfraind\"},\"sameAs\":[\"http:\\\/\\\/www.roadtowc.com\"],\"url\":\"https:\\\/\\\/www.roadtowc.com\\\/es\\\/author\\\/hjfraind\\\/\"}]}<\/script>\n<!-- \/ Yoast SEO plugin. -->","yoast_head_json":{"title":"Portugal en el Mundial 2026: A Selec\u00e3o busca su primer t\u00edtulo mundial - Road to the World Cup","description":"Portugal llega al Mundial 2026 con una generaci\u00f3n dorada liderada por la era post-Ronaldo. A Selec\u00e3o anhela su primer t\u00edtulo mundial.","robots":{"index":"index","follow":"follow","max-snippet":"max-snippet:-1","max-image-preview":"max-image-preview:large","max-video-preview":"max-video-preview:-1"},"canonical":"https:\/\/www.roadtowc.com\/es\/portugal-mundial-2026-2\/","og_locale":"es_ES","og_type":"article","og_title":"Portugal en el Mundial 2026: A Selec\u00e3o busca su primer t\u00edtulo mundial - Road to the World Cup","og_description":"Portugal llega al Mundial 2026 con una generaci\u00f3n dorada liderada por la era post-Ronaldo. A Selec\u00e3o anhela su primer t\u00edtulo mundial.","og_url":"https:\/\/www.roadtowc.com\/es\/portugal-mundial-2026-2\/","og_site_name":"Road to the World Cup","article_published_time":"2026-05-01T19:43:02+00:00","article_modified_time":"2026-05-01T19:56:39+00:00","og_image":[{"width":640,"height":427,"url":"https:\/\/www.roadtowc.com\/wp-content\/uploads\/2026\/05\/portugal-2026-world-cup-flag-1.png","type":"image\/png"}],"author":"hjfraind","twitter_card":"summary_large_image","twitter_creator":"@roadtowc","twitter_site":"@roadtowc","twitter_misc":{"Escrito por":"hjfraind","Tiempo de lectura":"1 minuto"},"schema":{"@context":"https:\/\/schema.org","@graph":[{"@type":"Article","@id":"https:\/\/www.roadtowc.com\/es\/portugal-mundial-2026-2\/#article","isPartOf":{"@id":"https:\/\/www.roadtowc.com\/es\/portugal-mundial-2026-2\/"},"author":{"name":"hjfraind","@id":"https:\/\/www.roadtowc.com\/es\/#\/schema\/person\/e027536b8c7766a032254f303dcd7bba"},"headline":"Portugal en el Mundial 2026: A Selec\u00e3o busca su primer t\u00edtulo mundial","datePublished":"2026-05-01T19:43:02+00:00","dateModified":"2026-05-01T19:56:39+00:00","mainEntityOfPage":{"@id":"https:\/\/www.roadtowc.com\/es\/portugal-mundial-2026-2\/"},"wordCount":265,"publisher":{"@id":"https:\/\/www.roadtowc.com\/es\/#organization"},"image":{"@id":"https:\/\/www.roadtowc.com\/es\/portugal-mundial-2026-2\/#primaryimage"},"thumbnailUrl":"https:\/\/www.roadtowc.com\/wp-content\/uploads\/2026\/05\/portugal-2026-world-cup-flag-1.png","articleSection":["Noticias"],"inLanguage":"es"},{"@type":"WebPage","@id":"https:\/\/www.roadtowc.com\/es\/portugal-mundial-2026-2\/","url":"https:\/\/www.roadtowc.com\/es\/portugal-mundial-2026-2\/","name":"Portugal en el Mundial 2026: A Selec\u00e3o busca su primer t\u00edtulo mundial - Road to the World Cup","isPartOf":{"@id":"https:\/\/www.roadtowc.com\/es\/#website"},"primaryImageOfPage":{"@id":"https:\/\/www.roadtowc.com\/es\/portugal-mundial-2026-2\/#primaryimage"},"image":{"@id":"https:\/\/www.roadtowc.com\/es\/portugal-mundial-2026-2\/#primaryimage"},"thumbnailUrl":"https:\/\/www.roadtowc.com\/wp-content\/uploads\/2026\/05\/portugal-2026-world-cup-flag-1.png","datePublished":"2026-05-01T19:43:02+00:00","dateModified":"2026-05-01T19:56:39+00:00","description":"Portugal llega al Mundial 2026 con una generaci\u00f3n dorada liderada por la era post-Ronaldo. A Selec\u00e3o anhela su primer t\u00edtulo mundial.","breadcrumb":{"@id":"https:\/\/www.roadtowc.com\/es\/portugal-mundial-2026-2\/#breadcrumb"},"inLanguage":"es","potentialAction":[{"@type":"ReadAction","target":["https:\/\/www.roadtowc.com\/es\/portugal-mundial-2026-2\/"]}]},{"@type":"ImageObject","inLanguage":"es","@id":"https:\/\/www.roadtowc.com\/es\/portugal-mundial-2026-2\/#primaryimage","url":"https:\/\/www.roadtowc.com\/wp-content\/uploads\/2026\/05\/portugal-2026-world-cup-flag-1.png","contentUrl":"https:\/\/www.roadtowc.com\/wp-content\/uploads\/2026\/05\/portugal-2026-world-cup-flag-1.png","width":640,"height":427,"caption":"Portugal at the 2026 World Cup: A Selec\u00e3o's Quest for a First World Title flag"},{"@type":"BreadcrumbList","@id":"https:\/\/www.roadtowc.com\/es\/portugal-mundial-2026-2\/#breadcrumb","itemListElement":[{"@type":"ListItem","position":1,"name":"Home","item":"https:\/\/www.roadtowc.com\/es\/"},{"@type":"ListItem","position":2,"name":"Portugal en el Mundial 2026: A Selec\u00e3o busca su primer t\u00edtulo mundial"}]},{"@type":"WebSite","@id":"https:\/\/www.roadtowc.com\/es\/#website","url":"https:\/\/www.roadtowc.com\/es\/","name":"Road to the World Cup","description":"Tu gu\u00eda definitiva para la Copa Mundial de la FIFA 2026: noticias, informaci\u00f3n sobre boletos, sedes y m\u00e1s, con toda la cobertura a medida que se acerca el torneo en Estados Unidos, M\u00e9xico y Canad\u00e1.","publisher":{"@id":"https:\/\/www.roadtowc.com\/es\/#organization"},"alternateName":"Road to the World Cup","potentialAction":[{"@type":"SearchAction","target":{"@type":"EntryPoint","urlTemplate":"https:\/\/www.roadtowc.com\/es\/?s={search_term_string}"},"query-input":{"@type":"PropertyValueSpecification","valueRequired":true,"valueName":"search_term_string"}}],"inLanguage":"es"},{"@type":"Organization","@id":"https:\/\/www.roadtowc.com\/es\/#organization","name":"Road to the World Cup","alternateName":"Road to the World Cup","url":"https:\/\/www.roadtowc.com\/es\/","logo":{"@type":"ImageObject","inLanguage":"es","@id":"https:\/\/www.roadtowc.com\/es\/#\/schema\/logo\/image\/","url":"https:\/\/www.roadtowc.com\/wp-content\/uploads\/2024\/07\/New-Logo-head.png","contentUrl":"https:\/\/www.roadtowc.com\/wp-content\/uploads\/2024\/07\/New-Logo-head.png","width":1228,"height":1037,"caption":"Road to the World Cup"},"image":{"@id":"https:\/\/www.roadtowc.com\/es\/#\/schema\/logo\/image\/"},"sameAs":["https:\/\/x.com\/roadtowc"]},{"@type":"Person","@id":"https:\/\/www.roadtowc.com\/es\/#\/schema\/person\/e027536b8c7766a032254f303dcd7bba","name":"hjfraind","image":{"@type":"ImageObject","inLanguage":"es","@id":"https:\/\/secure.gravatar.com\/avatar\/bacbd4bf5f8418d0b903099430d35c7b7e630f7280cfd5f56ba26a6170010cd4?s=96&d=mm&r=g","url":"https:\/\/secure.gravatar.com\/avatar\/bacbd4bf5f8418d0b903099430d35c7b7e630f7280cfd5f56ba26a6170010cd4?s=96&d=mm&r=g","contentUrl":"https:\/\/secure.gravatar.com\/avatar\/bacbd4bf5f8418d0b903099430d35c7b7e630f7280cfd5f56ba26a6170010cd4?s=96&d=mm&r=g","caption":"hjfraind"},"sameAs":["http:\/\/www.roadtowc.com"],"url":"https:\/\/www.roadtowc.com\/es\/author\/hjfraind\/"}]}},"_links":{"self":[{"href":"https:\/\/www.roadtowc.com\/es\/wp-json\/wp\/v2\/posts\/12029","targetHints":{"allow":["GET"]}}],"collection":[{"href":"https:\/\/www.roadtowc.com\/es\/wp-json\/wp\/v2\/posts"}],"about":[{"href":"https:\/\/www.roadtowc.com\/es\/wp-json\/wp\/v2\/types\/post"}],"author":[{"embeddable":true,"href":"https:\/\/www.roadtowc.com\/es\/wp-json\/wp\/v2\/users\/1"}],"replies":[{"embeddable":true,"href":"https:\/\/www.roadtowc.com\/es\/wp-json\/wp\/v2\/comments?post=12029"}],"version-history":[{"count":1,"href":"https:\/\/www.roadtowc.com\/es\/wp-json\/wp\/v2\/posts\/12029\/revisions"}],"predecessor-version":[{"id":12103,"href":"https:\/\/www.roadtowc.com\/es\/wp-json\/wp\/v2\/posts\/12029\/revisions\/12103"}],"wp:featuredmedia":[{"embeddable":true,"href":"https:\/\/www.roadtowc.com\/es\/wp-json\/wp\/v2\/media\/12365"}],"wp:attachment":[{"href":"https:\/\/www.roadtowc.com\/es\/wp-json\/wp\/v2\/media?parent=12029"}],"wp:term":[{"taxonomy":"category","embeddable":true,"href":"https:\/\/www.roadtowc.com\/es\/wp-json\/wp\/v2\/categories?post=12029"},{"taxonomy":"post_tag","embeddable":true,"href":"https:\/\/www.roadtowc.com\/es\/wp-json\/wp\/v2\/tags?post=12029"}],"curies":[{"name":"wp","href":"https:\/\/api.w.org\/{rel}","templated":true}]}}