{"id":12032,"date":"2026-05-01T15:43:04","date_gmt":"2026-05-01T19:43:04","guid":{"rendered":"https:\/\/www.roadtowc.com\/colombia-mundial-2026-2\/"},"modified":"2026-05-01T15:56:44","modified_gmt":"2026-05-01T19:56:44","slug":"colombia-mundial-2026-2","status":"publish","type":"post","link":"https:\/\/www.roadtowc.com\/es\/colombia-mundial-2026-2\/","title":{"rendered":"Colombia en el Mundial 2026: Los Cafeteros cabalgan una ola de buen momento"},"content":{"rendered":"<p>Colombia llega al Mundial 2026 montada en una ola de buen momento. Tras alcanzar la final de la Copa Am\u00e9rica 2024 \u2014 su mejor resultado en el torneo desde 2001 \u2014 Los Cafeteros han seguido construyendo bajo la direcci\u00f3n del t\u00e9cnico N\u00e9stor Lorenzo y est\u00e1n listos para hacer un impacto serio en el Mundial.<\/p>\n<h3>Jugadores clave<\/h3>\n<ul>\n<li><strong>James Rodr\u00edguez<\/strong> \u2013 El legendario mediocampista, h\u00e9roe de Brasil 2014, sigue influyendo al m\u00e1ximo nivel con su visi\u00f3n y pases.<\/li>\n<li><strong>Luis D\u00edaz<\/strong> \u2013 El extremo del Liverpool es uno de los jugadores m\u00e1s explosivos y efectivos del f\u00fatbol mundial.<\/li>\n<li><strong>Jhon C\u00f3rdoba<\/strong> \u2013 Delantero centro f\u00edsico que lidera la l\u00ednea con poder\u00edo y juego a\u00e9reo.<\/li>\n<li><strong>Davinson S\u00e1nchez<\/strong> \u2013 Defensor central experimentado que da estabilidad a la zaga.<\/li>\n<\/ul>\n<h3>Camino al Mundial<\/h3>\n<p>Colombia clasific\u00f3 a trav\u00e9s de la CONMEBOL con una s\u00f3lida campa\u00f1a, terminando c\u00f3modamente entre los cuatro primeros. El impulso de la Copa Am\u00e9rica se ha mantenido durante el ciclo mundialista.<\/p>\n<h3>Rivales en el Grupo K<\/h3>\n<p>Colombia enfrenta a Portugal, Uzbekist\u00e1n y DR Congo en el Grupo K. Un segundo lugar detr\u00e1s de Portugal parece el resultado m\u00e1s probable, pero Los Cafeteros tienen la calidad para disputarle el primer puesto a los lusitanos.<\/p>\n<h3>Perspectiva<\/h3>\n<p>Colombia es uno de los equipos m\u00e1s entretenidos del torneo. Con James orquestando y D\u00edaz destrozando las bandas, pueden llegar lejos en la fase eliminatoria si les tocan sorteos favorables.<\/p>\n","protected":false},"excerpt":{"rendered":"<p>Impulsada por la final de la Copa Am\u00e9rica y con un talentoso plantel, Colombia entra al Mundial 2026 como uno de los equipos m\u00e1s emocionantes de Sudam\u00e9rica.<\/p>\n","protected":false},"author":1,"featured_media":12368,"comment_status":"closed","ping_status":"closed","sticky":false,"template":"","format":"standard","meta":{"footnotes":""},"categories":[23],"tags":[],"class_list":["post-12032","post","type-post","status-publish","format-standard","has-post-thumbnail","hentry","category-noticias"],"yoast_head":"<!-- This site is optimized with the Yoast SEO plugin v27.5 - https:\/\/yoast.com\/product\/yoast-seo-wordpress\/ -->\n<title>Colombia en el Mundial 2026: Los Cafeteros cabalgan una ola de buen momento - Road to the World Cup<\/title>\n<meta name=\"description\" content=\"Colombia llega al Mundial 2026 en excelente forma tras llegar a la final de la Copa Am\u00e9rica. Los Cafeteros son un equipo peligroso con James Rodr\u00edguez al frente.\" \/>\n<meta name=\"robots\" content=\"index, follow, max-snippet:-1, max-image-preview:large, max-video-preview:-1\" \/>\n<link rel=\"canonical\" href=\"https:\/\/www.roadtowc.com\/es\/colombia-mundial-2026-2\/\" \/>\n<meta property=\"og:locale\" content=\"es_ES\" \/>\n<meta property=\"og:type\" content=\"article\" \/>\n<meta property=\"og:title\" content=\"Colombia en el Mundial 2026: Los Cafeteros cabalgan una ola de buen momento - Road to the World Cup\" \/>\n<meta property=\"og:description\" content=\"Colombia llega al Mundial 2026 en excelente forma tras llegar a la final de la Copa Am\u00e9rica. Los Cafeteros son un equipo peligroso con James Rodr\u00edguez al frente.\" \/>\n<meta property=\"og:url\" content=\"https:\/\/www.roadtowc.com\/es\/colombia-mundial-2026-2\/\" \/>\n<meta property=\"og:site_name\" content=\"Road to the World Cup\" \/>\n<meta property=\"article:published_time\" content=\"2026-05-01T19:43:04+00:00\" \/>\n<meta property=\"article:modified_time\" content=\"2026-05-01T19:56:44+00:00\" \/>\n<meta property=\"og:image\" content=\"https:\/\/www.roadtowc.com\/wp-content\/uploads\/2026\/05\/colombia-2026-world-cup-flag-1.png\" \/>\n\t<meta property=\"og:image:width\" content=\"640\" \/>\n\t<meta property=\"og:image:height\" content=\"427\" \/>\n\t<meta property=\"og:image:type\" content=\"image\/png\" \/>\n<meta name=\"author\" content=\"hjfraind\" \/>\n<meta name=\"twitter:card\" content=\"summary_large_image\" \/>\n<meta name=\"twitter:creator\" content=\"@roadtowc\" \/>\n<meta name=\"twitter:site\" content=\"@roadtowc\" \/>\n<meta name=\"twitter:label1\" content=\"Escrito por\" \/>\n\t<meta name=\"twitter:data1\" content=\"hjfraind\" \/>\n\t<meta name=\"twitter:label2\" content=\"Tiempo de lectura\" \/>\n\t<meta name=\"twitter:data2\" content=\"1 minuto\" \/>\n<script type=\"application\/ld+json\" class=\"yoast-schema-graph\">{\"@context\":\"https:\\\/\\\/schema.org\",\"@graph\":[{\"@type\":\"Article\",\"@id\":\"https:\\\/\\\/www.roadtowc.com\\\/es\\\/colombia-mundial-2026-2\\\/#article\",\"isPartOf\":{\"@id\":\"https:\\\/\\\/www.roadtowc.com\\\/es\\\/colombia-mundial-2026-2\\\/\"},\"author\":{\"name\":\"hjfraind\",\"@id\":\"https:\\\/\\\/www.roadtowc.com\\\/es\\\/#\\\/schema\\\/person\\\/e027536b8c7766a032254f303dcd7bba\"},\"headline\":\"Colombia en el Mundial 2026: Los Cafeteros cabalgan una ola de buen momento\",\"datePublished\":\"2026-05-01T19:43:04+00:00\",\"dateModified\":\"2026-05-01T19:56:44+00:00\",\"mainEntityOfPage\":{\"@id\":\"https:\\\/\\\/www.roadtowc.com\\\/es\\\/colombia-mundial-2026-2\\\/\"},\"wordCount\":258,\"publisher\":{\"@id\":\"https:\\\/\\\/www.roadtowc.com\\\/es\\\/#organization\"},\"image\":{\"@id\":\"https:\\\/\\\/www.roadtowc.com\\\/es\\\/colombia-mundial-2026-2\\\/#primaryimage\"},\"thumbnailUrl\":\"https:\\\/\\\/www.roadtowc.com\\\/wp-content\\\/uploads\\\/2026\\\/05\\\/colombia-2026-world-cup-flag-1.png\",\"articleSection\":[\"Noticias\"],\"inLanguage\":\"es\"},{\"@type\":\"WebPage\",\"@id\":\"https:\\\/\\\/www.roadtowc.com\\\/es\\\/colombia-mundial-2026-2\\\/\",\"url\":\"https:\\\/\\\/www.roadtowc.com\\\/es\\\/colombia-mundial-2026-2\\\/\",\"name\":\"Colombia en el Mundial 2026: Los Cafeteros cabalgan una ola de buen momento - Road to the World Cup\",\"isPartOf\":{\"@id\":\"https:\\\/\\\/www.roadtowc.com\\\/es\\\/#website\"},\"primaryImageOfPage\":{\"@id\":\"https:\\\/\\\/www.roadtowc.com\\\/es\\\/colombia-mundial-2026-2\\\/#primaryimage\"},\"image\":{\"@id\":\"https:\\\/\\\/www.roadtowc.com\\\/es\\\/colombia-mundial-2026-2\\\/#primaryimage\"},\"thumbnailUrl\":\"https:\\\/\\\/www.roadtowc.com\\\/wp-content\\\/uploads\\\/2026\\\/05\\\/colombia-2026-world-cup-flag-1.png\",\"datePublished\":\"2026-05-01T19:43:04+00:00\",\"dateModified\":\"2026-05-01T19:56:44+00:00\",\"description\":\"Colombia llega al Mundial 2026 en excelente forma tras llegar a la final de la Copa Am\u00e9rica. Los Cafeteros son un equipo peligroso con James Rodr\u00edguez al frente.\",\"breadcrumb\":{\"@id\":\"https:\\\/\\\/www.roadtowc.com\\\/es\\\/colombia-mundial-2026-2\\\/#breadcrumb\"},\"inLanguage\":\"es\",\"potentialAction\":[{\"@type\":\"ReadAction\",\"target\":[\"https:\\\/\\\/www.roadtowc.com\\\/es\\\/colombia-mundial-2026-2\\\/\"]}]},{\"@type\":\"ImageObject\",\"inLanguage\":\"es\",\"@id\":\"https:\\\/\\\/www.roadtowc.com\\\/es\\\/colombia-mundial-2026-2\\\/#primaryimage\",\"url\":\"https:\\\/\\\/www.roadtowc.com\\\/wp-content\\\/uploads\\\/2026\\\/05\\\/colombia-2026-world-cup-flag-1.png\",\"contentUrl\":\"https:\\\/\\\/www.roadtowc.com\\\/wp-content\\\/uploads\\\/2026\\\/05\\\/colombia-2026-world-cup-flag-1.png\",\"width\":640,\"height\":427,\"caption\":\"Colombia at the 2026 World Cup: Los Cafeteros Ride a Wave of Momentum flag\"},{\"@type\":\"BreadcrumbList\",\"@id\":\"https:\\\/\\\/www.roadtowc.com\\\/es\\\/colombia-mundial-2026-2\\\/#breadcrumb\",\"itemListElement\":[{\"@type\":\"ListItem\",\"position\":1,\"name\":\"Home\",\"item\":\"https:\\\/\\\/www.roadtowc.com\\\/es\\\/\"},{\"@type\":\"ListItem\",\"position\":2,\"name\":\"Colombia en el Mundial 2026: Los Cafeteros cabalgan una ola de buen momento\"}]},{\"@type\":\"WebSite\",\"@id\":\"https:\\\/\\\/www.roadtowc.com\\\/es\\\/#website\",\"url\":\"https:\\\/\\\/www.roadtowc.com\\\/es\\\/\",\"name\":\"Road to the World Cup\",\"description\":\"Tu gu\u00eda definitiva para la Copa Mundial de la FIFA 2026: noticias, informaci\u00f3n sobre boletos, sedes y m\u00e1s, con toda la cobertura a medida que se acerca el torneo en Estados Unidos, M\u00e9xico y Canad\u00e1.\",\"publisher\":{\"@id\":\"https:\\\/\\\/www.roadtowc.com\\\/es\\\/#organization\"},\"alternateName\":\"Road to the World Cup\",\"potentialAction\":[{\"@type\":\"SearchAction\",\"target\":{\"@type\":\"EntryPoint\",\"urlTemplate\":\"https:\\\/\\\/www.roadtowc.com\\\/es\\\/?s={search_term_string}\"},\"query-input\":{\"@type\":\"PropertyValueSpecification\",\"valueRequired\":true,\"valueName\":\"search_term_string\"}}],\"inLanguage\":\"es\"},{\"@type\":\"Organization\",\"@id\":\"https:\\\/\\\/www.roadtowc.com\\\/es\\\/#organization\",\"name\":\"Road to the World Cup\",\"alternateName\":\"Road to the World Cup\",\"url\":\"https:\\\/\\\/www.roadtowc.com\\\/es\\\/\",\"logo\":{\"@type\":\"ImageObject\",\"inLanguage\":\"es\",\"@id\":\"https:\\\/\\\/www.roadtowc.com\\\/es\\\/#\\\/schema\\\/logo\\\/image\\\/\",\"url\":\"https:\\\/\\\/www.roadtowc.com\\\/wp-content\\\/uploads\\\/2024\\\/07\\\/New-Logo-head.png\",\"contentUrl\":\"https:\\\/\\\/www.roadtowc.com\\\/wp-content\\\/uploads\\\/2024\\\/07\\\/New-Logo-head.png\",\"width\":1228,\"height\":1037,\"caption\":\"Road to the World Cup\"},\"image\":{\"@id\":\"https:\\\/\\\/www.roadtowc.com\\\/es\\\/#\\\/schema\\\/logo\\\/image\\\/\"},\"sameAs\":[\"https:\\\/\\\/x.com\\\/roadtowc\"]},{\"@type\":\"Person\",\"@id\":\"https:\\\/\\\/www.roadtowc.com\\\/es\\\/#\\\/schema\\\/person\\\/e027536b8c7766a032254f303dcd7bba\",\"name\":\"hjfraind\",\"image\":{\"@type\":\"ImageObject\",\"inLanguage\":\"es\",\"@id\":\"https:\\\/\\\/secure.gravatar.com\\\/avatar\\\/bacbd4bf5f8418d0b903099430d35c7b7e630f7280cfd5f56ba26a6170010cd4?s=96&d=mm&r=g\",\"url\":\"https:\\\/\\\/secure.gravatar.com\\\/avatar\\\/bacbd4bf5f8418d0b903099430d35c7b7e630f7280cfd5f56ba26a6170010cd4?s=96&d=mm&r=g\",\"contentUrl\":\"https:\\\/\\\/secure.gravatar.com\\\/avatar\\\/bacbd4bf5f8418d0b903099430d35c7b7e630f7280cfd5f56ba26a6170010cd4?s=96&d=mm&r=g\",\"caption\":\"hjfraind\"},\"sameAs\":[\"http:\\\/\\\/www.roadtowc.com\"],\"url\":\"https:\\\/\\\/www.roadtowc.com\\\/es\\\/author\\\/hjfraind\\\/\"}]}<\/script>\n<!-- \/ Yoast SEO plugin. -->","yoast_head_json":{"title":"Colombia en el Mundial 2026: Los Cafeteros cabalgan una ola de buen momento - Road to the World Cup","description":"Colombia llega al Mundial 2026 en excelente forma tras llegar a la final de la Copa Am\u00e9rica. Los Cafeteros son un equipo peligroso con James Rodr\u00edguez al frente.","robots":{"index":"index","follow":"follow","max-snippet":"max-snippet:-1","max-image-preview":"max-image-preview:large","max-video-preview":"max-video-preview:-1"},"canonical":"https:\/\/www.roadtowc.com\/es\/colombia-mundial-2026-2\/","og_locale":"es_ES","og_type":"article","og_title":"Colombia en el Mundial 2026: Los Cafeteros cabalgan una ola de buen momento - Road to the World Cup","og_description":"Colombia llega al Mundial 2026 en excelente forma tras llegar a la final de la Copa Am\u00e9rica. Los Cafeteros son un equipo peligroso con James Rodr\u00edguez al frente.","og_url":"https:\/\/www.roadtowc.com\/es\/colombia-mundial-2026-2\/","og_site_name":"Road to the World Cup","article_published_time":"2026-05-01T19:43:04+00:00","article_modified_time":"2026-05-01T19:56:44+00:00","og_image":[{"width":640,"height":427,"url":"https:\/\/www.roadtowc.com\/wp-content\/uploads\/2026\/05\/colombia-2026-world-cup-flag-1.png","type":"image\/png"}],"author":"hjfraind","twitter_card":"summary_large_image","twitter_creator":"@roadtowc","twitter_site":"@roadtowc","twitter_misc":{"Escrito por":"hjfraind","Tiempo de lectura":"1 minuto"},"schema":{"@context":"https:\/\/schema.org","@graph":[{"@type":"Article","@id":"https:\/\/www.roadtowc.com\/es\/colombia-mundial-2026-2\/#article","isPartOf":{"@id":"https:\/\/www.roadtowc.com\/es\/colombia-mundial-2026-2\/"},"author":{"name":"hjfraind","@id":"https:\/\/www.roadtowc.com\/es\/#\/schema\/person\/e027536b8c7766a032254f303dcd7bba"},"headline":"Colombia en el Mundial 2026: Los Cafeteros cabalgan una ola de buen momento","datePublished":"2026-05-01T19:43:04+00:00","dateModified":"2026-05-01T19:56:44+00:00","mainEntityOfPage":{"@id":"https:\/\/www.roadtowc.com\/es\/colombia-mundial-2026-2\/"},"wordCount":258,"publisher":{"@id":"https:\/\/www.roadtowc.com\/es\/#organization"},"image":{"@id":"https:\/\/www.roadtowc.com\/es\/colombia-mundial-2026-2\/#primaryimage"},"thumbnailUrl":"https:\/\/www.roadtowc.com\/wp-content\/uploads\/2026\/05\/colombia-2026-world-cup-flag-1.png","articleSection":["Noticias"],"inLanguage":"es"},{"@type":"WebPage","@id":"https:\/\/www.roadtowc.com\/es\/colombia-mundial-2026-2\/","url":"https:\/\/www.roadtowc.com\/es\/colombia-mundial-2026-2\/","name":"Colombia en el Mundial 2026: Los Cafeteros cabalgan una ola de buen momento - Road to the World Cup","isPartOf":{"@id":"https:\/\/www.roadtowc.com\/es\/#website"},"primaryImageOfPage":{"@id":"https:\/\/www.roadtowc.com\/es\/colombia-mundial-2026-2\/#primaryimage"},"image":{"@id":"https:\/\/www.roadtowc.com\/es\/colombia-mundial-2026-2\/#primaryimage"},"thumbnailUrl":"https:\/\/www.roadtowc.com\/wp-content\/uploads\/2026\/05\/colombia-2026-world-cup-flag-1.png","datePublished":"2026-05-01T19:43:04+00:00","dateModified":"2026-05-01T19:56:44+00:00","description":"Colombia llega al Mundial 2026 en excelente forma tras llegar a la final de la Copa Am\u00e9rica. Los Cafeteros son un equipo peligroso con James Rodr\u00edguez al frente.","breadcrumb":{"@id":"https:\/\/www.roadtowc.com\/es\/colombia-mundial-2026-2\/#breadcrumb"},"inLanguage":"es","potentialAction":[{"@type":"ReadAction","target":["https:\/\/www.roadtowc.com\/es\/colombia-mundial-2026-2\/"]}]},{"@type":"ImageObject","inLanguage":"es","@id":"https:\/\/www.roadtowc.com\/es\/colombia-mundial-2026-2\/#primaryimage","url":"https:\/\/www.roadtowc.com\/wp-content\/uploads\/2026\/05\/colombia-2026-world-cup-flag-1.png","contentUrl":"https:\/\/www.roadtowc.com\/wp-content\/uploads\/2026\/05\/colombia-2026-world-cup-flag-1.png","width":640,"height":427,"caption":"Colombia at the 2026 World Cup: Los Cafeteros Ride a Wave of Momentum flag"},{"@type":"BreadcrumbList","@id":"https:\/\/www.roadtowc.com\/es\/colombia-mundial-2026-2\/#breadcrumb","itemListElement":[{"@type":"ListItem","position":1,"name":"Home","item":"https:\/\/www.roadtowc.com\/es\/"},{"@type":"ListItem","position":2,"name":"Colombia en el Mundial 2026: Los Cafeteros cabalgan una ola de buen momento"}]},{"@type":"WebSite","@id":"https:\/\/www.roadtowc.com\/es\/#website","url":"https:\/\/www.roadtowc.com\/es\/","name":"Road to the World Cup","description":"Tu gu\u00eda definitiva para la Copa Mundial de la FIFA 2026: noticias, informaci\u00f3n sobre boletos, sedes y m\u00e1s, con toda la cobertura a medida que se acerca el torneo en Estados Unidos, M\u00e9xico y Canad\u00e1.","publisher":{"@id":"https:\/\/www.roadtowc.com\/es\/#organization"},"alternateName":"Road to the World Cup","potentialAction":[{"@type":"SearchAction","target":{"@type":"EntryPoint","urlTemplate":"https:\/\/www.roadtowc.com\/es\/?s={search_term_string}"},"query-input":{"@type":"PropertyValueSpecification","valueRequired":true,"valueName":"search_term_string"}}],"inLanguage":"es"},{"@type":"Organization","@id":"https:\/\/www.roadtowc.com\/es\/#organization","name":"Road to the World Cup","alternateName":"Road to the World Cup","url":"https:\/\/www.roadtowc.com\/es\/","logo":{"@type":"ImageObject","inLanguage":"es","@id":"https:\/\/www.roadtowc.com\/es\/#\/schema\/logo\/image\/","url":"https:\/\/www.roadtowc.com\/wp-content\/uploads\/2024\/07\/New-Logo-head.png","contentUrl":"https:\/\/www.roadtowc.com\/wp-content\/uploads\/2024\/07\/New-Logo-head.png","width":1228,"height":1037,"caption":"Road to the World Cup"},"image":{"@id":"https:\/\/www.roadtowc.com\/es\/#\/schema\/logo\/image\/"},"sameAs":["https:\/\/x.com\/roadtowc"]},{"@type":"Person","@id":"https:\/\/www.roadtowc.com\/es\/#\/schema\/person\/e027536b8c7766a032254f303dcd7bba","name":"hjfraind","image":{"@type":"ImageObject","inLanguage":"es","@id":"https:\/\/secure.gravatar.com\/avatar\/bacbd4bf5f8418d0b903099430d35c7b7e630f7280cfd5f56ba26a6170010cd4?s=96&d=mm&r=g","url":"https:\/\/secure.gravatar.com\/avatar\/bacbd4bf5f8418d0b903099430d35c7b7e630f7280cfd5f56ba26a6170010cd4?s=96&d=mm&r=g","contentUrl":"https:\/\/secure.gravatar.com\/avatar\/bacbd4bf5f8418d0b903099430d35c7b7e630f7280cfd5f56ba26a6170010cd4?s=96&d=mm&r=g","caption":"hjfraind"},"sameAs":["http:\/\/www.roadtowc.com"],"url":"https:\/\/www.roadtowc.com\/es\/author\/hjfraind\/"}]}},"_links":{"self":[{"href":"https:\/\/www.roadtowc.com\/es\/wp-json\/wp\/v2\/posts\/12032","targetHints":{"allow":["GET"]}}],"collection":[{"href":"https:\/\/www.roadtowc.com\/es\/wp-json\/wp\/v2\/posts"}],"about":[{"href":"https:\/\/www.roadtowc.com\/es\/wp-json\/wp\/v2\/types\/post"}],"author":[{"embeddable":true,"href":"https:\/\/www.roadtowc.com\/es\/wp-json\/wp\/v2\/users\/1"}],"replies":[{"embeddable":true,"href":"https:\/\/www.roadtowc.com\/es\/wp-json\/wp\/v2\/comments?post=12032"}],"version-history":[{"count":1,"href":"https:\/\/www.roadtowc.com\/es\/wp-json\/wp\/v2\/posts\/12032\/revisions"}],"predecessor-version":[{"id":12109,"href":"https:\/\/www.roadtowc.com\/es\/wp-json\/wp\/v2\/posts\/12032\/revisions\/12109"}],"wp:featuredmedia":[{"embeddable":true,"href":"https:\/\/www.roadtowc.com\/es\/wp-json\/wp\/v2\/media\/12368"}],"wp:attachment":[{"href":"https:\/\/www.roadtowc.com\/es\/wp-json\/wp\/v2\/media?parent=12032"}],"wp:term":[{"taxonomy":"category","embeddable":true,"href":"https:\/\/www.roadtowc.com\/es\/wp-json\/wp\/v2\/categories?post=12032"},{"taxonomy":"post_tag","embeddable":true,"href":"https:\/\/www.roadtowc.com\/es\/wp-json\/wp\/v2\/tags?post=12032"}],"curies":[{"name":"wp","href":"https:\/\/api.w.org\/{rel}","templated":true}]}}