{"id":12038,"date":"2026-05-01T15:43:08","date_gmt":"2026-05-01T19:43:08","guid":{"rendered":"https:\/\/www.roadtowc.com\/rd-congo-mundial-2026-2\/"},"modified":"2026-05-01T15:56:53","modified_gmt":"2026-05-01T19:56:53","slug":"rd-congo-mundial-2026-2","status":"publish","type":"post","link":"https:\/\/www.roadtowc.com\/es\/rd-congo-mundial-2026-2\/","title":{"rendered":"RD Congo en el Mundial 2026: Los Leopardos regresan al escenario global"},"content":{"rendered":"<p>RD Congo regresa al Mundial de la FIFA por primera vez desde 1974, cuando compet\u00eda como Za\u00efre. Poniendo fin a 52 a\u00f1os de ausencia, la clasificaci\u00f3n de los Leopardos es una de las historias m\u00e1s significativas emocionalmente de este ciclo mundialista \u2014 en un pa\u00eds donde el f\u00fatbol es pr\u00e1cticamente una religi\u00f3n.<\/p>\n<h3>Jugadores clave<\/h3>\n<ul>\n<li><strong>C\u00e9dric Bakambu<\/strong> \u2013 El experimentado delantero aporta goles y liderazgo al ataque congole\u00f1o.<\/li>\n<li><strong>Chancel Mbemba<\/strong> \u2013 Defensor central f\u00edsico y dominante que ha brillado en la Ligue 1 y la Serie A.<\/li>\n<li><strong>Arthur Masuaku<\/strong> \u2013 Lateral izquierdo\/extremo vers\u00e1til con experiencia en la Premier League.<\/li>\n<li><strong>Ga\u00ebl Kakuta<\/strong> \u2013 Mediocampista creativo que aporta destreza y visi\u00f3n en el centro del campo.<\/li>\n<\/ul>\n<h3>Camino al Mundial<\/h3>\n<p>RD Congo clasific\u00f3 a trav\u00e9s de las rondas de la CAF en una dram\u00e1tica campa\u00f1a que captur\u00f3 la imaginaci\u00f3n de millones de aficionados en todo el pa\u00eds. La clasificaci\u00f3n fue celebrada con fiestas callejeras en toda Kinshasa.<\/p>\n<h3>Rivales en el Grupo K<\/h3>\n<p>El Grupo K incluye a Portugal, Colombia y Uzbekist\u00e1n. RD Congo pelear\u00e1 con Uzbekist\u00e1n por el tercer lugar, sabiendo que necesita sus mejores actuaciones para dar una sorpresa.<\/p>\n<h3>Perspectiva<\/h3>\n<p>Las ambiciones de RD Congo van m\u00e1s all\u00e1 de la mera participaci\u00f3n. Con talento en todas las posiciones y un apoyo apasionado detr\u00e1s de ellos, los Leopardos podr\u00edan sorprender en el Grupo K y convertirlo en una carrera de tres equipos por la clasificaci\u00f3n.<\/p>\n","protected":false},"excerpt":{"rendered":"<p>El regreso de RD Congo al Mundial pone fin a una ausencia de 52 a\u00f1os \u2014 una de las m\u00e1s largas de la historia del torneo \u2014 para una naci\u00f3n fan\u00e1tica del f\u00fatbol con enorme potencial.<\/p>\n","protected":false},"author":1,"featured_media":12374,"comment_status":"closed","ping_status":"closed","sticky":false,"template":"","format":"standard","meta":{"footnotes":""},"categories":[23],"tags":[],"class_list":["post-12038","post","type-post","status-publish","format-standard","has-post-thumbnail","hentry","category-noticias"],"yoast_head":"<!-- This site is optimized with the Yoast SEO plugin v27.5 - https:\/\/yoast.com\/product\/yoast-seo-wordpress\/ -->\n<title>RD Congo en el Mundial 2026: Los Leopardos regresan al escenario global - Road to the World Cup<\/title>\n<meta name=\"description\" content=\"RD Congo regresa al Mundial por primera vez desde 1974. Los Leopardos llevan pasi\u00f3n africana y talento al torneo 2026 en Norteam\u00e9rica.\" \/>\n<meta name=\"robots\" content=\"index, follow, max-snippet:-1, max-image-preview:large, max-video-preview:-1\" \/>\n<link rel=\"canonical\" href=\"https:\/\/www.roadtowc.com\/es\/rd-congo-mundial-2026-2\/\" \/>\n<meta property=\"og:locale\" content=\"es_ES\" \/>\n<meta property=\"og:type\" content=\"article\" \/>\n<meta property=\"og:title\" content=\"RD Congo en el Mundial 2026: Los Leopardos regresan al escenario global - Road to the World Cup\" \/>\n<meta property=\"og:description\" content=\"RD Congo regresa al Mundial por primera vez desde 1974. Los Leopardos llevan pasi\u00f3n africana y talento al torneo 2026 en Norteam\u00e9rica.\" \/>\n<meta property=\"og:url\" content=\"https:\/\/www.roadtowc.com\/es\/rd-congo-mundial-2026-2\/\" \/>\n<meta property=\"og:site_name\" content=\"Road to the World Cup\" \/>\n<meta property=\"article:published_time\" content=\"2026-05-01T19:43:08+00:00\" \/>\n<meta property=\"article:modified_time\" content=\"2026-05-01T19:56:53+00:00\" \/>\n<meta property=\"og:image\" content=\"https:\/\/www.roadtowc.com\/wp-content\/uploads\/2026\/05\/dr-congo-2026-world-cup-flag-1.png\" \/>\n\t<meta property=\"og:image:width\" content=\"640\" \/>\n\t<meta property=\"og:image:height\" content=\"480\" \/>\n\t<meta property=\"og:image:type\" content=\"image\/png\" \/>\n<meta name=\"author\" content=\"hjfraind\" \/>\n<meta name=\"twitter:card\" content=\"summary_large_image\" \/>\n<meta name=\"twitter:creator\" content=\"@roadtowc\" \/>\n<meta name=\"twitter:site\" content=\"@roadtowc\" \/>\n<meta name=\"twitter:label1\" content=\"Escrito por\" \/>\n\t<meta name=\"twitter:data1\" content=\"hjfraind\" \/>\n\t<meta name=\"twitter:label2\" content=\"Tiempo de lectura\" \/>\n\t<meta name=\"twitter:data2\" content=\"1 minuto\" \/>\n<script type=\"application\/ld+json\" class=\"yoast-schema-graph\">{\"@context\":\"https:\\\/\\\/schema.org\",\"@graph\":[{\"@type\":\"Article\",\"@id\":\"https:\\\/\\\/www.roadtowc.com\\\/es\\\/rd-congo-mundial-2026-2\\\/#article\",\"isPartOf\":{\"@id\":\"https:\\\/\\\/www.roadtowc.com\\\/es\\\/rd-congo-mundial-2026-2\\\/\"},\"author\":{\"name\":\"hjfraind\",\"@id\":\"https:\\\/\\\/www.roadtowc.com\\\/es\\\/#\\\/schema\\\/person\\\/e027536b8c7766a032254f303dcd7bba\"},\"headline\":\"RD Congo en el Mundial 2026: Los Leopardos regresan al escenario global\",\"datePublished\":\"2026-05-01T19:43:08+00:00\",\"dateModified\":\"2026-05-01T19:56:53+00:00\",\"mainEntityOfPage\":{\"@id\":\"https:\\\/\\\/www.roadtowc.com\\\/es\\\/rd-congo-mundial-2026-2\\\/\"},\"wordCount\":263,\"publisher\":{\"@id\":\"https:\\\/\\\/www.roadtowc.com\\\/es\\\/#organization\"},\"image\":{\"@id\":\"https:\\\/\\\/www.roadtowc.com\\\/es\\\/rd-congo-mundial-2026-2\\\/#primaryimage\"},\"thumbnailUrl\":\"https:\\\/\\\/www.roadtowc.com\\\/wp-content\\\/uploads\\\/2026\\\/05\\\/dr-congo-2026-world-cup-flag-1.png\",\"articleSection\":[\"Noticias\"],\"inLanguage\":\"es\"},{\"@type\":\"WebPage\",\"@id\":\"https:\\\/\\\/www.roadtowc.com\\\/es\\\/rd-congo-mundial-2026-2\\\/\",\"url\":\"https:\\\/\\\/www.roadtowc.com\\\/es\\\/rd-congo-mundial-2026-2\\\/\",\"name\":\"RD Congo en el Mundial 2026: Los Leopardos regresan al escenario global - Road to the World Cup\",\"isPartOf\":{\"@id\":\"https:\\\/\\\/www.roadtowc.com\\\/es\\\/#website\"},\"primaryImageOfPage\":{\"@id\":\"https:\\\/\\\/www.roadtowc.com\\\/es\\\/rd-congo-mundial-2026-2\\\/#primaryimage\"},\"image\":{\"@id\":\"https:\\\/\\\/www.roadtowc.com\\\/es\\\/rd-congo-mundial-2026-2\\\/#primaryimage\"},\"thumbnailUrl\":\"https:\\\/\\\/www.roadtowc.com\\\/wp-content\\\/uploads\\\/2026\\\/05\\\/dr-congo-2026-world-cup-flag-1.png\",\"datePublished\":\"2026-05-01T19:43:08+00:00\",\"dateModified\":\"2026-05-01T19:56:53+00:00\",\"description\":\"RD Congo regresa al Mundial por primera vez desde 1974. Los Leopardos llevan pasi\u00f3n africana y talento al torneo 2026 en Norteam\u00e9rica.\",\"breadcrumb\":{\"@id\":\"https:\\\/\\\/www.roadtowc.com\\\/es\\\/rd-congo-mundial-2026-2\\\/#breadcrumb\"},\"inLanguage\":\"es\",\"potentialAction\":[{\"@type\":\"ReadAction\",\"target\":[\"https:\\\/\\\/www.roadtowc.com\\\/es\\\/rd-congo-mundial-2026-2\\\/\"]}]},{\"@type\":\"ImageObject\",\"inLanguage\":\"es\",\"@id\":\"https:\\\/\\\/www.roadtowc.com\\\/es\\\/rd-congo-mundial-2026-2\\\/#primaryimage\",\"url\":\"https:\\\/\\\/www.roadtowc.com\\\/wp-content\\\/uploads\\\/2026\\\/05\\\/dr-congo-2026-world-cup-flag-1.png\",\"contentUrl\":\"https:\\\/\\\/www.roadtowc.com\\\/wp-content\\\/uploads\\\/2026\\\/05\\\/dr-congo-2026-world-cup-flag-1.png\",\"width\":640,\"height\":480,\"caption\":\"DR Congo at the 2026 World Cup: The Leopards Return to the Global Stage flag\"},{\"@type\":\"BreadcrumbList\",\"@id\":\"https:\\\/\\\/www.roadtowc.com\\\/es\\\/rd-congo-mundial-2026-2\\\/#breadcrumb\",\"itemListElement\":[{\"@type\":\"ListItem\",\"position\":1,\"name\":\"Home\",\"item\":\"https:\\\/\\\/www.roadtowc.com\\\/es\\\/\"},{\"@type\":\"ListItem\",\"position\":2,\"name\":\"RD Congo en el Mundial 2026: Los Leopardos regresan al escenario global\"}]},{\"@type\":\"WebSite\",\"@id\":\"https:\\\/\\\/www.roadtowc.com\\\/es\\\/#website\",\"url\":\"https:\\\/\\\/www.roadtowc.com\\\/es\\\/\",\"name\":\"Road to the World Cup\",\"description\":\"Tu gu\u00eda definitiva para la Copa Mundial de la FIFA 2026: noticias, informaci\u00f3n sobre boletos, sedes y m\u00e1s, con toda la cobertura a medida que se acerca el torneo en Estados Unidos, M\u00e9xico y Canad\u00e1.\",\"publisher\":{\"@id\":\"https:\\\/\\\/www.roadtowc.com\\\/es\\\/#organization\"},\"alternateName\":\"Road to the World Cup\",\"potentialAction\":[{\"@type\":\"SearchAction\",\"target\":{\"@type\":\"EntryPoint\",\"urlTemplate\":\"https:\\\/\\\/www.roadtowc.com\\\/es\\\/?s={search_term_string}\"},\"query-input\":{\"@type\":\"PropertyValueSpecification\",\"valueRequired\":true,\"valueName\":\"search_term_string\"}}],\"inLanguage\":\"es\"},{\"@type\":\"Organization\",\"@id\":\"https:\\\/\\\/www.roadtowc.com\\\/es\\\/#organization\",\"name\":\"Road to the World Cup\",\"alternateName\":\"Road to the World Cup\",\"url\":\"https:\\\/\\\/www.roadtowc.com\\\/es\\\/\",\"logo\":{\"@type\":\"ImageObject\",\"inLanguage\":\"es\",\"@id\":\"https:\\\/\\\/www.roadtowc.com\\\/es\\\/#\\\/schema\\\/logo\\\/image\\\/\",\"url\":\"https:\\\/\\\/www.roadtowc.com\\\/wp-content\\\/uploads\\\/2024\\\/07\\\/New-Logo-head.png\",\"contentUrl\":\"https:\\\/\\\/www.roadtowc.com\\\/wp-content\\\/uploads\\\/2024\\\/07\\\/New-Logo-head.png\",\"width\":1228,\"height\":1037,\"caption\":\"Road to the World Cup\"},\"image\":{\"@id\":\"https:\\\/\\\/www.roadtowc.com\\\/es\\\/#\\\/schema\\\/logo\\\/image\\\/\"},\"sameAs\":[\"https:\\\/\\\/x.com\\\/roadtowc\"]},{\"@type\":\"Person\",\"@id\":\"https:\\\/\\\/www.roadtowc.com\\\/es\\\/#\\\/schema\\\/person\\\/e027536b8c7766a032254f303dcd7bba\",\"name\":\"hjfraind\",\"image\":{\"@type\":\"ImageObject\",\"inLanguage\":\"es\",\"@id\":\"https:\\\/\\\/secure.gravatar.com\\\/avatar\\\/bacbd4bf5f8418d0b903099430d35c7b7e630f7280cfd5f56ba26a6170010cd4?s=96&d=mm&r=g\",\"url\":\"https:\\\/\\\/secure.gravatar.com\\\/avatar\\\/bacbd4bf5f8418d0b903099430d35c7b7e630f7280cfd5f56ba26a6170010cd4?s=96&d=mm&r=g\",\"contentUrl\":\"https:\\\/\\\/secure.gravatar.com\\\/avatar\\\/bacbd4bf5f8418d0b903099430d35c7b7e630f7280cfd5f56ba26a6170010cd4?s=96&d=mm&r=g\",\"caption\":\"hjfraind\"},\"sameAs\":[\"http:\\\/\\\/www.roadtowc.com\"],\"url\":\"https:\\\/\\\/www.roadtowc.com\\\/es\\\/author\\\/hjfraind\\\/\"}]}<\/script>\n<!-- \/ Yoast SEO plugin. -->","yoast_head_json":{"title":"RD Congo en el Mundial 2026: Los Leopardos regresan al escenario global - Road to the World Cup","description":"RD Congo regresa al Mundial por primera vez desde 1974. Los Leopardos llevan pasi\u00f3n africana y talento al torneo 2026 en Norteam\u00e9rica.","robots":{"index":"index","follow":"follow","max-snippet":"max-snippet:-1","max-image-preview":"max-image-preview:large","max-video-preview":"max-video-preview:-1"},"canonical":"https:\/\/www.roadtowc.com\/es\/rd-congo-mundial-2026-2\/","og_locale":"es_ES","og_type":"article","og_title":"RD Congo en el Mundial 2026: Los Leopardos regresan al escenario global - Road to the World Cup","og_description":"RD Congo regresa al Mundial por primera vez desde 1974. Los Leopardos llevan pasi\u00f3n africana y talento al torneo 2026 en Norteam\u00e9rica.","og_url":"https:\/\/www.roadtowc.com\/es\/rd-congo-mundial-2026-2\/","og_site_name":"Road to the World Cup","article_published_time":"2026-05-01T19:43:08+00:00","article_modified_time":"2026-05-01T19:56:53+00:00","og_image":[{"width":640,"height":480,"url":"https:\/\/www.roadtowc.com\/wp-content\/uploads\/2026\/05\/dr-congo-2026-world-cup-flag-1.png","type":"image\/png"}],"author":"hjfraind","twitter_card":"summary_large_image","twitter_creator":"@roadtowc","twitter_site":"@roadtowc","twitter_misc":{"Escrito por":"hjfraind","Tiempo de lectura":"1 minuto"},"schema":{"@context":"https:\/\/schema.org","@graph":[{"@type":"Article","@id":"https:\/\/www.roadtowc.com\/es\/rd-congo-mundial-2026-2\/#article","isPartOf":{"@id":"https:\/\/www.roadtowc.com\/es\/rd-congo-mundial-2026-2\/"},"author":{"name":"hjfraind","@id":"https:\/\/www.roadtowc.com\/es\/#\/schema\/person\/e027536b8c7766a032254f303dcd7bba"},"headline":"RD Congo en el Mundial 2026: Los Leopardos regresan al escenario global","datePublished":"2026-05-01T19:43:08+00:00","dateModified":"2026-05-01T19:56:53+00:00","mainEntityOfPage":{"@id":"https:\/\/www.roadtowc.com\/es\/rd-congo-mundial-2026-2\/"},"wordCount":263,"publisher":{"@id":"https:\/\/www.roadtowc.com\/es\/#organization"},"image":{"@id":"https:\/\/www.roadtowc.com\/es\/rd-congo-mundial-2026-2\/#primaryimage"},"thumbnailUrl":"https:\/\/www.roadtowc.com\/wp-content\/uploads\/2026\/05\/dr-congo-2026-world-cup-flag-1.png","articleSection":["Noticias"],"inLanguage":"es"},{"@type":"WebPage","@id":"https:\/\/www.roadtowc.com\/es\/rd-congo-mundial-2026-2\/","url":"https:\/\/www.roadtowc.com\/es\/rd-congo-mundial-2026-2\/","name":"RD Congo en el Mundial 2026: Los Leopardos regresan al escenario global - Road to the World Cup","isPartOf":{"@id":"https:\/\/www.roadtowc.com\/es\/#website"},"primaryImageOfPage":{"@id":"https:\/\/www.roadtowc.com\/es\/rd-congo-mundial-2026-2\/#primaryimage"},"image":{"@id":"https:\/\/www.roadtowc.com\/es\/rd-congo-mundial-2026-2\/#primaryimage"},"thumbnailUrl":"https:\/\/www.roadtowc.com\/wp-content\/uploads\/2026\/05\/dr-congo-2026-world-cup-flag-1.png","datePublished":"2026-05-01T19:43:08+00:00","dateModified":"2026-05-01T19:56:53+00:00","description":"RD Congo regresa al Mundial por primera vez desde 1974. Los Leopardos llevan pasi\u00f3n africana y talento al torneo 2026 en Norteam\u00e9rica.","breadcrumb":{"@id":"https:\/\/www.roadtowc.com\/es\/rd-congo-mundial-2026-2\/#breadcrumb"},"inLanguage":"es","potentialAction":[{"@type":"ReadAction","target":["https:\/\/www.roadtowc.com\/es\/rd-congo-mundial-2026-2\/"]}]},{"@type":"ImageObject","inLanguage":"es","@id":"https:\/\/www.roadtowc.com\/es\/rd-congo-mundial-2026-2\/#primaryimage","url":"https:\/\/www.roadtowc.com\/wp-content\/uploads\/2026\/05\/dr-congo-2026-world-cup-flag-1.png","contentUrl":"https:\/\/www.roadtowc.com\/wp-content\/uploads\/2026\/05\/dr-congo-2026-world-cup-flag-1.png","width":640,"height":480,"caption":"DR Congo at the 2026 World Cup: The Leopards Return to the Global Stage flag"},{"@type":"BreadcrumbList","@id":"https:\/\/www.roadtowc.com\/es\/rd-congo-mundial-2026-2\/#breadcrumb","itemListElement":[{"@type":"ListItem","position":1,"name":"Home","item":"https:\/\/www.roadtowc.com\/es\/"},{"@type":"ListItem","position":2,"name":"RD Congo en el Mundial 2026: Los Leopardos regresan al escenario global"}]},{"@type":"WebSite","@id":"https:\/\/www.roadtowc.com\/es\/#website","url":"https:\/\/www.roadtowc.com\/es\/","name":"Road to the World Cup","description":"Tu gu\u00eda definitiva para la Copa Mundial de la FIFA 2026: noticias, informaci\u00f3n sobre boletos, sedes y m\u00e1s, con toda la cobertura a medida que se acerca el torneo en Estados Unidos, M\u00e9xico y Canad\u00e1.","publisher":{"@id":"https:\/\/www.roadtowc.com\/es\/#organization"},"alternateName":"Road to the World Cup","potentialAction":[{"@type":"SearchAction","target":{"@type":"EntryPoint","urlTemplate":"https:\/\/www.roadtowc.com\/es\/?s={search_term_string}"},"query-input":{"@type":"PropertyValueSpecification","valueRequired":true,"valueName":"search_term_string"}}],"inLanguage":"es"},{"@type":"Organization","@id":"https:\/\/www.roadtowc.com\/es\/#organization","name":"Road to the World Cup","alternateName":"Road to the World Cup","url":"https:\/\/www.roadtowc.com\/es\/","logo":{"@type":"ImageObject","inLanguage":"es","@id":"https:\/\/www.roadtowc.com\/es\/#\/schema\/logo\/image\/","url":"https:\/\/www.roadtowc.com\/wp-content\/uploads\/2024\/07\/New-Logo-head.png","contentUrl":"https:\/\/www.roadtowc.com\/wp-content\/uploads\/2024\/07\/New-Logo-head.png","width":1228,"height":1037,"caption":"Road to the World Cup"},"image":{"@id":"https:\/\/www.roadtowc.com\/es\/#\/schema\/logo\/image\/"},"sameAs":["https:\/\/x.com\/roadtowc"]},{"@type":"Person","@id":"https:\/\/www.roadtowc.com\/es\/#\/schema\/person\/e027536b8c7766a032254f303dcd7bba","name":"hjfraind","image":{"@type":"ImageObject","inLanguage":"es","@id":"https:\/\/secure.gravatar.com\/avatar\/bacbd4bf5f8418d0b903099430d35c7b7e630f7280cfd5f56ba26a6170010cd4?s=96&d=mm&r=g","url":"https:\/\/secure.gravatar.com\/avatar\/bacbd4bf5f8418d0b903099430d35c7b7e630f7280cfd5f56ba26a6170010cd4?s=96&d=mm&r=g","contentUrl":"https:\/\/secure.gravatar.com\/avatar\/bacbd4bf5f8418d0b903099430d35c7b7e630f7280cfd5f56ba26a6170010cd4?s=96&d=mm&r=g","caption":"hjfraind"},"sameAs":["http:\/\/www.roadtowc.com"],"url":"https:\/\/www.roadtowc.com\/es\/author\/hjfraind\/"}]}},"_links":{"self":[{"href":"https:\/\/www.roadtowc.com\/es\/wp-json\/wp\/v2\/posts\/12038","targetHints":{"allow":["GET"]}}],"collection":[{"href":"https:\/\/www.roadtowc.com\/es\/wp-json\/wp\/v2\/posts"}],"about":[{"href":"https:\/\/www.roadtowc.com\/es\/wp-json\/wp\/v2\/types\/post"}],"author":[{"embeddable":true,"href":"https:\/\/www.roadtowc.com\/es\/wp-json\/wp\/v2\/users\/1"}],"replies":[{"embeddable":true,"href":"https:\/\/www.roadtowc.com\/es\/wp-json\/wp\/v2\/comments?post=12038"}],"version-history":[{"count":1,"href":"https:\/\/www.roadtowc.com\/es\/wp-json\/wp\/v2\/posts\/12038\/revisions"}],"predecessor-version":[{"id":12121,"href":"https:\/\/www.roadtowc.com\/es\/wp-json\/wp\/v2\/posts\/12038\/revisions\/12121"}],"wp:featuredmedia":[{"embeddable":true,"href":"https:\/\/www.roadtowc.com\/es\/wp-json\/wp\/v2\/media\/12374"}],"wp:attachment":[{"href":"https:\/\/www.roadtowc.com\/es\/wp-json\/wp\/v2\/media?parent=12038"}],"wp:term":[{"taxonomy":"category","embeddable":true,"href":"https:\/\/www.roadtowc.com\/es\/wp-json\/wp\/v2\/categories?post=12038"},{"taxonomy":"post_tag","embeddable":true,"href":"https:\/\/www.roadtowc.com\/es\/wp-json\/wp\/v2\/tags?post=12038"}],"curies":[{"name":"wp","href":"https:\/\/api.w.org\/{rel}","templated":true}]}}