{"id":12044,"date":"2026-05-01T15:43:12","date_gmt":"2026-05-01T19:43:12","guid":{"rendered":"https:\/\/www.roadtowc.com\/croacia-mundial-2026-2\/"},"modified":"2026-05-01T15:57:03","modified_gmt":"2026-05-01T19:57:03","slug":"croacia-mundial-2026-2","status":"publish","type":"post","link":"https:\/\/www.roadtowc.com\/es\/croacia-mundial-2026-2\/","title":{"rendered":"Croacia en el Mundial 2026: Los Vatreni buscan un \u00faltimo baile"},"content":{"rendered":"<p>Croacia regresa al Mundial de la FIFA, y esta edici\u00f3n tiene un enorme peso emocional. Para Luka Modri\u0107 y la generaci\u00f3n dorada que lleg\u00f3 a la final de 2018 y al partido por el tercer puesto de 2022, este podr\u00eda ser su \u00faltimo baile en el escenario mundial.<\/p>\n<h3>Jugadores clave<\/h3>\n<ul>\n<li><strong>Luka Modri\u0107<\/strong> \u2013 La leyenda del Real Madrid tiene 40 a\u00f1os pero sigue influyendo en los partidos con su extraordinaria visi\u00f3n, pases y liderazgo. Es uno de los mejores mediocampistas de la historia del f\u00fatbol.<\/li>\n<li><strong>Mateo Kova\u010di\u0107<\/strong> \u2013 El mediocampista del Manchester City sigue siendo uno de los mejores recuperadores y distribuidores de Europa.<\/li>\n<li><strong>Ivan Peri\u0161i\u0107<\/strong> \u2013 El veterano extremo aporta experiencia y calidad en cualquier banda.<\/li>\n<li><strong>Dominik Livakovi\u0107<\/strong> \u2013 El arquero que fue el h\u00e9roe de Croacia en 2022 con atajadas clave.<\/li>\n<\/ul>\n<h3>Camino al Mundial<\/h3>\n<p>Croacia clasific\u00f3 directamente a trav\u00e9s de la UEFA, ganando su grupo \u2014 un testimonio de la continua calidad y resiliencia de esta extraordinaria generaci\u00f3n de futbolistas croatas.<\/p>\n<h3>Rivales en el Grupo L<\/h3>\n<p>Croacia enfrenta a Inglaterra, Ghana y Panam\u00e1 en el Grupo L. Hist\u00f3ricamente, Croacia siempre ha competido por encima de sus posibilidades en los Mundiales. Avanzar desde este grupo es la expectativa m\u00ednima.<\/p>\n<h3>Perspectiva<\/h3>\n<p>Nunca descartes a Croacia. Modri\u0107 ha desafiado al tiempo mismo, y este equipo sabe c\u00f3mo ganar partidos en la fase eliminatoria. Una profunda campa\u00f1a ser\u00eda una despedida digna para una de las grandes naciones del Mundial en la era moderna.<\/p>\n","protected":false},"excerpt":{"rendered":"<p>La generaci\u00f3n dorada de Croacia hace una \u00faltima aparici\u00f3n en el Mundial 2026 \u2014 con Modri\u0107 liderando a su naci\u00f3n quiz\u00e1s por \u00faltima vez en el escenario m\u00e1s grande del f\u00fatbol.<\/p>\n","protected":false},"author":1,"featured_media":12380,"comment_status":"closed","ping_status":"closed","sticky":false,"template":"","format":"standard","meta":{"footnotes":""},"categories":[23],"tags":[],"class_list":["post-12044","post","type-post","status-publish","format-standard","has-post-thumbnail","hentry","category-noticias"],"yoast_head":"<!-- This site is optimized with the Yoast SEO plugin v27.5 - https:\/\/yoast.com\/product\/yoast-seo-wordpress\/ -->\n<title>Croacia en el Mundial 2026: Los Vatreni buscan un \u00faltimo baile - Road to the World Cup<\/title>\n<meta name=\"description\" content=\"Croacia clasifica directamente al Mundial 2026, probablemente el \u00faltimo torneo para la generaci\u00f3n dorada de Modri\u0107 y Kova\u010di\u0107. Los Vatreni buscan despedirse con estilo.\" \/>\n<meta name=\"robots\" content=\"index, follow, max-snippet:-1, max-image-preview:large, max-video-preview:-1\" \/>\n<link rel=\"canonical\" href=\"https:\/\/www.roadtowc.com\/es\/croacia-mundial-2026-2\/\" \/>\n<meta property=\"og:locale\" content=\"es_ES\" \/>\n<meta property=\"og:type\" content=\"article\" \/>\n<meta property=\"og:title\" content=\"Croacia en el Mundial 2026: Los Vatreni buscan un \u00faltimo baile - Road to the World Cup\" \/>\n<meta property=\"og:description\" content=\"Croacia clasifica directamente al Mundial 2026, probablemente el \u00faltimo torneo para la generaci\u00f3n dorada de Modri\u0107 y Kova\u010di\u0107. Los Vatreni buscan despedirse con estilo.\" \/>\n<meta property=\"og:url\" content=\"https:\/\/www.roadtowc.com\/es\/croacia-mundial-2026-2\/\" \/>\n<meta property=\"og:site_name\" content=\"Road to the World Cup\" \/>\n<meta property=\"article:published_time\" content=\"2026-05-01T19:43:12+00:00\" \/>\n<meta property=\"article:modified_time\" content=\"2026-05-01T19:57:03+00:00\" \/>\n<meta property=\"og:image\" content=\"https:\/\/www.roadtowc.com\/wp-content\/uploads\/2026\/05\/croatia-2026-world-cup-flag-1.png\" \/>\n\t<meta property=\"og:image:width\" content=\"640\" \/>\n\t<meta property=\"og:image:height\" content=\"320\" \/>\n\t<meta property=\"og:image:type\" content=\"image\/png\" \/>\n<meta name=\"author\" content=\"hjfraind\" \/>\n<meta name=\"twitter:card\" content=\"summary_large_image\" \/>\n<meta name=\"twitter:creator\" content=\"@roadtowc\" \/>\n<meta name=\"twitter:site\" content=\"@roadtowc\" \/>\n<meta name=\"twitter:label1\" content=\"Escrito por\" \/>\n\t<meta name=\"twitter:data1\" content=\"hjfraind\" \/>\n\t<meta name=\"twitter:label2\" content=\"Tiempo de lectura\" \/>\n\t<meta name=\"twitter:data2\" content=\"1 minuto\" \/>\n<script type=\"application\/ld+json\" class=\"yoast-schema-graph\">{\"@context\":\"https:\\\/\\\/schema.org\",\"@graph\":[{\"@type\":\"Article\",\"@id\":\"https:\\\/\\\/www.roadtowc.com\\\/es\\\/croacia-mundial-2026-2\\\/#article\",\"isPartOf\":{\"@id\":\"https:\\\/\\\/www.roadtowc.com\\\/es\\\/croacia-mundial-2026-2\\\/\"},\"author\":{\"name\":\"hjfraind\",\"@id\":\"https:\\\/\\\/www.roadtowc.com\\\/es\\\/#\\\/schema\\\/person\\\/e027536b8c7766a032254f303dcd7bba\"},\"headline\":\"Croacia en el Mundial 2026: Los Vatreni buscan un \u00faltimo baile\",\"datePublished\":\"2026-05-01T19:43:12+00:00\",\"dateModified\":\"2026-05-01T19:57:03+00:00\",\"mainEntityOfPage\":{\"@id\":\"https:\\\/\\\/www.roadtowc.com\\\/es\\\/croacia-mundial-2026-2\\\/\"},\"wordCount\":258,\"publisher\":{\"@id\":\"https:\\\/\\\/www.roadtowc.com\\\/es\\\/#organization\"},\"image\":{\"@id\":\"https:\\\/\\\/www.roadtowc.com\\\/es\\\/croacia-mundial-2026-2\\\/#primaryimage\"},\"thumbnailUrl\":\"https:\\\/\\\/www.roadtowc.com\\\/wp-content\\\/uploads\\\/2026\\\/05\\\/croatia-2026-world-cup-flag-1.png\",\"articleSection\":[\"Noticias\"],\"inLanguage\":\"es\"},{\"@type\":\"WebPage\",\"@id\":\"https:\\\/\\\/www.roadtowc.com\\\/es\\\/croacia-mundial-2026-2\\\/\",\"url\":\"https:\\\/\\\/www.roadtowc.com\\\/es\\\/croacia-mundial-2026-2\\\/\",\"name\":\"Croacia en el Mundial 2026: Los Vatreni buscan un \u00faltimo baile - Road to the World Cup\",\"isPartOf\":{\"@id\":\"https:\\\/\\\/www.roadtowc.com\\\/es\\\/#website\"},\"primaryImageOfPage\":{\"@id\":\"https:\\\/\\\/www.roadtowc.com\\\/es\\\/croacia-mundial-2026-2\\\/#primaryimage\"},\"image\":{\"@id\":\"https:\\\/\\\/www.roadtowc.com\\\/es\\\/croacia-mundial-2026-2\\\/#primaryimage\"},\"thumbnailUrl\":\"https:\\\/\\\/www.roadtowc.com\\\/wp-content\\\/uploads\\\/2026\\\/05\\\/croatia-2026-world-cup-flag-1.png\",\"datePublished\":\"2026-05-01T19:43:12+00:00\",\"dateModified\":\"2026-05-01T19:57:03+00:00\",\"description\":\"Croacia clasifica directamente al Mundial 2026, probablemente el \u00faltimo torneo para la generaci\u00f3n dorada de Modri\u0107 y Kova\u010di\u0107. Los Vatreni buscan despedirse con estilo.\",\"breadcrumb\":{\"@id\":\"https:\\\/\\\/www.roadtowc.com\\\/es\\\/croacia-mundial-2026-2\\\/#breadcrumb\"},\"inLanguage\":\"es\",\"potentialAction\":[{\"@type\":\"ReadAction\",\"target\":[\"https:\\\/\\\/www.roadtowc.com\\\/es\\\/croacia-mundial-2026-2\\\/\"]}]},{\"@type\":\"ImageObject\",\"inLanguage\":\"es\",\"@id\":\"https:\\\/\\\/www.roadtowc.com\\\/es\\\/croacia-mundial-2026-2\\\/#primaryimage\",\"url\":\"https:\\\/\\\/www.roadtowc.com\\\/wp-content\\\/uploads\\\/2026\\\/05\\\/croatia-2026-world-cup-flag-1.png\",\"contentUrl\":\"https:\\\/\\\/www.roadtowc.com\\\/wp-content\\\/uploads\\\/2026\\\/05\\\/croatia-2026-world-cup-flag-1.png\",\"width\":640,\"height\":320,\"caption\":\"Croatia at the 2026 World Cup: The Vatreni's Quest for One Last Dance flag\"},{\"@type\":\"BreadcrumbList\",\"@id\":\"https:\\\/\\\/www.roadtowc.com\\\/es\\\/croacia-mundial-2026-2\\\/#breadcrumb\",\"itemListElement\":[{\"@type\":\"ListItem\",\"position\":1,\"name\":\"Home\",\"item\":\"https:\\\/\\\/www.roadtowc.com\\\/es\\\/\"},{\"@type\":\"ListItem\",\"position\":2,\"name\":\"Croacia en el Mundial 2026: Los Vatreni buscan un \u00faltimo baile\"}]},{\"@type\":\"WebSite\",\"@id\":\"https:\\\/\\\/www.roadtowc.com\\\/es\\\/#website\",\"url\":\"https:\\\/\\\/www.roadtowc.com\\\/es\\\/\",\"name\":\"Road to the World Cup\",\"description\":\"Tu gu\u00eda definitiva para la Copa Mundial de la FIFA 2026: noticias, informaci\u00f3n sobre boletos, sedes y m\u00e1s, con toda la cobertura a medida que se acerca el torneo en Estados Unidos, M\u00e9xico y Canad\u00e1.\",\"publisher\":{\"@id\":\"https:\\\/\\\/www.roadtowc.com\\\/es\\\/#organization\"},\"alternateName\":\"Road to the World Cup\",\"potentialAction\":[{\"@type\":\"SearchAction\",\"target\":{\"@type\":\"EntryPoint\",\"urlTemplate\":\"https:\\\/\\\/www.roadtowc.com\\\/es\\\/?s={search_term_string}\"},\"query-input\":{\"@type\":\"PropertyValueSpecification\",\"valueRequired\":true,\"valueName\":\"search_term_string\"}}],\"inLanguage\":\"es\"},{\"@type\":\"Organization\",\"@id\":\"https:\\\/\\\/www.roadtowc.com\\\/es\\\/#organization\",\"name\":\"Road to the World Cup\",\"alternateName\":\"Road to the World Cup\",\"url\":\"https:\\\/\\\/www.roadtowc.com\\\/es\\\/\",\"logo\":{\"@type\":\"ImageObject\",\"inLanguage\":\"es\",\"@id\":\"https:\\\/\\\/www.roadtowc.com\\\/es\\\/#\\\/schema\\\/logo\\\/image\\\/\",\"url\":\"https:\\\/\\\/www.roadtowc.com\\\/wp-content\\\/uploads\\\/2024\\\/07\\\/New-Logo-head.png\",\"contentUrl\":\"https:\\\/\\\/www.roadtowc.com\\\/wp-content\\\/uploads\\\/2024\\\/07\\\/New-Logo-head.png\",\"width\":1228,\"height\":1037,\"caption\":\"Road to the World Cup\"},\"image\":{\"@id\":\"https:\\\/\\\/www.roadtowc.com\\\/es\\\/#\\\/schema\\\/logo\\\/image\\\/\"},\"sameAs\":[\"https:\\\/\\\/x.com\\\/roadtowc\"]},{\"@type\":\"Person\",\"@id\":\"https:\\\/\\\/www.roadtowc.com\\\/es\\\/#\\\/schema\\\/person\\\/e027536b8c7766a032254f303dcd7bba\",\"name\":\"hjfraind\",\"image\":{\"@type\":\"ImageObject\",\"inLanguage\":\"es\",\"@id\":\"https:\\\/\\\/secure.gravatar.com\\\/avatar\\\/bacbd4bf5f8418d0b903099430d35c7b7e630f7280cfd5f56ba26a6170010cd4?s=96&d=mm&r=g\",\"url\":\"https:\\\/\\\/secure.gravatar.com\\\/avatar\\\/bacbd4bf5f8418d0b903099430d35c7b7e630f7280cfd5f56ba26a6170010cd4?s=96&d=mm&r=g\",\"contentUrl\":\"https:\\\/\\\/secure.gravatar.com\\\/avatar\\\/bacbd4bf5f8418d0b903099430d35c7b7e630f7280cfd5f56ba26a6170010cd4?s=96&d=mm&r=g\",\"caption\":\"hjfraind\"},\"sameAs\":[\"http:\\\/\\\/www.roadtowc.com\"],\"url\":\"https:\\\/\\\/www.roadtowc.com\\\/es\\\/author\\\/hjfraind\\\/\"}]}<\/script>\n<!-- \/ Yoast SEO plugin. -->","yoast_head_json":{"title":"Croacia en el Mundial 2026: Los Vatreni buscan un \u00faltimo baile - Road to the World Cup","description":"Croacia clasifica directamente al Mundial 2026, probablemente el \u00faltimo torneo para la generaci\u00f3n dorada de Modri\u0107 y Kova\u010di\u0107. Los Vatreni buscan despedirse con estilo.","robots":{"index":"index","follow":"follow","max-snippet":"max-snippet:-1","max-image-preview":"max-image-preview:large","max-video-preview":"max-video-preview:-1"},"canonical":"https:\/\/www.roadtowc.com\/es\/croacia-mundial-2026-2\/","og_locale":"es_ES","og_type":"article","og_title":"Croacia en el Mundial 2026: Los Vatreni buscan un \u00faltimo baile - Road to the World Cup","og_description":"Croacia clasifica directamente al Mundial 2026, probablemente el \u00faltimo torneo para la generaci\u00f3n dorada de Modri\u0107 y Kova\u010di\u0107. Los Vatreni buscan despedirse con estilo.","og_url":"https:\/\/www.roadtowc.com\/es\/croacia-mundial-2026-2\/","og_site_name":"Road to the World Cup","article_published_time":"2026-05-01T19:43:12+00:00","article_modified_time":"2026-05-01T19:57:03+00:00","og_image":[{"width":640,"height":320,"url":"https:\/\/www.roadtowc.com\/wp-content\/uploads\/2026\/05\/croatia-2026-world-cup-flag-1.png","type":"image\/png"}],"author":"hjfraind","twitter_card":"summary_large_image","twitter_creator":"@roadtowc","twitter_site":"@roadtowc","twitter_misc":{"Escrito por":"hjfraind","Tiempo de lectura":"1 minuto"},"schema":{"@context":"https:\/\/schema.org","@graph":[{"@type":"Article","@id":"https:\/\/www.roadtowc.com\/es\/croacia-mundial-2026-2\/#article","isPartOf":{"@id":"https:\/\/www.roadtowc.com\/es\/croacia-mundial-2026-2\/"},"author":{"name":"hjfraind","@id":"https:\/\/www.roadtowc.com\/es\/#\/schema\/person\/e027536b8c7766a032254f303dcd7bba"},"headline":"Croacia en el Mundial 2026: Los Vatreni buscan un \u00faltimo baile","datePublished":"2026-05-01T19:43:12+00:00","dateModified":"2026-05-01T19:57:03+00:00","mainEntityOfPage":{"@id":"https:\/\/www.roadtowc.com\/es\/croacia-mundial-2026-2\/"},"wordCount":258,"publisher":{"@id":"https:\/\/www.roadtowc.com\/es\/#organization"},"image":{"@id":"https:\/\/www.roadtowc.com\/es\/croacia-mundial-2026-2\/#primaryimage"},"thumbnailUrl":"https:\/\/www.roadtowc.com\/wp-content\/uploads\/2026\/05\/croatia-2026-world-cup-flag-1.png","articleSection":["Noticias"],"inLanguage":"es"},{"@type":"WebPage","@id":"https:\/\/www.roadtowc.com\/es\/croacia-mundial-2026-2\/","url":"https:\/\/www.roadtowc.com\/es\/croacia-mundial-2026-2\/","name":"Croacia en el Mundial 2026: Los Vatreni buscan un \u00faltimo baile - Road to the World Cup","isPartOf":{"@id":"https:\/\/www.roadtowc.com\/es\/#website"},"primaryImageOfPage":{"@id":"https:\/\/www.roadtowc.com\/es\/croacia-mundial-2026-2\/#primaryimage"},"image":{"@id":"https:\/\/www.roadtowc.com\/es\/croacia-mundial-2026-2\/#primaryimage"},"thumbnailUrl":"https:\/\/www.roadtowc.com\/wp-content\/uploads\/2026\/05\/croatia-2026-world-cup-flag-1.png","datePublished":"2026-05-01T19:43:12+00:00","dateModified":"2026-05-01T19:57:03+00:00","description":"Croacia clasifica directamente al Mundial 2026, probablemente el \u00faltimo torneo para la generaci\u00f3n dorada de Modri\u0107 y Kova\u010di\u0107. Los Vatreni buscan despedirse con estilo.","breadcrumb":{"@id":"https:\/\/www.roadtowc.com\/es\/croacia-mundial-2026-2\/#breadcrumb"},"inLanguage":"es","potentialAction":[{"@type":"ReadAction","target":["https:\/\/www.roadtowc.com\/es\/croacia-mundial-2026-2\/"]}]},{"@type":"ImageObject","inLanguage":"es","@id":"https:\/\/www.roadtowc.com\/es\/croacia-mundial-2026-2\/#primaryimage","url":"https:\/\/www.roadtowc.com\/wp-content\/uploads\/2026\/05\/croatia-2026-world-cup-flag-1.png","contentUrl":"https:\/\/www.roadtowc.com\/wp-content\/uploads\/2026\/05\/croatia-2026-world-cup-flag-1.png","width":640,"height":320,"caption":"Croatia at the 2026 World Cup: The Vatreni's Quest for One Last Dance flag"},{"@type":"BreadcrumbList","@id":"https:\/\/www.roadtowc.com\/es\/croacia-mundial-2026-2\/#breadcrumb","itemListElement":[{"@type":"ListItem","position":1,"name":"Home","item":"https:\/\/www.roadtowc.com\/es\/"},{"@type":"ListItem","position":2,"name":"Croacia en el Mundial 2026: Los Vatreni buscan un \u00faltimo baile"}]},{"@type":"WebSite","@id":"https:\/\/www.roadtowc.com\/es\/#website","url":"https:\/\/www.roadtowc.com\/es\/","name":"Road to the World Cup","description":"Tu gu\u00eda definitiva para la Copa Mundial de la FIFA 2026: noticias, informaci\u00f3n sobre boletos, sedes y m\u00e1s, con toda la cobertura a medida que se acerca el torneo en Estados Unidos, M\u00e9xico y Canad\u00e1.","publisher":{"@id":"https:\/\/www.roadtowc.com\/es\/#organization"},"alternateName":"Road to the World Cup","potentialAction":[{"@type":"SearchAction","target":{"@type":"EntryPoint","urlTemplate":"https:\/\/www.roadtowc.com\/es\/?s={search_term_string}"},"query-input":{"@type":"PropertyValueSpecification","valueRequired":true,"valueName":"search_term_string"}}],"inLanguage":"es"},{"@type":"Organization","@id":"https:\/\/www.roadtowc.com\/es\/#organization","name":"Road to the World Cup","alternateName":"Road to the World Cup","url":"https:\/\/www.roadtowc.com\/es\/","logo":{"@type":"ImageObject","inLanguage":"es","@id":"https:\/\/www.roadtowc.com\/es\/#\/schema\/logo\/image\/","url":"https:\/\/www.roadtowc.com\/wp-content\/uploads\/2024\/07\/New-Logo-head.png","contentUrl":"https:\/\/www.roadtowc.com\/wp-content\/uploads\/2024\/07\/New-Logo-head.png","width":1228,"height":1037,"caption":"Road to the World Cup"},"image":{"@id":"https:\/\/www.roadtowc.com\/es\/#\/schema\/logo\/image\/"},"sameAs":["https:\/\/x.com\/roadtowc"]},{"@type":"Person","@id":"https:\/\/www.roadtowc.com\/es\/#\/schema\/person\/e027536b8c7766a032254f303dcd7bba","name":"hjfraind","image":{"@type":"ImageObject","inLanguage":"es","@id":"https:\/\/secure.gravatar.com\/avatar\/bacbd4bf5f8418d0b903099430d35c7b7e630f7280cfd5f56ba26a6170010cd4?s=96&d=mm&r=g","url":"https:\/\/secure.gravatar.com\/avatar\/bacbd4bf5f8418d0b903099430d35c7b7e630f7280cfd5f56ba26a6170010cd4?s=96&d=mm&r=g","contentUrl":"https:\/\/secure.gravatar.com\/avatar\/bacbd4bf5f8418d0b903099430d35c7b7e630f7280cfd5f56ba26a6170010cd4?s=96&d=mm&r=g","caption":"hjfraind"},"sameAs":["http:\/\/www.roadtowc.com"],"url":"https:\/\/www.roadtowc.com\/es\/author\/hjfraind\/"}]}},"_links":{"self":[{"href":"https:\/\/www.roadtowc.com\/es\/wp-json\/wp\/v2\/posts\/12044","targetHints":{"allow":["GET"]}}],"collection":[{"href":"https:\/\/www.roadtowc.com\/es\/wp-json\/wp\/v2\/posts"}],"about":[{"href":"https:\/\/www.roadtowc.com\/es\/wp-json\/wp\/v2\/types\/post"}],"author":[{"embeddable":true,"href":"https:\/\/www.roadtowc.com\/es\/wp-json\/wp\/v2\/users\/1"}],"replies":[{"embeddable":true,"href":"https:\/\/www.roadtowc.com\/es\/wp-json\/wp\/v2\/comments?post=12044"}],"version-history":[{"count":1,"href":"https:\/\/www.roadtowc.com\/es\/wp-json\/wp\/v2\/posts\/12044\/revisions"}],"predecessor-version":[{"id":12133,"href":"https:\/\/www.roadtowc.com\/es\/wp-json\/wp\/v2\/posts\/12044\/revisions\/12133"}],"wp:featuredmedia":[{"embeddable":true,"href":"https:\/\/www.roadtowc.com\/es\/wp-json\/wp\/v2\/media\/12380"}],"wp:attachment":[{"href":"https:\/\/www.roadtowc.com\/es\/wp-json\/wp\/v2\/media?parent=12044"}],"wp:term":[{"taxonomy":"category","embeddable":true,"href":"https:\/\/www.roadtowc.com\/es\/wp-json\/wp\/v2\/categories?post=12044"},{"taxonomy":"post_tag","embeddable":true,"href":"https:\/\/www.roadtowc.com\/es\/wp-json\/wp\/v2\/tags?post=12044"}],"curies":[{"name":"wp","href":"https:\/\/api.w.org\/{rel}","templated":true}]}}