{"id":12050,"date":"2026-05-01T15:43:16","date_gmt":"2026-05-01T19:43:16","guid":{"rendered":"https:\/\/www.roadtowc.com\/panama-mundial-2026-2\/"},"modified":"2026-05-01T15:57:13","modified_gmt":"2026-05-01T19:57:13","slug":"panama-mundial-2026-2","status":"publish","type":"post","link":"https:\/\/www.roadtowc.com\/es\/panama-mundial-2026-2\/","title":{"rendered":"Panam\u00e1 en el Mundial 2026: Los Canaleros se lucen en su propio continente"},"content":{"rendered":"<p>Panam\u00e1 regresa al Mundial de la FIFA por segunda vez en su historia. Los Canaleros hicieron historia en 2018 con su debut en Rusia, y ahora regresan a competir en un Mundial organizado en su propio continente \u2014 una fuente de inmenso orgullo para el f\u00fatbol paname\u00f1o.<\/p>\n<h3>Jugadores clave<\/h3>\n<ul>\n<li><strong>Rolando Blackburn<\/strong> \u2013 El experimentado atacante ha sido una amenaza goleadora constante para Panam\u00e1.<\/li>\n<li><strong>Adalberto Carrasquilla<\/strong> \u2013 El mediocampista creativo que aporta imaginaci\u00f3n y energ\u00eda al centro del campo.<\/li>\n<li><strong>\u00c9dgar B\u00e1rcenas<\/strong> \u2013 Mediocampista vers\u00e1til y especialista en pelota parada, central en la campa\u00f1a de Panam\u00e1.<\/li>\n<li><strong>Luis Mej\u00eda<\/strong> \u2013 El confiable arquero que ha mantenido competitiva a Panam\u00e1 en la clasificaci\u00f3n de CONCACAF.<\/li>\n<\/ul>\n<h3>Camino al Mundial<\/h3>\n<p>Panam\u00e1 clasific\u00f3 a trav\u00e9s de la CONCACAF con una campa\u00f1a resiliente y f\u00edsica bajo la direcci\u00f3n del t\u00e9cnico Thomas Christiansen. Sus actuaciones en la clasificaci\u00f3n demostraron la creciente calidad y profundidad del f\u00fatbol paname\u00f1o.<\/p>\n<h3>Rivales en el Grupo L<\/h3>\n<p>En el Grupo L, Panam\u00e1 enfrenta a Inglaterra, Croacia y Ghana. Es un grupo desafiante, pero la fisicidad y la organizaci\u00f3n paname\u00f1a pueden complicarle la vida a cualquier rival. Avanzar de la fase de grupos ser\u00eda un logro hist\u00f3rico.<\/p>\n<h3>Perspectiva<\/h3>\n<p>Panam\u00e1 pelear\u00e1 por cada punto. Su estilo disciplinado y f\u00edsico puede causar problemas a cualquier equipo en su mejor d\u00eda. Aunque avanzar del Grupo L ser\u00eda un enorme logro, Panam\u00e1 dejar\u00e1 todo en el campo.<\/p>\n","protected":false},"excerpt":{"rendered":"<p>Panam\u00e1 regresa a su segunda aparici\u00f3n mundialista, motivado por el orgullo de representar a Centroam\u00e9rica en un escenario norteamericano.<\/p>\n","protected":false},"author":1,"featured_media":12386,"comment_status":"closed","ping_status":"closed","sticky":false,"template":"","format":"standard","meta":{"footnotes":""},"categories":[23],"tags":[],"class_list":["post-12050","post","type-post","status-publish","format-standard","has-post-thumbnail","hentry","category-noticias"],"yoast_head":"<!-- This site is optimized with the Yoast SEO plugin v27.5 - https:\/\/yoast.com\/product\/yoast-seo-wordpress\/ -->\n<title>Panam\u00e1 en el Mundial 2026: Los Canaleros se lucen en su propio continente - Road to the World Cup<\/title>\n<meta name=\"description\" content=\"Panam\u00e1 clasifica a su segundo Mundial en 2026 con sue\u00f1os de replicar su debut de 2018. Los Canaleros representan la creciente fortaleza del f\u00fatbol de CONCACAF.\" \/>\n<meta name=\"robots\" content=\"index, follow, max-snippet:-1, max-image-preview:large, max-video-preview:-1\" \/>\n<link rel=\"canonical\" href=\"https:\/\/www.roadtowc.com\/es\/panama-mundial-2026-2\/\" \/>\n<meta property=\"og:locale\" content=\"es_ES\" \/>\n<meta property=\"og:type\" content=\"article\" \/>\n<meta property=\"og:title\" content=\"Panam\u00e1 en el Mundial 2026: Los Canaleros se lucen en su propio continente - Road to the World Cup\" \/>\n<meta property=\"og:description\" content=\"Panam\u00e1 clasifica a su segundo Mundial en 2026 con sue\u00f1os de replicar su debut de 2018. Los Canaleros representan la creciente fortaleza del f\u00fatbol de CONCACAF.\" \/>\n<meta property=\"og:url\" content=\"https:\/\/www.roadtowc.com\/es\/panama-mundial-2026-2\/\" \/>\n<meta property=\"og:site_name\" content=\"Road to the World Cup\" \/>\n<meta property=\"article:published_time\" content=\"2026-05-01T19:43:16+00:00\" \/>\n<meta property=\"article:modified_time\" content=\"2026-05-01T19:57:13+00:00\" \/>\n<meta property=\"og:image\" content=\"https:\/\/www.roadtowc.com\/wp-content\/uploads\/2026\/05\/panama-2026-world-cup-flag-1.png\" \/>\n\t<meta property=\"og:image:width\" content=\"640\" \/>\n\t<meta property=\"og:image:height\" content=\"427\" \/>\n\t<meta property=\"og:image:type\" content=\"image\/png\" \/>\n<meta name=\"author\" content=\"hjfraind\" \/>\n<meta name=\"twitter:card\" content=\"summary_large_image\" \/>\n<meta name=\"twitter:creator\" content=\"@roadtowc\" \/>\n<meta name=\"twitter:site\" content=\"@roadtowc\" \/>\n<meta name=\"twitter:label1\" content=\"Escrito por\" \/>\n\t<meta name=\"twitter:data1\" content=\"hjfraind\" \/>\n\t<meta name=\"twitter:label2\" content=\"Tiempo de lectura\" \/>\n\t<meta name=\"twitter:data2\" content=\"1 minuto\" \/>\n<script type=\"application\/ld+json\" class=\"yoast-schema-graph\">{\"@context\":\"https:\\\/\\\/schema.org\",\"@graph\":[{\"@type\":\"Article\",\"@id\":\"https:\\\/\\\/www.roadtowc.com\\\/es\\\/panama-mundial-2026-2\\\/#article\",\"isPartOf\":{\"@id\":\"https:\\\/\\\/www.roadtowc.com\\\/es\\\/panama-mundial-2026-2\\\/\"},\"author\":{\"name\":\"hjfraind\",\"@id\":\"https:\\\/\\\/www.roadtowc.com\\\/es\\\/#\\\/schema\\\/person\\\/e027536b8c7766a032254f303dcd7bba\"},\"headline\":\"Panam\u00e1 en el Mundial 2026: Los Canaleros se lucen en su propio continente\",\"datePublished\":\"2026-05-01T19:43:16+00:00\",\"dateModified\":\"2026-05-01T19:57:13+00:00\",\"mainEntityOfPage\":{\"@id\":\"https:\\\/\\\/www.roadtowc.com\\\/es\\\/panama-mundial-2026-2\\\/\"},\"wordCount\":258,\"publisher\":{\"@id\":\"https:\\\/\\\/www.roadtowc.com\\\/es\\\/#organization\"},\"image\":{\"@id\":\"https:\\\/\\\/www.roadtowc.com\\\/es\\\/panama-mundial-2026-2\\\/#primaryimage\"},\"thumbnailUrl\":\"https:\\\/\\\/www.roadtowc.com\\\/wp-content\\\/uploads\\\/2026\\\/05\\\/panama-2026-world-cup-flag-1.png\",\"articleSection\":[\"Noticias\"],\"inLanguage\":\"es\"},{\"@type\":\"WebPage\",\"@id\":\"https:\\\/\\\/www.roadtowc.com\\\/es\\\/panama-mundial-2026-2\\\/\",\"url\":\"https:\\\/\\\/www.roadtowc.com\\\/es\\\/panama-mundial-2026-2\\\/\",\"name\":\"Panam\u00e1 en el Mundial 2026: Los Canaleros se lucen en su propio continente - Road to the World Cup\",\"isPartOf\":{\"@id\":\"https:\\\/\\\/www.roadtowc.com\\\/es\\\/#website\"},\"primaryImageOfPage\":{\"@id\":\"https:\\\/\\\/www.roadtowc.com\\\/es\\\/panama-mundial-2026-2\\\/#primaryimage\"},\"image\":{\"@id\":\"https:\\\/\\\/www.roadtowc.com\\\/es\\\/panama-mundial-2026-2\\\/#primaryimage\"},\"thumbnailUrl\":\"https:\\\/\\\/www.roadtowc.com\\\/wp-content\\\/uploads\\\/2026\\\/05\\\/panama-2026-world-cup-flag-1.png\",\"datePublished\":\"2026-05-01T19:43:16+00:00\",\"dateModified\":\"2026-05-01T19:57:13+00:00\",\"description\":\"Panam\u00e1 clasifica a su segundo Mundial en 2026 con sue\u00f1os de replicar su debut de 2018. Los Canaleros representan la creciente fortaleza del f\u00fatbol de CONCACAF.\",\"breadcrumb\":{\"@id\":\"https:\\\/\\\/www.roadtowc.com\\\/es\\\/panama-mundial-2026-2\\\/#breadcrumb\"},\"inLanguage\":\"es\",\"potentialAction\":[{\"@type\":\"ReadAction\",\"target\":[\"https:\\\/\\\/www.roadtowc.com\\\/es\\\/panama-mundial-2026-2\\\/\"]}]},{\"@type\":\"ImageObject\",\"inLanguage\":\"es\",\"@id\":\"https:\\\/\\\/www.roadtowc.com\\\/es\\\/panama-mundial-2026-2\\\/#primaryimage\",\"url\":\"https:\\\/\\\/www.roadtowc.com\\\/wp-content\\\/uploads\\\/2026\\\/05\\\/panama-2026-world-cup-flag-1.png\",\"contentUrl\":\"https:\\\/\\\/www.roadtowc.com\\\/wp-content\\\/uploads\\\/2026\\\/05\\\/panama-2026-world-cup-flag-1.png\",\"width\":640,\"height\":427,\"caption\":\"Panama at the 2026 World Cup: Los Canaleros Step Up to Co-Host Their Continent flag\"},{\"@type\":\"BreadcrumbList\",\"@id\":\"https:\\\/\\\/www.roadtowc.com\\\/es\\\/panama-mundial-2026-2\\\/#breadcrumb\",\"itemListElement\":[{\"@type\":\"ListItem\",\"position\":1,\"name\":\"Home\",\"item\":\"https:\\\/\\\/www.roadtowc.com\\\/es\\\/\"},{\"@type\":\"ListItem\",\"position\":2,\"name\":\"Panam\u00e1 en el Mundial 2026: Los Canaleros se lucen en su propio continente\"}]},{\"@type\":\"WebSite\",\"@id\":\"https:\\\/\\\/www.roadtowc.com\\\/es\\\/#website\",\"url\":\"https:\\\/\\\/www.roadtowc.com\\\/es\\\/\",\"name\":\"Road to the World Cup\",\"description\":\"Tu gu\u00eda definitiva para la Copa Mundial de la FIFA 2026: noticias, informaci\u00f3n sobre boletos, sedes y m\u00e1s, con toda la cobertura a medida que se acerca el torneo en Estados Unidos, M\u00e9xico y Canad\u00e1.\",\"publisher\":{\"@id\":\"https:\\\/\\\/www.roadtowc.com\\\/es\\\/#organization\"},\"alternateName\":\"Road to the World Cup\",\"potentialAction\":[{\"@type\":\"SearchAction\",\"target\":{\"@type\":\"EntryPoint\",\"urlTemplate\":\"https:\\\/\\\/www.roadtowc.com\\\/es\\\/?s={search_term_string}\"},\"query-input\":{\"@type\":\"PropertyValueSpecification\",\"valueRequired\":true,\"valueName\":\"search_term_string\"}}],\"inLanguage\":\"es\"},{\"@type\":\"Organization\",\"@id\":\"https:\\\/\\\/www.roadtowc.com\\\/es\\\/#organization\",\"name\":\"Road to the World Cup\",\"alternateName\":\"Road to the World Cup\",\"url\":\"https:\\\/\\\/www.roadtowc.com\\\/es\\\/\",\"logo\":{\"@type\":\"ImageObject\",\"inLanguage\":\"es\",\"@id\":\"https:\\\/\\\/www.roadtowc.com\\\/es\\\/#\\\/schema\\\/logo\\\/image\\\/\",\"url\":\"https:\\\/\\\/www.roadtowc.com\\\/wp-content\\\/uploads\\\/2024\\\/07\\\/New-Logo-head.png\",\"contentUrl\":\"https:\\\/\\\/www.roadtowc.com\\\/wp-content\\\/uploads\\\/2024\\\/07\\\/New-Logo-head.png\",\"width\":1228,\"height\":1037,\"caption\":\"Road to the World Cup\"},\"image\":{\"@id\":\"https:\\\/\\\/www.roadtowc.com\\\/es\\\/#\\\/schema\\\/logo\\\/image\\\/\"},\"sameAs\":[\"https:\\\/\\\/x.com\\\/roadtowc\"]},{\"@type\":\"Person\",\"@id\":\"https:\\\/\\\/www.roadtowc.com\\\/es\\\/#\\\/schema\\\/person\\\/e027536b8c7766a032254f303dcd7bba\",\"name\":\"hjfraind\",\"image\":{\"@type\":\"ImageObject\",\"inLanguage\":\"es\",\"@id\":\"https:\\\/\\\/secure.gravatar.com\\\/avatar\\\/bacbd4bf5f8418d0b903099430d35c7b7e630f7280cfd5f56ba26a6170010cd4?s=96&d=mm&r=g\",\"url\":\"https:\\\/\\\/secure.gravatar.com\\\/avatar\\\/bacbd4bf5f8418d0b903099430d35c7b7e630f7280cfd5f56ba26a6170010cd4?s=96&d=mm&r=g\",\"contentUrl\":\"https:\\\/\\\/secure.gravatar.com\\\/avatar\\\/bacbd4bf5f8418d0b903099430d35c7b7e630f7280cfd5f56ba26a6170010cd4?s=96&d=mm&r=g\",\"caption\":\"hjfraind\"},\"sameAs\":[\"http:\\\/\\\/www.roadtowc.com\"],\"url\":\"https:\\\/\\\/www.roadtowc.com\\\/es\\\/author\\\/hjfraind\\\/\"}]}<\/script>\n<!-- \/ Yoast SEO plugin. -->","yoast_head_json":{"title":"Panam\u00e1 en el Mundial 2026: Los Canaleros se lucen en su propio continente - Road to the World Cup","description":"Panam\u00e1 clasifica a su segundo Mundial en 2026 con sue\u00f1os de replicar su debut de 2018. Los Canaleros representan la creciente fortaleza del f\u00fatbol de CONCACAF.","robots":{"index":"index","follow":"follow","max-snippet":"max-snippet:-1","max-image-preview":"max-image-preview:large","max-video-preview":"max-video-preview:-1"},"canonical":"https:\/\/www.roadtowc.com\/es\/panama-mundial-2026-2\/","og_locale":"es_ES","og_type":"article","og_title":"Panam\u00e1 en el Mundial 2026: Los Canaleros se lucen en su propio continente - Road to the World Cup","og_description":"Panam\u00e1 clasifica a su segundo Mundial en 2026 con sue\u00f1os de replicar su debut de 2018. Los Canaleros representan la creciente fortaleza del f\u00fatbol de CONCACAF.","og_url":"https:\/\/www.roadtowc.com\/es\/panama-mundial-2026-2\/","og_site_name":"Road to the World Cup","article_published_time":"2026-05-01T19:43:16+00:00","article_modified_time":"2026-05-01T19:57:13+00:00","og_image":[{"width":640,"height":427,"url":"https:\/\/www.roadtowc.com\/wp-content\/uploads\/2026\/05\/panama-2026-world-cup-flag-1.png","type":"image\/png"}],"author":"hjfraind","twitter_card":"summary_large_image","twitter_creator":"@roadtowc","twitter_site":"@roadtowc","twitter_misc":{"Escrito por":"hjfraind","Tiempo de lectura":"1 minuto"},"schema":{"@context":"https:\/\/schema.org","@graph":[{"@type":"Article","@id":"https:\/\/www.roadtowc.com\/es\/panama-mundial-2026-2\/#article","isPartOf":{"@id":"https:\/\/www.roadtowc.com\/es\/panama-mundial-2026-2\/"},"author":{"name":"hjfraind","@id":"https:\/\/www.roadtowc.com\/es\/#\/schema\/person\/e027536b8c7766a032254f303dcd7bba"},"headline":"Panam\u00e1 en el Mundial 2026: Los Canaleros se lucen en su propio continente","datePublished":"2026-05-01T19:43:16+00:00","dateModified":"2026-05-01T19:57:13+00:00","mainEntityOfPage":{"@id":"https:\/\/www.roadtowc.com\/es\/panama-mundial-2026-2\/"},"wordCount":258,"publisher":{"@id":"https:\/\/www.roadtowc.com\/es\/#organization"},"image":{"@id":"https:\/\/www.roadtowc.com\/es\/panama-mundial-2026-2\/#primaryimage"},"thumbnailUrl":"https:\/\/www.roadtowc.com\/wp-content\/uploads\/2026\/05\/panama-2026-world-cup-flag-1.png","articleSection":["Noticias"],"inLanguage":"es"},{"@type":"WebPage","@id":"https:\/\/www.roadtowc.com\/es\/panama-mundial-2026-2\/","url":"https:\/\/www.roadtowc.com\/es\/panama-mundial-2026-2\/","name":"Panam\u00e1 en el Mundial 2026: Los Canaleros se lucen en su propio continente - Road to the World Cup","isPartOf":{"@id":"https:\/\/www.roadtowc.com\/es\/#website"},"primaryImageOfPage":{"@id":"https:\/\/www.roadtowc.com\/es\/panama-mundial-2026-2\/#primaryimage"},"image":{"@id":"https:\/\/www.roadtowc.com\/es\/panama-mundial-2026-2\/#primaryimage"},"thumbnailUrl":"https:\/\/www.roadtowc.com\/wp-content\/uploads\/2026\/05\/panama-2026-world-cup-flag-1.png","datePublished":"2026-05-01T19:43:16+00:00","dateModified":"2026-05-01T19:57:13+00:00","description":"Panam\u00e1 clasifica a su segundo Mundial en 2026 con sue\u00f1os de replicar su debut de 2018. Los Canaleros representan la creciente fortaleza del f\u00fatbol de CONCACAF.","breadcrumb":{"@id":"https:\/\/www.roadtowc.com\/es\/panama-mundial-2026-2\/#breadcrumb"},"inLanguage":"es","potentialAction":[{"@type":"ReadAction","target":["https:\/\/www.roadtowc.com\/es\/panama-mundial-2026-2\/"]}]},{"@type":"ImageObject","inLanguage":"es","@id":"https:\/\/www.roadtowc.com\/es\/panama-mundial-2026-2\/#primaryimage","url":"https:\/\/www.roadtowc.com\/wp-content\/uploads\/2026\/05\/panama-2026-world-cup-flag-1.png","contentUrl":"https:\/\/www.roadtowc.com\/wp-content\/uploads\/2026\/05\/panama-2026-world-cup-flag-1.png","width":640,"height":427,"caption":"Panama at the 2026 World Cup: Los Canaleros Step Up to Co-Host Their Continent flag"},{"@type":"BreadcrumbList","@id":"https:\/\/www.roadtowc.com\/es\/panama-mundial-2026-2\/#breadcrumb","itemListElement":[{"@type":"ListItem","position":1,"name":"Home","item":"https:\/\/www.roadtowc.com\/es\/"},{"@type":"ListItem","position":2,"name":"Panam\u00e1 en el Mundial 2026: Los Canaleros se lucen en su propio continente"}]},{"@type":"WebSite","@id":"https:\/\/www.roadtowc.com\/es\/#website","url":"https:\/\/www.roadtowc.com\/es\/","name":"Road to the World Cup","description":"Tu gu\u00eda definitiva para la Copa Mundial de la FIFA 2026: noticias, informaci\u00f3n sobre boletos, sedes y m\u00e1s, con toda la cobertura a medida que se acerca el torneo en Estados Unidos, M\u00e9xico y Canad\u00e1.","publisher":{"@id":"https:\/\/www.roadtowc.com\/es\/#organization"},"alternateName":"Road to the World Cup","potentialAction":[{"@type":"SearchAction","target":{"@type":"EntryPoint","urlTemplate":"https:\/\/www.roadtowc.com\/es\/?s={search_term_string}"},"query-input":{"@type":"PropertyValueSpecification","valueRequired":true,"valueName":"search_term_string"}}],"inLanguage":"es"},{"@type":"Organization","@id":"https:\/\/www.roadtowc.com\/es\/#organization","name":"Road to the World Cup","alternateName":"Road to the World Cup","url":"https:\/\/www.roadtowc.com\/es\/","logo":{"@type":"ImageObject","inLanguage":"es","@id":"https:\/\/www.roadtowc.com\/es\/#\/schema\/logo\/image\/","url":"https:\/\/www.roadtowc.com\/wp-content\/uploads\/2024\/07\/New-Logo-head.png","contentUrl":"https:\/\/www.roadtowc.com\/wp-content\/uploads\/2024\/07\/New-Logo-head.png","width":1228,"height":1037,"caption":"Road to the World Cup"},"image":{"@id":"https:\/\/www.roadtowc.com\/es\/#\/schema\/logo\/image\/"},"sameAs":["https:\/\/x.com\/roadtowc"]},{"@type":"Person","@id":"https:\/\/www.roadtowc.com\/es\/#\/schema\/person\/e027536b8c7766a032254f303dcd7bba","name":"hjfraind","image":{"@type":"ImageObject","inLanguage":"es","@id":"https:\/\/secure.gravatar.com\/avatar\/bacbd4bf5f8418d0b903099430d35c7b7e630f7280cfd5f56ba26a6170010cd4?s=96&d=mm&r=g","url":"https:\/\/secure.gravatar.com\/avatar\/bacbd4bf5f8418d0b903099430d35c7b7e630f7280cfd5f56ba26a6170010cd4?s=96&d=mm&r=g","contentUrl":"https:\/\/secure.gravatar.com\/avatar\/bacbd4bf5f8418d0b903099430d35c7b7e630f7280cfd5f56ba26a6170010cd4?s=96&d=mm&r=g","caption":"hjfraind"},"sameAs":["http:\/\/www.roadtowc.com"],"url":"https:\/\/www.roadtowc.com\/es\/author\/hjfraind\/"}]}},"_links":{"self":[{"href":"https:\/\/www.roadtowc.com\/es\/wp-json\/wp\/v2\/posts\/12050","targetHints":{"allow":["GET"]}}],"collection":[{"href":"https:\/\/www.roadtowc.com\/es\/wp-json\/wp\/v2\/posts"}],"about":[{"href":"https:\/\/www.roadtowc.com\/es\/wp-json\/wp\/v2\/types\/post"}],"author":[{"embeddable":true,"href":"https:\/\/www.roadtowc.com\/es\/wp-json\/wp\/v2\/users\/1"}],"replies":[{"embeddable":true,"href":"https:\/\/www.roadtowc.com\/es\/wp-json\/wp\/v2\/comments?post=12050"}],"version-history":[{"count":1,"href":"https:\/\/www.roadtowc.com\/es\/wp-json\/wp\/v2\/posts\/12050\/revisions"}],"predecessor-version":[{"id":12145,"href":"https:\/\/www.roadtowc.com\/es\/wp-json\/wp\/v2\/posts\/12050\/revisions\/12145"}],"wp:featuredmedia":[{"embeddable":true,"href":"https:\/\/www.roadtowc.com\/es\/wp-json\/wp\/v2\/media\/12386"}],"wp:attachment":[{"href":"https:\/\/www.roadtowc.com\/es\/wp-json\/wp\/v2\/media?parent=12050"}],"wp:term":[{"taxonomy":"category","embeddable":true,"href":"https:\/\/www.roadtowc.com\/es\/wp-json\/wp\/v2\/categories?post=12050"},{"taxonomy":"post_tag","embeddable":true,"href":"https:\/\/www.roadtowc.com\/es\/wp-json\/wp\/v2\/tags?post=12050"}],"curies":[{"name":"wp","href":"https:\/\/api.w.org\/{rel}","templated":true}]}}