{"id":1232,"date":"2024-08-31T09:21:13","date_gmt":"2024-08-31T13:21:13","guid":{"rendered":"https:\/\/www.roadtowc.com\/?p=1232"},"modified":"2024-08-31T16:47:23","modified_gmt":"2024-08-31T20:47:23","slug":"convocatoria-de-la-seleccion-colombiana-de-futbol-para-las-la-fecha-de-las-eliminatorias-sudamericanas-rumbo-al-mundial-2026","status":"publish","type":"post","link":"https:\/\/www.roadtowc.com\/es\/convocatoria-de-la-seleccion-colombiana-de-futbol-para-las-la-fecha-de-las-eliminatorias-sudamericanas-rumbo-al-mundial-2026\/","title":{"rendered":"Convocatoria de la selecci\u00f3n colombiana de f\u00fatbol para las la fecha de las Eliminatorias Sudamericanas rumbo al Mundial 2026"},"content":{"rendered":"<p>Con el reciente subcampeonato en la Copa Am\u00e9rica 2024, la selecci\u00f3n de Colombia ha mostrado una imagen renovada. A pesar de este logro, algunos jugadores clave quedaron fuera de la convocatoria del entrenador N\u00e9stor Lorenzo debido a lesiones, de cara a las eliminatorias sudamericanas rumbo al Mundial de 2026.<\/p>\n<p>Actualmente, Colombia ocupa el tercer lugar en la tabla de posiciones de las Eliminatorias Sudamericanas, con 12 puntos. El equipo se prepara para enfrentar a Per\u00fa el 6 de septiembre en el Estadio Nacional de Lima, y a Argentina el 10 de septiembre en Barranquilla, en lo que ser\u00e1n las fechas 7 y 8 de las eliminatorias.<\/p>\n<p>Los jugadores colombianos que fueron determinantes en la Copa Am\u00e9rica 2024, pero que no estar\u00e1n en estos partidos debido a lesiones, incluyen a D\u00e1vison S\u00e1nchez (Galatasaray), Miguel Borja (River Plate) y David Ospina (Al-Nassr).<\/p>\n<p>Por otro lado, la selecci\u00f3n, que tuvo a James Rodr\u00edguez y Luis D\u00edaz como figuras destacadas en la Copa Am\u00e9rica, contar\u00e1 con su presencia para estos cruciales encuentros, as\u00ed como con Juan Cabal, Juan Camilo Hern\u00e1ndez &#8216;El Cucho&#8217;, Yerson Mosquera, y el joven portero Kevin Mier, quien recientemente llev\u00f3 al Cruz Azul de la Liga MX a la final del Clausura 2024.<\/p>\n<h2>Convocados de la selecci\u00f3n de Colombia para las Eliminatorias Sudamericanas rumbo al Mundial 2026<\/h2>\n<p>&#8211; \u00c1lvaro Montero \u2013 Millonarios FC (COL)<br \/>\n&#8211; Camilo Vargas \u2013 Atlas F.C. (MEX)<br \/>\n&#8211; Carlos Cuesta \u2013 K.R.C. Genk (BEL)<br \/>\n&#8211; Cristian Borja \u2013 Club Am\u00e9rica (MEX)<br \/>\n&#8211; Daniel Mu\u00f1oz \u2013 Crystal Palace F.C. (ENG)<br \/>\n&#8211; James Rodr\u00edguez \u2013 Rayo Vallecano (ESP)<br \/>\n&#8211; Jefferson Lerma \u2013 Crystal Palace F.C. (ENG)<br \/>\n&#8211; Jhon Arias \u2013 Fluminense (BRA)<br \/>\n&#8211; Jhon C\u00f3rdoba \u2013 F.C. Krasnodar (RUS)<br \/>\n&#8211; Jhon J\u00e1der Dur\u00e1n \u2013 Aston Villa (ENG)<br \/>\n&#8211; Jhon Lucum\u00ed \u2013 Bologna F.C. (ITA)<br \/>\n&#8211; Jhon Sol\u00eds \u2013 Girona F.C. (ESP)<br \/>\n&#8211; Johan Mojica \u2013 R.C.D. Mallorca (ESP)<br \/>\n&#8211; Juan Camilo Hern\u00e1ndez \u2013 Columbus Crew (USA)<br \/>\n&#8211; Juan David Cabal \u2013 Juventus (ITA)<br \/>\n&#8211; Juan Fernando Quintero \u2013 Racing Club (ARG)<br \/>\n&#8211; Kevin Casta\u00f1o \u2013 F.C. Krasnodar (RUS)<br \/>\n&#8211; Kevin Mier \u2013 Cruz Azul (MEX)<br \/>\n&#8211; Luis D\u00edaz \u2013 Liverpool F.C. (ENG)<br \/>\n&#8211; Luis Sinisterra \u2013 A.F.C. Bournemouth (ENG)<br \/>\n&#8211; Rafael Santos Borr\u00e9 \u2013 Internacional (BRA)<br \/>\n&#8211; Richard R\u00edos \u2013 Palmeiras (BRA)<br \/>\n&#8211; Santiago Arias \u2013 E.C. Bah\u00eda (BRA)<br \/>\n&#8211; Y\u00e1ser Asprilla \u2013 Girona (ESP)<br \/>\n&#8211; Yerry Mina \u2013 Cagliari Calcio (ITA)<br \/>\n&#8211; Yerson Mosquera \u2013 Wolverhampton Wanderers (ENG)<\/p>\n<h2>Fechas y horarios de los partidos de la selecci\u00f3n de Colombia para las clasificatorias rumbo al Mundial 2026:<\/h2>\n<h3>Viernes 6 de septiembre<\/h3>\n<p>&#8211; Per\u00fa vs Colombia<br \/>\n&#8211; Hora: 22:30 horas (COL)<br \/>\n&#8211; Sede: Estadio Nacional, Lima<\/p>\n<p>Martes 10 de septiembre<br \/>\n&#8211; Colombia vs Argentina<br \/>\n&#8211; Hora: 15:30 horas (COL)<br \/>\n&#8211; Sede: Estadio Metropolitano, Barranquilla<\/p>\n<p><b>Nota:<\/b> En Argentina, el horario es dos horas m\u00e1s que en Colombia, mientras que en M\u00e9xico es una hora menos.<\/p>\n","protected":false},"excerpt":{"rendered":"<p>Con el reciente subcampeonato en la Copa Am\u00e9rica 2024, la selecci\u00f3n de Colombia ha mostrado una imagen renovada. A pesar<\/p>\n","protected":false},"author":1,"featured_media":1239,"comment_status":"closed","ping_status":"closed","sticky":false,"template":"","format":"standard","meta":{"footnotes":""},"categories":[22],"tags":[],"class_list":["post-1232","post","type-post","status-publish","format-standard","has-post-thumbnail","hentry","category-news"],"yoast_head":"<!-- This site is optimized with the Yoast SEO plugin v27.5 - https:\/\/yoast.com\/product\/yoast-seo-wordpress\/ -->\n<title>Convocatoria de la selecci\u00f3n colombiana de f\u00fatbol para las la fecha de las Eliminatorias Sudamericanas rumbo al Mundial 2026 - Road to the World Cup<\/title>\n<meta name=\"robots\" content=\"index, follow, max-snippet:-1, max-image-preview:large, max-video-preview:-1\" \/>\n<link rel=\"canonical\" href=\"https:\/\/www.roadtowc.com\/es\/convocatoria-de-la-seleccion-colombiana-de-futbol-para-las-la-fecha-de-las-eliminatorias-sudamericanas-rumbo-al-mundial-2026\/\" \/>\n<meta property=\"og:locale\" content=\"es_ES\" \/>\n<meta property=\"og:type\" content=\"article\" \/>\n<meta property=\"og:title\" content=\"Convocatoria de la selecci\u00f3n colombiana de f\u00fatbol para las la fecha de las Eliminatorias Sudamericanas rumbo al Mundial 2026 - Road to the World Cup\" \/>\n<meta property=\"og:description\" content=\"Con el reciente subcampeonato en la Copa Am\u00e9rica 2024, la selecci\u00f3n de Colombia ha mostrado una imagen renovada. A pesar\" \/>\n<meta property=\"og:url\" content=\"https:\/\/www.roadtowc.com\/es\/convocatoria-de-la-seleccion-colombiana-de-futbol-para-las-la-fecha-de-las-eliminatorias-sudamericanas-rumbo-al-mundial-2026\/\" \/>\n<meta property=\"og:site_name\" content=\"Road to the World Cup\" \/>\n<meta property=\"article:published_time\" content=\"2024-08-31T13:21:13+00:00\" \/>\n<meta property=\"article:modified_time\" content=\"2024-08-31T20:47:23+00:00\" \/>\n<meta property=\"og:image\" content=\"https:\/\/www.roadtowc.com\/wp-content\/uploads\/2024\/08\/colombia-convocatoria.jpg\" \/>\n\t<meta property=\"og:image:width\" content=\"1440\" \/>\n\t<meta property=\"og:image:height\" content=\"1800\" \/>\n\t<meta property=\"og:image:type\" content=\"image\/jpeg\" \/>\n<meta name=\"author\" content=\"hjfraind\" \/>\n<meta name=\"twitter:card\" content=\"summary_large_image\" \/>\n<meta name=\"twitter:creator\" content=\"@roadtowc\" \/>\n<meta name=\"twitter:site\" content=\"@roadtowc\" \/>\n<meta name=\"twitter:label1\" content=\"Escrito por\" \/>\n\t<meta name=\"twitter:data1\" content=\"hjfraind\" \/>\n\t<meta name=\"twitter:label2\" content=\"Tiempo de lectura\" \/>\n\t<meta name=\"twitter:data2\" content=\"3 minutos\" \/>\n<script type=\"application\/ld+json\" class=\"yoast-schema-graph\">{\"@context\":\"https:\\\/\\\/schema.org\",\"@graph\":[{\"@type\":\"Article\",\"@id\":\"https:\\\/\\\/www.roadtowc.com\\\/es\\\/convocatoria-de-la-seleccion-colombiana-de-futbol-para-las-la-fecha-de-las-eliminatorias-sudamericanas-rumbo-al-mundial-2026\\\/#article\",\"isPartOf\":{\"@id\":\"https:\\\/\\\/www.roadtowc.com\\\/es\\\/convocatoria-de-la-seleccion-colombiana-de-futbol-para-las-la-fecha-de-las-eliminatorias-sudamericanas-rumbo-al-mundial-2026\\\/\"},\"author\":{\"name\":\"hjfraind\",\"@id\":\"https:\\\/\\\/www.roadtowc.com\\\/es\\\/#\\\/schema\\\/person\\\/e027536b8c7766a032254f303dcd7bba\"},\"headline\":\"Convocatoria de la selecci\u00f3n colombiana de f\u00fatbol para las la fecha de las Eliminatorias Sudamericanas rumbo al Mundial 2026\",\"datePublished\":\"2024-08-31T13:21:13+00:00\",\"dateModified\":\"2024-08-31T20:47:23+00:00\",\"mainEntityOfPage\":{\"@id\":\"https:\\\/\\\/www.roadtowc.com\\\/es\\\/convocatoria-de-la-seleccion-colombiana-de-futbol-para-las-la-fecha-de-las-eliminatorias-sudamericanas-rumbo-al-mundial-2026\\\/\"},\"wordCount\":498,\"publisher\":{\"@id\":\"https:\\\/\\\/www.roadtowc.com\\\/es\\\/#organization\"},\"image\":{\"@id\":\"https:\\\/\\\/www.roadtowc.com\\\/es\\\/convocatoria-de-la-seleccion-colombiana-de-futbol-para-las-la-fecha-de-las-eliminatorias-sudamericanas-rumbo-al-mundial-2026\\\/#primaryimage\"},\"thumbnailUrl\":\"https:\\\/\\\/www.roadtowc.com\\\/wp-content\\\/uploads\\\/2024\\\/08\\\/colombia-convocatoria.jpg\",\"articleSection\":[\"News\"],\"inLanguage\":\"es\"},{\"@type\":\"WebPage\",\"@id\":\"https:\\\/\\\/www.roadtowc.com\\\/es\\\/convocatoria-de-la-seleccion-colombiana-de-futbol-para-las-la-fecha-de-las-eliminatorias-sudamericanas-rumbo-al-mundial-2026\\\/\",\"url\":\"https:\\\/\\\/www.roadtowc.com\\\/es\\\/convocatoria-de-la-seleccion-colombiana-de-futbol-para-las-la-fecha-de-las-eliminatorias-sudamericanas-rumbo-al-mundial-2026\\\/\",\"name\":\"Convocatoria de la selecci\u00f3n colombiana de f\u00fatbol para las la fecha de las Eliminatorias Sudamericanas rumbo al Mundial 2026 - Road to the World Cup\",\"isPartOf\":{\"@id\":\"https:\\\/\\\/www.roadtowc.com\\\/es\\\/#website\"},\"primaryImageOfPage\":{\"@id\":\"https:\\\/\\\/www.roadtowc.com\\\/es\\\/convocatoria-de-la-seleccion-colombiana-de-futbol-para-las-la-fecha-de-las-eliminatorias-sudamericanas-rumbo-al-mundial-2026\\\/#primaryimage\"},\"image\":{\"@id\":\"https:\\\/\\\/www.roadtowc.com\\\/es\\\/convocatoria-de-la-seleccion-colombiana-de-futbol-para-las-la-fecha-de-las-eliminatorias-sudamericanas-rumbo-al-mundial-2026\\\/#primaryimage\"},\"thumbnailUrl\":\"https:\\\/\\\/www.roadtowc.com\\\/wp-content\\\/uploads\\\/2024\\\/08\\\/colombia-convocatoria.jpg\",\"datePublished\":\"2024-08-31T13:21:13+00:00\",\"dateModified\":\"2024-08-31T20:47:23+00:00\",\"breadcrumb\":{\"@id\":\"https:\\\/\\\/www.roadtowc.com\\\/es\\\/convocatoria-de-la-seleccion-colombiana-de-futbol-para-las-la-fecha-de-las-eliminatorias-sudamericanas-rumbo-al-mundial-2026\\\/#breadcrumb\"},\"inLanguage\":\"es\",\"potentialAction\":[{\"@type\":\"ReadAction\",\"target\":[\"https:\\\/\\\/www.roadtowc.com\\\/es\\\/convocatoria-de-la-seleccion-colombiana-de-futbol-para-las-la-fecha-de-las-eliminatorias-sudamericanas-rumbo-al-mundial-2026\\\/\"]}]},{\"@type\":\"ImageObject\",\"inLanguage\":\"es\",\"@id\":\"https:\\\/\\\/www.roadtowc.com\\\/es\\\/convocatoria-de-la-seleccion-colombiana-de-futbol-para-las-la-fecha-de-las-eliminatorias-sudamericanas-rumbo-al-mundial-2026\\\/#primaryimage\",\"url\":\"https:\\\/\\\/www.roadtowc.com\\\/wp-content\\\/uploads\\\/2024\\\/08\\\/colombia-convocatoria.jpg\",\"contentUrl\":\"https:\\\/\\\/www.roadtowc.com\\\/wp-content\\\/uploads\\\/2024\\\/08\\\/colombia-convocatoria.jpg\",\"width\":1440,\"height\":1800,\"caption\":\"colombia-convocatoria\"},{\"@type\":\"BreadcrumbList\",\"@id\":\"https:\\\/\\\/www.roadtowc.com\\\/es\\\/convocatoria-de-la-seleccion-colombiana-de-futbol-para-las-la-fecha-de-las-eliminatorias-sudamericanas-rumbo-al-mundial-2026\\\/#breadcrumb\",\"itemListElement\":[{\"@type\":\"ListItem\",\"position\":1,\"name\":\"Home\",\"item\":\"https:\\\/\\\/www.roadtowc.com\\\/es\\\/\"},{\"@type\":\"ListItem\",\"position\":2,\"name\":\"Convocatoria de la selecci\u00f3n colombiana de f\u00fatbol para las la fecha de las Eliminatorias Sudamericanas rumbo al Mundial 2026\"}]},{\"@type\":\"WebSite\",\"@id\":\"https:\\\/\\\/www.roadtowc.com\\\/es\\\/#website\",\"url\":\"https:\\\/\\\/www.roadtowc.com\\\/es\\\/\",\"name\":\"Road to the World Cup\",\"description\":\"Tu gu\u00eda definitiva para la Copa Mundial de la FIFA 2026: noticias, informaci\u00f3n sobre boletos, sedes y m\u00e1s, con toda la cobertura a medida que se acerca el torneo en Estados Unidos, M\u00e9xico y Canad\u00e1.\",\"publisher\":{\"@id\":\"https:\\\/\\\/www.roadtowc.com\\\/es\\\/#organization\"},\"alternateName\":\"Road to the World Cup\",\"potentialAction\":[{\"@type\":\"SearchAction\",\"target\":{\"@type\":\"EntryPoint\",\"urlTemplate\":\"https:\\\/\\\/www.roadtowc.com\\\/es\\\/?s={search_term_string}\"},\"query-input\":{\"@type\":\"PropertyValueSpecification\",\"valueRequired\":true,\"valueName\":\"search_term_string\"}}],\"inLanguage\":\"es\"},{\"@type\":\"Organization\",\"@id\":\"https:\\\/\\\/www.roadtowc.com\\\/es\\\/#organization\",\"name\":\"Road to the World Cup\",\"alternateName\":\"Road to the World Cup\",\"url\":\"https:\\\/\\\/www.roadtowc.com\\\/es\\\/\",\"logo\":{\"@type\":\"ImageObject\",\"inLanguage\":\"es\",\"@id\":\"https:\\\/\\\/www.roadtowc.com\\\/es\\\/#\\\/schema\\\/logo\\\/image\\\/\",\"url\":\"https:\\\/\\\/www.roadtowc.com\\\/wp-content\\\/uploads\\\/2024\\\/07\\\/New-Logo-head.png\",\"contentUrl\":\"https:\\\/\\\/www.roadtowc.com\\\/wp-content\\\/uploads\\\/2024\\\/07\\\/New-Logo-head.png\",\"width\":1228,\"height\":1037,\"caption\":\"Road to the World Cup\"},\"image\":{\"@id\":\"https:\\\/\\\/www.roadtowc.com\\\/es\\\/#\\\/schema\\\/logo\\\/image\\\/\"},\"sameAs\":[\"https:\\\/\\\/x.com\\\/roadtowc\"]},{\"@type\":\"Person\",\"@id\":\"https:\\\/\\\/www.roadtowc.com\\\/es\\\/#\\\/schema\\\/person\\\/e027536b8c7766a032254f303dcd7bba\",\"name\":\"hjfraind\",\"image\":{\"@type\":\"ImageObject\",\"inLanguage\":\"es\",\"@id\":\"https:\\\/\\\/secure.gravatar.com\\\/avatar\\\/bacbd4bf5f8418d0b903099430d35c7b7e630f7280cfd5f56ba26a6170010cd4?s=96&d=mm&r=g\",\"url\":\"https:\\\/\\\/secure.gravatar.com\\\/avatar\\\/bacbd4bf5f8418d0b903099430d35c7b7e630f7280cfd5f56ba26a6170010cd4?s=96&d=mm&r=g\",\"contentUrl\":\"https:\\\/\\\/secure.gravatar.com\\\/avatar\\\/bacbd4bf5f8418d0b903099430d35c7b7e630f7280cfd5f56ba26a6170010cd4?s=96&d=mm&r=g\",\"caption\":\"hjfraind\"},\"sameAs\":[\"http:\\\/\\\/www.roadtowc.com\"],\"url\":\"https:\\\/\\\/www.roadtowc.com\\\/es\\\/author\\\/hjfraind\\\/\"}]}<\/script>\n<!-- \/ Yoast SEO plugin. -->","yoast_head_json":{"title":"Convocatoria de la selecci\u00f3n colombiana de f\u00fatbol para las la fecha de las Eliminatorias Sudamericanas rumbo al Mundial 2026 - Road to the World Cup","robots":{"index":"index","follow":"follow","max-snippet":"max-snippet:-1","max-image-preview":"max-image-preview:large","max-video-preview":"max-video-preview:-1"},"canonical":"https:\/\/www.roadtowc.com\/es\/convocatoria-de-la-seleccion-colombiana-de-futbol-para-las-la-fecha-de-las-eliminatorias-sudamericanas-rumbo-al-mundial-2026\/","og_locale":"es_ES","og_type":"article","og_title":"Convocatoria de la selecci\u00f3n colombiana de f\u00fatbol para las la fecha de las Eliminatorias Sudamericanas rumbo al Mundial 2026 - Road to the World Cup","og_description":"Con el reciente subcampeonato en la Copa Am\u00e9rica 2024, la selecci\u00f3n de Colombia ha mostrado una imagen renovada. A pesar","og_url":"https:\/\/www.roadtowc.com\/es\/convocatoria-de-la-seleccion-colombiana-de-futbol-para-las-la-fecha-de-las-eliminatorias-sudamericanas-rumbo-al-mundial-2026\/","og_site_name":"Road to the World Cup","article_published_time":"2024-08-31T13:21:13+00:00","article_modified_time":"2024-08-31T20:47:23+00:00","og_image":[{"width":1440,"height":1800,"url":"https:\/\/www.roadtowc.com\/wp-content\/uploads\/2024\/08\/colombia-convocatoria.jpg","type":"image\/jpeg"}],"author":"hjfraind","twitter_card":"summary_large_image","twitter_creator":"@roadtowc","twitter_site":"@roadtowc","twitter_misc":{"Escrito por":"hjfraind","Tiempo de lectura":"3 minutos"},"schema":{"@context":"https:\/\/schema.org","@graph":[{"@type":"Article","@id":"https:\/\/www.roadtowc.com\/es\/convocatoria-de-la-seleccion-colombiana-de-futbol-para-las-la-fecha-de-las-eliminatorias-sudamericanas-rumbo-al-mundial-2026\/#article","isPartOf":{"@id":"https:\/\/www.roadtowc.com\/es\/convocatoria-de-la-seleccion-colombiana-de-futbol-para-las-la-fecha-de-las-eliminatorias-sudamericanas-rumbo-al-mundial-2026\/"},"author":{"name":"hjfraind","@id":"https:\/\/www.roadtowc.com\/es\/#\/schema\/person\/e027536b8c7766a032254f303dcd7bba"},"headline":"Convocatoria de la selecci\u00f3n colombiana de f\u00fatbol para las la fecha de las Eliminatorias Sudamericanas rumbo al Mundial 2026","datePublished":"2024-08-31T13:21:13+00:00","dateModified":"2024-08-31T20:47:23+00:00","mainEntityOfPage":{"@id":"https:\/\/www.roadtowc.com\/es\/convocatoria-de-la-seleccion-colombiana-de-futbol-para-las-la-fecha-de-las-eliminatorias-sudamericanas-rumbo-al-mundial-2026\/"},"wordCount":498,"publisher":{"@id":"https:\/\/www.roadtowc.com\/es\/#organization"},"image":{"@id":"https:\/\/www.roadtowc.com\/es\/convocatoria-de-la-seleccion-colombiana-de-futbol-para-las-la-fecha-de-las-eliminatorias-sudamericanas-rumbo-al-mundial-2026\/#primaryimage"},"thumbnailUrl":"https:\/\/www.roadtowc.com\/wp-content\/uploads\/2024\/08\/colombia-convocatoria.jpg","articleSection":["News"],"inLanguage":"es"},{"@type":"WebPage","@id":"https:\/\/www.roadtowc.com\/es\/convocatoria-de-la-seleccion-colombiana-de-futbol-para-las-la-fecha-de-las-eliminatorias-sudamericanas-rumbo-al-mundial-2026\/","url":"https:\/\/www.roadtowc.com\/es\/convocatoria-de-la-seleccion-colombiana-de-futbol-para-las-la-fecha-de-las-eliminatorias-sudamericanas-rumbo-al-mundial-2026\/","name":"Convocatoria de la selecci\u00f3n colombiana de f\u00fatbol para las la fecha de las Eliminatorias Sudamericanas rumbo al Mundial 2026 - Road to the World Cup","isPartOf":{"@id":"https:\/\/www.roadtowc.com\/es\/#website"},"primaryImageOfPage":{"@id":"https:\/\/www.roadtowc.com\/es\/convocatoria-de-la-seleccion-colombiana-de-futbol-para-las-la-fecha-de-las-eliminatorias-sudamericanas-rumbo-al-mundial-2026\/#primaryimage"},"image":{"@id":"https:\/\/www.roadtowc.com\/es\/convocatoria-de-la-seleccion-colombiana-de-futbol-para-las-la-fecha-de-las-eliminatorias-sudamericanas-rumbo-al-mundial-2026\/#primaryimage"},"thumbnailUrl":"https:\/\/www.roadtowc.com\/wp-content\/uploads\/2024\/08\/colombia-convocatoria.jpg","datePublished":"2024-08-31T13:21:13+00:00","dateModified":"2024-08-31T20:47:23+00:00","breadcrumb":{"@id":"https:\/\/www.roadtowc.com\/es\/convocatoria-de-la-seleccion-colombiana-de-futbol-para-las-la-fecha-de-las-eliminatorias-sudamericanas-rumbo-al-mundial-2026\/#breadcrumb"},"inLanguage":"es","potentialAction":[{"@type":"ReadAction","target":["https:\/\/www.roadtowc.com\/es\/convocatoria-de-la-seleccion-colombiana-de-futbol-para-las-la-fecha-de-las-eliminatorias-sudamericanas-rumbo-al-mundial-2026\/"]}]},{"@type":"ImageObject","inLanguage":"es","@id":"https:\/\/www.roadtowc.com\/es\/convocatoria-de-la-seleccion-colombiana-de-futbol-para-las-la-fecha-de-las-eliminatorias-sudamericanas-rumbo-al-mundial-2026\/#primaryimage","url":"https:\/\/www.roadtowc.com\/wp-content\/uploads\/2024\/08\/colombia-convocatoria.jpg","contentUrl":"https:\/\/www.roadtowc.com\/wp-content\/uploads\/2024\/08\/colombia-convocatoria.jpg","width":1440,"height":1800,"caption":"colombia-convocatoria"},{"@type":"BreadcrumbList","@id":"https:\/\/www.roadtowc.com\/es\/convocatoria-de-la-seleccion-colombiana-de-futbol-para-las-la-fecha-de-las-eliminatorias-sudamericanas-rumbo-al-mundial-2026\/#breadcrumb","itemListElement":[{"@type":"ListItem","position":1,"name":"Home","item":"https:\/\/www.roadtowc.com\/es\/"},{"@type":"ListItem","position":2,"name":"Convocatoria de la selecci\u00f3n colombiana de f\u00fatbol para las la fecha de las Eliminatorias Sudamericanas rumbo al Mundial 2026"}]},{"@type":"WebSite","@id":"https:\/\/www.roadtowc.com\/es\/#website","url":"https:\/\/www.roadtowc.com\/es\/","name":"Road to the World Cup","description":"Tu gu\u00eda definitiva para la Copa Mundial de la FIFA 2026: noticias, informaci\u00f3n sobre boletos, sedes y m\u00e1s, con toda la cobertura a medida que se acerca el torneo en Estados Unidos, M\u00e9xico y Canad\u00e1.","publisher":{"@id":"https:\/\/www.roadtowc.com\/es\/#organization"},"alternateName":"Road to the World Cup","potentialAction":[{"@type":"SearchAction","target":{"@type":"EntryPoint","urlTemplate":"https:\/\/www.roadtowc.com\/es\/?s={search_term_string}"},"query-input":{"@type":"PropertyValueSpecification","valueRequired":true,"valueName":"search_term_string"}}],"inLanguage":"es"},{"@type":"Organization","@id":"https:\/\/www.roadtowc.com\/es\/#organization","name":"Road to the World Cup","alternateName":"Road to the World Cup","url":"https:\/\/www.roadtowc.com\/es\/","logo":{"@type":"ImageObject","inLanguage":"es","@id":"https:\/\/www.roadtowc.com\/es\/#\/schema\/logo\/image\/","url":"https:\/\/www.roadtowc.com\/wp-content\/uploads\/2024\/07\/New-Logo-head.png","contentUrl":"https:\/\/www.roadtowc.com\/wp-content\/uploads\/2024\/07\/New-Logo-head.png","width":1228,"height":1037,"caption":"Road to the World Cup"},"image":{"@id":"https:\/\/www.roadtowc.com\/es\/#\/schema\/logo\/image\/"},"sameAs":["https:\/\/x.com\/roadtowc"]},{"@type":"Person","@id":"https:\/\/www.roadtowc.com\/es\/#\/schema\/person\/e027536b8c7766a032254f303dcd7bba","name":"hjfraind","image":{"@type":"ImageObject","inLanguage":"es","@id":"https:\/\/secure.gravatar.com\/avatar\/bacbd4bf5f8418d0b903099430d35c7b7e630f7280cfd5f56ba26a6170010cd4?s=96&d=mm&r=g","url":"https:\/\/secure.gravatar.com\/avatar\/bacbd4bf5f8418d0b903099430d35c7b7e630f7280cfd5f56ba26a6170010cd4?s=96&d=mm&r=g","contentUrl":"https:\/\/secure.gravatar.com\/avatar\/bacbd4bf5f8418d0b903099430d35c7b7e630f7280cfd5f56ba26a6170010cd4?s=96&d=mm&r=g","caption":"hjfraind"},"sameAs":["http:\/\/www.roadtowc.com"],"url":"https:\/\/www.roadtowc.com\/es\/author\/hjfraind\/"}]}},"_links":{"self":[{"href":"https:\/\/www.roadtowc.com\/es\/wp-json\/wp\/v2\/posts\/1232","targetHints":{"allow":["GET"]}}],"collection":[{"href":"https:\/\/www.roadtowc.com\/es\/wp-json\/wp\/v2\/posts"}],"about":[{"href":"https:\/\/www.roadtowc.com\/es\/wp-json\/wp\/v2\/types\/post"}],"author":[{"embeddable":true,"href":"https:\/\/www.roadtowc.com\/es\/wp-json\/wp\/v2\/users\/1"}],"replies":[{"embeddable":true,"href":"https:\/\/www.roadtowc.com\/es\/wp-json\/wp\/v2\/comments?post=1232"}],"version-history":[{"count":1,"href":"https:\/\/www.roadtowc.com\/es\/wp-json\/wp\/v2\/posts\/1232\/revisions"}],"predecessor-version":[{"id":1242,"href":"https:\/\/www.roadtowc.com\/es\/wp-json\/wp\/v2\/posts\/1232\/revisions\/1242"}],"wp:featuredmedia":[{"embeddable":true,"href":"https:\/\/www.roadtowc.com\/es\/wp-json\/wp\/v2\/media\/1239"}],"wp:attachment":[{"href":"https:\/\/www.roadtowc.com\/es\/wp-json\/wp\/v2\/media?parent=1232"}],"wp:term":[{"taxonomy":"category","embeddable":true,"href":"https:\/\/www.roadtowc.com\/es\/wp-json\/wp\/v2\/categories?post=1232"},{"taxonomy":"post_tag","embeddable":true,"href":"https:\/\/www.roadtowc.com\/es\/wp-json\/wp\/v2\/tags?post=1232"}],"curies":[{"name":"wp","href":"https:\/\/api.w.org\/{rel}","templated":true}]}}