{"id":1581,"date":"2024-09-05T14:03:16","date_gmt":"2024-09-05T18:03:16","guid":{"rendered":"https:\/\/www.roadtowc.com\/?p=1581"},"modified":"2024-09-05T14:03:17","modified_gmt":"2024-09-05T18:03:17","slug":"luka-modric-duda-sobre-el-mundial-2026-no-se-hasta-que-punto-es-realista-a-mi-edad","status":"publish","type":"post","link":"https:\/\/www.roadtowc.com\/es\/luka-modric-duda-sobre-el-mundial-2026-no-se-hasta-que-punto-es-realista-a-mi-edad\/","title":{"rendered":"Luka Modric duda sobre el Mundial 2026: \u00abNo s\u00e9 hasta qu\u00e9 punto es realista a mi edad\u00bb"},"content":{"rendered":"<p>Luka Modric, el legendario centrocampista del Real Madrid y de la selecci\u00f3n de Croacia, ha dejado entrever sus dudas acerca de participar en la pr\u00f3xima Copa del Mundo en 2026. A pesar de seguir siendo una figura clave tanto en su club como en su selecci\u00f3n, el jugador de 38 a\u00f1os reconoci\u00f3 que, debido a su edad, no est\u00e1 seguro de si es realista pensar en llegar a la cita mundialista.<\/p>\n<h3>Enfocado en la Nations League<\/h3>\n<p>En una rueda de prensa reciente, Modric expres\u00f3 que su enfoque actual est\u00e1 en la UEFA Nations League, que comienza durante este par\u00f3n de selecciones. Modric, quien ha sido una pieza fundamental para Croacia desde su debut en 2006, afirm\u00f3 que a\u00fan mantiene la ilusi\u00f3n de seguir compitiendo a nivel internacional, pero que todav\u00eda no ha tomado una decisi\u00f3n definitiva sobre su futuro en el Mundial 2026.<\/p>\n<p>\u00abDisfruto mucho jugando para mi pa\u00eds, pero a mi edad no s\u00e9 hasta qu\u00e9 punto es realista pensar en el pr\u00f3ximo Mundial. Ya veremos c\u00f3mo me siento cuando llegue el momento\u00bb, declar\u00f3 el centrocampista, quien se prepara para cumplir 39 a\u00f1os.<\/p>\n<h3>Un ciclo glorioso con Croacia<\/h3>\n<p>Modric ha sido un pilar en la selecci\u00f3n croata durante casi dos d\u00e9cadas. Fue parte crucial del equipo que alcanz\u00f3 la final del Mundial 2018 y llev\u00f3 a Croacia al tercer lugar en Qatar 2022. Sin embargo, tras la eliminaci\u00f3n en la fase de grupos de la Eurocopa 2024, muchos especularon que su gloriosa etapa con la selecci\u00f3n podr\u00eda estar llegando a su fin.<\/p>\n<p>Aunque Modric no descarta completamente su participaci\u00f3n en el Mundial 2026, es consciente de que tomar esa decisi\u00f3n depende de c\u00f3mo evolucione su carrera y su rendimiento en los pr\u00f3ximos a\u00f1os.<\/p>\n<p><em>\u00abDe momento, no quiero pensar en el Mundial 2026. Es demasiado pronto para decidir. Estoy enfocado en lo que viene ahora\u00bb,<\/em> concluy\u00f3 Modric, dejando abierta la posibilidad de retirarse antes de la pr\u00f3xima Copa del Mundo.<\/p>\n<p>Por ahora, el centrocampista se centrar\u00e1 en seguir aportando tanto al Real Madrid como a Croacia en las competiciones actuales, y ser\u00e1 el tiempo quien decida si veremos a Luka Modric en su quinta Copa del Mundo.<\/p>\n","protected":false},"excerpt":{"rendered":"<p>Luka Modric, el legendario centrocampista del Real Madrid y de la selecci\u00f3n de Croacia, ha dejado entrever sus dudas acerca<\/p>\n","protected":false},"author":1,"featured_media":1582,"comment_status":"closed","ping_status":"closed","sticky":false,"template":"","format":"standard","meta":{"footnotes":""},"categories":[23],"tags":[],"class_list":["post-1581","post","type-post","status-publish","format-standard","has-post-thumbnail","hentry","category-noticias"],"yoast_head":"<!-- This site is optimized with the Yoast SEO plugin v27.5 - https:\/\/yoast.com\/product\/yoast-seo-wordpress\/ -->\n<title>Luka Modric duda sobre el Mundial 2026: &quot;No s\u00e9 hasta qu\u00e9 punto es realista a mi edad&quot; - Road to the World Cup<\/title>\n<meta name=\"description\" content=\"Luka Modric duda sobre su participaci\u00f3n en el Mundial 2026 debido a su edad, pero sigue enfocado en las competiciones actuales.\" \/>\n<meta name=\"robots\" content=\"index, follow, max-snippet:-1, max-image-preview:large, max-video-preview:-1\" \/>\n<link rel=\"canonical\" href=\"https:\/\/www.roadtowc.com\/es\/luka-modric-duda-sobre-el-mundial-2026-no-se-hasta-que-punto-es-realista-a-mi-edad\/\" \/>\n<meta property=\"og:locale\" content=\"es_ES\" \/>\n<meta property=\"og:type\" content=\"article\" \/>\n<meta property=\"og:title\" content=\"Luka Modric duda sobre el Mundial 2026: &quot;No s\u00e9 hasta qu\u00e9 punto es realista a mi edad&quot; - Road to the World Cup\" \/>\n<meta property=\"og:description\" content=\"Luka Modric duda sobre su participaci\u00f3n en el Mundial 2026 debido a su edad, pero sigue enfocado en las competiciones actuales.\" \/>\n<meta property=\"og:url\" content=\"https:\/\/www.roadtowc.com\/es\/luka-modric-duda-sobre-el-mundial-2026-no-se-hasta-que-punto-es-realista-a-mi-edad\/\" \/>\n<meta property=\"og:site_name\" content=\"Road to the World Cup\" \/>\n<meta property=\"article:published_time\" content=\"2024-09-05T18:03:16+00:00\" \/>\n<meta property=\"article:modified_time\" content=\"2024-09-05T18:03:17+00:00\" \/>\n<meta property=\"og:image\" content=\"https:\/\/www.roadtowc.com\/wp-content\/uploads\/2024\/09\/modric.jpeg\" \/>\n\t<meta property=\"og:image:width\" content=\"948\" \/>\n\t<meta property=\"og:image:height\" content=\"465\" \/>\n\t<meta property=\"og:image:type\" content=\"image\/jpeg\" \/>\n<meta name=\"author\" content=\"hjfraind\" \/>\n<meta name=\"twitter:card\" content=\"summary_large_image\" \/>\n<meta name=\"twitter:creator\" content=\"@roadtowc\" \/>\n<meta name=\"twitter:site\" content=\"@roadtowc\" \/>\n<meta name=\"twitter:label1\" content=\"Escrito por\" \/>\n\t<meta name=\"twitter:data1\" content=\"hjfraind\" \/>\n\t<meta name=\"twitter:label2\" content=\"Tiempo de lectura\" \/>\n\t<meta name=\"twitter:data2\" content=\"2 minutos\" \/>\n<script type=\"application\/ld+json\" class=\"yoast-schema-graph\">{\"@context\":\"https:\\\/\\\/schema.org\",\"@graph\":[{\"@type\":\"Article\",\"@id\":\"https:\\\/\\\/www.roadtowc.com\\\/es\\\/luka-modric-duda-sobre-el-mundial-2026-no-se-hasta-que-punto-es-realista-a-mi-edad\\\/#article\",\"isPartOf\":{\"@id\":\"https:\\\/\\\/www.roadtowc.com\\\/es\\\/luka-modric-duda-sobre-el-mundial-2026-no-se-hasta-que-punto-es-realista-a-mi-edad\\\/\"},\"author\":{\"name\":\"hjfraind\",\"@id\":\"https:\\\/\\\/www.roadtowc.com\\\/es\\\/#\\\/schema\\\/person\\\/e027536b8c7766a032254f303dcd7bba\"},\"headline\":\"Luka Modric duda sobre el Mundial 2026: \u00abNo s\u00e9 hasta qu\u00e9 punto es realista a mi edad\u00bb\",\"datePublished\":\"2024-09-05T18:03:16+00:00\",\"dateModified\":\"2024-09-05T18:03:17+00:00\",\"mainEntityOfPage\":{\"@id\":\"https:\\\/\\\/www.roadtowc.com\\\/es\\\/luka-modric-duda-sobre-el-mundial-2026-no-se-hasta-que-punto-es-realista-a-mi-edad\\\/\"},\"wordCount\":387,\"publisher\":{\"@id\":\"https:\\\/\\\/www.roadtowc.com\\\/es\\\/#organization\"},\"image\":{\"@id\":\"https:\\\/\\\/www.roadtowc.com\\\/es\\\/luka-modric-duda-sobre-el-mundial-2026-no-se-hasta-que-punto-es-realista-a-mi-edad\\\/#primaryimage\"},\"thumbnailUrl\":\"https:\\\/\\\/www.roadtowc.com\\\/wp-content\\\/uploads\\\/2024\\\/09\\\/modric.jpeg\",\"articleSection\":[\"Noticias\"],\"inLanguage\":\"es\"},{\"@type\":\"WebPage\",\"@id\":\"https:\\\/\\\/www.roadtowc.com\\\/es\\\/luka-modric-duda-sobre-el-mundial-2026-no-se-hasta-que-punto-es-realista-a-mi-edad\\\/\",\"url\":\"https:\\\/\\\/www.roadtowc.com\\\/es\\\/luka-modric-duda-sobre-el-mundial-2026-no-se-hasta-que-punto-es-realista-a-mi-edad\\\/\",\"name\":\"Luka Modric duda sobre el Mundial 2026: \\\"No s\u00e9 hasta qu\u00e9 punto es realista a mi edad\\\" - Road to the World Cup\",\"isPartOf\":{\"@id\":\"https:\\\/\\\/www.roadtowc.com\\\/es\\\/#website\"},\"primaryImageOfPage\":{\"@id\":\"https:\\\/\\\/www.roadtowc.com\\\/es\\\/luka-modric-duda-sobre-el-mundial-2026-no-se-hasta-que-punto-es-realista-a-mi-edad\\\/#primaryimage\"},\"image\":{\"@id\":\"https:\\\/\\\/www.roadtowc.com\\\/es\\\/luka-modric-duda-sobre-el-mundial-2026-no-se-hasta-que-punto-es-realista-a-mi-edad\\\/#primaryimage\"},\"thumbnailUrl\":\"https:\\\/\\\/www.roadtowc.com\\\/wp-content\\\/uploads\\\/2024\\\/09\\\/modric.jpeg\",\"datePublished\":\"2024-09-05T18:03:16+00:00\",\"dateModified\":\"2024-09-05T18:03:17+00:00\",\"description\":\"Luka Modric duda sobre su participaci\u00f3n en el Mundial 2026 debido a su edad, pero sigue enfocado en las competiciones actuales.\",\"breadcrumb\":{\"@id\":\"https:\\\/\\\/www.roadtowc.com\\\/es\\\/luka-modric-duda-sobre-el-mundial-2026-no-se-hasta-que-punto-es-realista-a-mi-edad\\\/#breadcrumb\"},\"inLanguage\":\"es\",\"potentialAction\":[{\"@type\":\"ReadAction\",\"target\":[\"https:\\\/\\\/www.roadtowc.com\\\/es\\\/luka-modric-duda-sobre-el-mundial-2026-no-se-hasta-que-punto-es-realista-a-mi-edad\\\/\"]}]},{\"@type\":\"ImageObject\",\"inLanguage\":\"es\",\"@id\":\"https:\\\/\\\/www.roadtowc.com\\\/es\\\/luka-modric-duda-sobre-el-mundial-2026-no-se-hasta-que-punto-es-realista-a-mi-edad\\\/#primaryimage\",\"url\":\"https:\\\/\\\/www.roadtowc.com\\\/wp-content\\\/uploads\\\/2024\\\/09\\\/modric.jpeg\",\"contentUrl\":\"https:\\\/\\\/www.roadtowc.com\\\/wp-content\\\/uploads\\\/2024\\\/09\\\/modric.jpeg\",\"width\":948,\"height\":465,\"caption\":\"modric\"},{\"@type\":\"BreadcrumbList\",\"@id\":\"https:\\\/\\\/www.roadtowc.com\\\/es\\\/luka-modric-duda-sobre-el-mundial-2026-no-se-hasta-que-punto-es-realista-a-mi-edad\\\/#breadcrumb\",\"itemListElement\":[{\"@type\":\"ListItem\",\"position\":1,\"name\":\"Home\",\"item\":\"https:\\\/\\\/www.roadtowc.com\\\/es\\\/\"},{\"@type\":\"ListItem\",\"position\":2,\"name\":\"Luka Modric duda sobre el Mundial 2026: &#8220;No s\u00e9 hasta qu\u00e9 punto es realista a mi edad&#8221;\"}]},{\"@type\":\"WebSite\",\"@id\":\"https:\\\/\\\/www.roadtowc.com\\\/es\\\/#website\",\"url\":\"https:\\\/\\\/www.roadtowc.com\\\/es\\\/\",\"name\":\"Road to the World Cup\",\"description\":\"Tu gu\u00eda definitiva para la Copa Mundial de la FIFA 2026: noticias, informaci\u00f3n sobre boletos, sedes y m\u00e1s, con toda la cobertura a medida que se acerca el torneo en Estados Unidos, M\u00e9xico y Canad\u00e1.\",\"publisher\":{\"@id\":\"https:\\\/\\\/www.roadtowc.com\\\/es\\\/#organization\"},\"alternateName\":\"Road to the World Cup\",\"potentialAction\":[{\"@type\":\"SearchAction\",\"target\":{\"@type\":\"EntryPoint\",\"urlTemplate\":\"https:\\\/\\\/www.roadtowc.com\\\/es\\\/?s={search_term_string}\"},\"query-input\":{\"@type\":\"PropertyValueSpecification\",\"valueRequired\":true,\"valueName\":\"search_term_string\"}}],\"inLanguage\":\"es\"},{\"@type\":\"Organization\",\"@id\":\"https:\\\/\\\/www.roadtowc.com\\\/es\\\/#organization\",\"name\":\"Road to the World Cup\",\"alternateName\":\"Road to the World Cup\",\"url\":\"https:\\\/\\\/www.roadtowc.com\\\/es\\\/\",\"logo\":{\"@type\":\"ImageObject\",\"inLanguage\":\"es\",\"@id\":\"https:\\\/\\\/www.roadtowc.com\\\/es\\\/#\\\/schema\\\/logo\\\/image\\\/\",\"url\":\"https:\\\/\\\/www.roadtowc.com\\\/wp-content\\\/uploads\\\/2024\\\/07\\\/New-Logo-head.png\",\"contentUrl\":\"https:\\\/\\\/www.roadtowc.com\\\/wp-content\\\/uploads\\\/2024\\\/07\\\/New-Logo-head.png\",\"width\":1228,\"height\":1037,\"caption\":\"Road to the World Cup\"},\"image\":{\"@id\":\"https:\\\/\\\/www.roadtowc.com\\\/es\\\/#\\\/schema\\\/logo\\\/image\\\/\"},\"sameAs\":[\"https:\\\/\\\/x.com\\\/roadtowc\"]},{\"@type\":\"Person\",\"@id\":\"https:\\\/\\\/www.roadtowc.com\\\/es\\\/#\\\/schema\\\/person\\\/e027536b8c7766a032254f303dcd7bba\",\"name\":\"hjfraind\",\"image\":{\"@type\":\"ImageObject\",\"inLanguage\":\"es\",\"@id\":\"https:\\\/\\\/secure.gravatar.com\\\/avatar\\\/bacbd4bf5f8418d0b903099430d35c7b7e630f7280cfd5f56ba26a6170010cd4?s=96&d=mm&r=g\",\"url\":\"https:\\\/\\\/secure.gravatar.com\\\/avatar\\\/bacbd4bf5f8418d0b903099430d35c7b7e630f7280cfd5f56ba26a6170010cd4?s=96&d=mm&r=g\",\"contentUrl\":\"https:\\\/\\\/secure.gravatar.com\\\/avatar\\\/bacbd4bf5f8418d0b903099430d35c7b7e630f7280cfd5f56ba26a6170010cd4?s=96&d=mm&r=g\",\"caption\":\"hjfraind\"},\"sameAs\":[\"http:\\\/\\\/www.roadtowc.com\"],\"url\":\"https:\\\/\\\/www.roadtowc.com\\\/es\\\/author\\\/hjfraind\\\/\"}]}<\/script>\n<!-- \/ Yoast SEO plugin. -->","yoast_head_json":{"title":"Luka Modric duda sobre el Mundial 2026: \"No s\u00e9 hasta qu\u00e9 punto es realista a mi edad\" - Road to the World Cup","description":"Luka Modric duda sobre su participaci\u00f3n en el Mundial 2026 debido a su edad, pero sigue enfocado en las competiciones actuales.","robots":{"index":"index","follow":"follow","max-snippet":"max-snippet:-1","max-image-preview":"max-image-preview:large","max-video-preview":"max-video-preview:-1"},"canonical":"https:\/\/www.roadtowc.com\/es\/luka-modric-duda-sobre-el-mundial-2026-no-se-hasta-que-punto-es-realista-a-mi-edad\/","og_locale":"es_ES","og_type":"article","og_title":"Luka Modric duda sobre el Mundial 2026: \"No s\u00e9 hasta qu\u00e9 punto es realista a mi edad\" - Road to the World Cup","og_description":"Luka Modric duda sobre su participaci\u00f3n en el Mundial 2026 debido a su edad, pero sigue enfocado en las competiciones actuales.","og_url":"https:\/\/www.roadtowc.com\/es\/luka-modric-duda-sobre-el-mundial-2026-no-se-hasta-que-punto-es-realista-a-mi-edad\/","og_site_name":"Road to the World Cup","article_published_time":"2024-09-05T18:03:16+00:00","article_modified_time":"2024-09-05T18:03:17+00:00","og_image":[{"width":948,"height":465,"url":"https:\/\/www.roadtowc.com\/wp-content\/uploads\/2024\/09\/modric.jpeg","type":"image\/jpeg"}],"author":"hjfraind","twitter_card":"summary_large_image","twitter_creator":"@roadtowc","twitter_site":"@roadtowc","twitter_misc":{"Escrito por":"hjfraind","Tiempo de lectura":"2 minutos"},"schema":{"@context":"https:\/\/schema.org","@graph":[{"@type":"Article","@id":"https:\/\/www.roadtowc.com\/es\/luka-modric-duda-sobre-el-mundial-2026-no-se-hasta-que-punto-es-realista-a-mi-edad\/#article","isPartOf":{"@id":"https:\/\/www.roadtowc.com\/es\/luka-modric-duda-sobre-el-mundial-2026-no-se-hasta-que-punto-es-realista-a-mi-edad\/"},"author":{"name":"hjfraind","@id":"https:\/\/www.roadtowc.com\/es\/#\/schema\/person\/e027536b8c7766a032254f303dcd7bba"},"headline":"Luka Modric duda sobre el Mundial 2026: \u00abNo s\u00e9 hasta qu\u00e9 punto es realista a mi edad\u00bb","datePublished":"2024-09-05T18:03:16+00:00","dateModified":"2024-09-05T18:03:17+00:00","mainEntityOfPage":{"@id":"https:\/\/www.roadtowc.com\/es\/luka-modric-duda-sobre-el-mundial-2026-no-se-hasta-que-punto-es-realista-a-mi-edad\/"},"wordCount":387,"publisher":{"@id":"https:\/\/www.roadtowc.com\/es\/#organization"},"image":{"@id":"https:\/\/www.roadtowc.com\/es\/luka-modric-duda-sobre-el-mundial-2026-no-se-hasta-que-punto-es-realista-a-mi-edad\/#primaryimage"},"thumbnailUrl":"https:\/\/www.roadtowc.com\/wp-content\/uploads\/2024\/09\/modric.jpeg","articleSection":["Noticias"],"inLanguage":"es"},{"@type":"WebPage","@id":"https:\/\/www.roadtowc.com\/es\/luka-modric-duda-sobre-el-mundial-2026-no-se-hasta-que-punto-es-realista-a-mi-edad\/","url":"https:\/\/www.roadtowc.com\/es\/luka-modric-duda-sobre-el-mundial-2026-no-se-hasta-que-punto-es-realista-a-mi-edad\/","name":"Luka Modric duda sobre el Mundial 2026: \"No s\u00e9 hasta qu\u00e9 punto es realista a mi edad\" - Road to the World Cup","isPartOf":{"@id":"https:\/\/www.roadtowc.com\/es\/#website"},"primaryImageOfPage":{"@id":"https:\/\/www.roadtowc.com\/es\/luka-modric-duda-sobre-el-mundial-2026-no-se-hasta-que-punto-es-realista-a-mi-edad\/#primaryimage"},"image":{"@id":"https:\/\/www.roadtowc.com\/es\/luka-modric-duda-sobre-el-mundial-2026-no-se-hasta-que-punto-es-realista-a-mi-edad\/#primaryimage"},"thumbnailUrl":"https:\/\/www.roadtowc.com\/wp-content\/uploads\/2024\/09\/modric.jpeg","datePublished":"2024-09-05T18:03:16+00:00","dateModified":"2024-09-05T18:03:17+00:00","description":"Luka Modric duda sobre su participaci\u00f3n en el Mundial 2026 debido a su edad, pero sigue enfocado en las competiciones actuales.","breadcrumb":{"@id":"https:\/\/www.roadtowc.com\/es\/luka-modric-duda-sobre-el-mundial-2026-no-se-hasta-que-punto-es-realista-a-mi-edad\/#breadcrumb"},"inLanguage":"es","potentialAction":[{"@type":"ReadAction","target":["https:\/\/www.roadtowc.com\/es\/luka-modric-duda-sobre-el-mundial-2026-no-se-hasta-que-punto-es-realista-a-mi-edad\/"]}]},{"@type":"ImageObject","inLanguage":"es","@id":"https:\/\/www.roadtowc.com\/es\/luka-modric-duda-sobre-el-mundial-2026-no-se-hasta-que-punto-es-realista-a-mi-edad\/#primaryimage","url":"https:\/\/www.roadtowc.com\/wp-content\/uploads\/2024\/09\/modric.jpeg","contentUrl":"https:\/\/www.roadtowc.com\/wp-content\/uploads\/2024\/09\/modric.jpeg","width":948,"height":465,"caption":"modric"},{"@type":"BreadcrumbList","@id":"https:\/\/www.roadtowc.com\/es\/luka-modric-duda-sobre-el-mundial-2026-no-se-hasta-que-punto-es-realista-a-mi-edad\/#breadcrumb","itemListElement":[{"@type":"ListItem","position":1,"name":"Home","item":"https:\/\/www.roadtowc.com\/es\/"},{"@type":"ListItem","position":2,"name":"Luka Modric duda sobre el Mundial 2026: &#8220;No s\u00e9 hasta qu\u00e9 punto es realista a mi edad&#8221;"}]},{"@type":"WebSite","@id":"https:\/\/www.roadtowc.com\/es\/#website","url":"https:\/\/www.roadtowc.com\/es\/","name":"Road to the World Cup","description":"Tu gu\u00eda definitiva para la Copa Mundial de la FIFA 2026: noticias, informaci\u00f3n sobre boletos, sedes y m\u00e1s, con toda la cobertura a medida que se acerca el torneo en Estados Unidos, M\u00e9xico y Canad\u00e1.","publisher":{"@id":"https:\/\/www.roadtowc.com\/es\/#organization"},"alternateName":"Road to the World Cup","potentialAction":[{"@type":"SearchAction","target":{"@type":"EntryPoint","urlTemplate":"https:\/\/www.roadtowc.com\/es\/?s={search_term_string}"},"query-input":{"@type":"PropertyValueSpecification","valueRequired":true,"valueName":"search_term_string"}}],"inLanguage":"es"},{"@type":"Organization","@id":"https:\/\/www.roadtowc.com\/es\/#organization","name":"Road to the World Cup","alternateName":"Road to the World Cup","url":"https:\/\/www.roadtowc.com\/es\/","logo":{"@type":"ImageObject","inLanguage":"es","@id":"https:\/\/www.roadtowc.com\/es\/#\/schema\/logo\/image\/","url":"https:\/\/www.roadtowc.com\/wp-content\/uploads\/2024\/07\/New-Logo-head.png","contentUrl":"https:\/\/www.roadtowc.com\/wp-content\/uploads\/2024\/07\/New-Logo-head.png","width":1228,"height":1037,"caption":"Road to the World Cup"},"image":{"@id":"https:\/\/www.roadtowc.com\/es\/#\/schema\/logo\/image\/"},"sameAs":["https:\/\/x.com\/roadtowc"]},{"@type":"Person","@id":"https:\/\/www.roadtowc.com\/es\/#\/schema\/person\/e027536b8c7766a032254f303dcd7bba","name":"hjfraind","image":{"@type":"ImageObject","inLanguage":"es","@id":"https:\/\/secure.gravatar.com\/avatar\/bacbd4bf5f8418d0b903099430d35c7b7e630f7280cfd5f56ba26a6170010cd4?s=96&d=mm&r=g","url":"https:\/\/secure.gravatar.com\/avatar\/bacbd4bf5f8418d0b903099430d35c7b7e630f7280cfd5f56ba26a6170010cd4?s=96&d=mm&r=g","contentUrl":"https:\/\/secure.gravatar.com\/avatar\/bacbd4bf5f8418d0b903099430d35c7b7e630f7280cfd5f56ba26a6170010cd4?s=96&d=mm&r=g","caption":"hjfraind"},"sameAs":["http:\/\/www.roadtowc.com"],"url":"https:\/\/www.roadtowc.com\/es\/author\/hjfraind\/"}]}},"_links":{"self":[{"href":"https:\/\/www.roadtowc.com\/es\/wp-json\/wp\/v2\/posts\/1581","targetHints":{"allow":["GET"]}}],"collection":[{"href":"https:\/\/www.roadtowc.com\/es\/wp-json\/wp\/v2\/posts"}],"about":[{"href":"https:\/\/www.roadtowc.com\/es\/wp-json\/wp\/v2\/types\/post"}],"author":[{"embeddable":true,"href":"https:\/\/www.roadtowc.com\/es\/wp-json\/wp\/v2\/users\/1"}],"replies":[{"embeddable":true,"href":"https:\/\/www.roadtowc.com\/es\/wp-json\/wp\/v2\/comments?post=1581"}],"version-history":[{"count":1,"href":"https:\/\/www.roadtowc.com\/es\/wp-json\/wp\/v2\/posts\/1581\/revisions"}],"predecessor-version":[{"id":1585,"href":"https:\/\/www.roadtowc.com\/es\/wp-json\/wp\/v2\/posts\/1581\/revisions\/1585"}],"wp:featuredmedia":[{"embeddable":true,"href":"https:\/\/www.roadtowc.com\/es\/wp-json\/wp\/v2\/media\/1582"}],"wp:attachment":[{"href":"https:\/\/www.roadtowc.com\/es\/wp-json\/wp\/v2\/media?parent=1581"}],"wp:term":[{"taxonomy":"category","embeddable":true,"href":"https:\/\/www.roadtowc.com\/es\/wp-json\/wp\/v2\/categories?post=1581"},{"taxonomy":"post_tag","embeddable":true,"href":"https:\/\/www.roadtowc.com\/es\/wp-json\/wp\/v2\/tags?post=1581"}],"curies":[{"name":"wp","href":"https:\/\/api.w.org\/{rel}","templated":true}]}}