{"id":323,"date":"2023-08-09T11:40:43","date_gmt":"2023-08-09T15:40:43","guid":{"rendered":"https:\/\/www.roadtowc.com\/la-fecha-para-la-final-del-torneo-en-canada-mexico-y-estados-unidos-fue-confirmada-por-el-consejo-de-la-fifa-junto-con-enmiendas-al-formato-de-la-fase-de-grupos\/"},"modified":"2024-07-31T08:20:46","modified_gmt":"2024-07-31T12:20:46","slug":"la-fecha-para-la-final-del-torneo-en-canada-mexico-y-estados-unidos-fue-confirmada-por-el-consejo-de-la-fifa-junto-con-enmiendas-al-formato-de-la-fase-de-grupos","status":"publish","type":"post","link":"https:\/\/www.roadtowc.com\/es\/la-fecha-para-la-final-del-torneo-en-canada-mexico-y-estados-unidos-fue-confirmada-por-el-consejo-de-la-fifa-junto-con-enmiendas-al-formato-de-la-fase-de-grupos\/","title":{"rendered":"La fecha para la final del torneo en Canad\u00e1, M\u00e9xico y Estados Unidos fue confirmada por el Consejo de la FIFA junto con enmiendas al formato de la fase de grupos."},"content":{"rendered":"<p>Fecha de la final de la Copa Mundial de la FIFA 2026\u2122 fijada para el 19 de julio<\/p>\n<p>El torneo contar\u00e1 por primera vez con 12 grupos en un torneo de 48 equipos. Se han realizado m\u00e1s anuncios en el calendario futbol\u00edstico.<\/p>\n<p>La fecha de la final de la Copa Mundial de la FIFA 2026\u2122 se ha fijado para el domingo 19 de julio tras una reuni\u00f3n del Consejo de la FIFA antes del Congreso oficial de la FIFA el jueves 16 de marzo de 2023.<\/p>\n<p>El Consejo de la FIFA tambi\u00e9n tom\u00f3 la decisi\u00f3n un\u00e1nime de aprobar la enmienda propuesta al formato de la fase de grupos del torneo en Canad\u00e1, M\u00e9xico y Estados Unidos, pasando de 16 grupos de tres a 12 grupos de cuatro.<\/p>\n<p>Los dos mejores equipos de cada grupo y los ocho mejores terceros equipos de los grupos avanzar\u00e1n ahora a los dieciseisavos de final. Los aspirantes ahora tendr\u00e1n que jugar ocho partidos desde la fase de grupos hasta la final, en lugar de siete.<br \/>\n<img decoding=\"async\" src=\"https:\/\/digitalhub.fifa.com\/transform\/46dfe58f-7618-484a-9ea5-4985b8f064ba\/1450130000?io=transform:fill,width:1024&#038;quality=75\" \/><\/p>\n<p>La decisi\u00f3n de enmendar el formato propuesto de la fase de grupos se bas\u00f3 en una revisi\u00f3n exhaustiva que consider\u00f3 la integridad deportiva, el bienestar de los jugadores, los viajes del equipo, la atractividad comercial y deportiva, as\u00ed como la experiencia del equipo y los aficionados. El formato revisado tambi\u00e9n mitiga el riesgo de colusi\u00f3n y asegura que todos los equipos jueguen un m\u00ednimo de tres partidos, al tiempo que proporciona un tiempo de descanso equilibrado entre los equipos competidores.<\/p>\n<p>El Mundial de 2026 ser\u00e1 el torneo m\u00e1s grande hasta ahora en m\u00e1s de un sentido. Nunca antes 48 equipos hab\u00edan participado en una sola edici\u00f3n, y tambi\u00e9n ser\u00e1 el primer Mundial que se celebrar\u00e1 en tres pa\u00edses.<\/p>\n<p>Tambi\u00e9n se ha fijado una fecha de liberaci\u00f3n obligatoria para que los clubes permitan a los jugadores viajar a sus selecciones nacionales el lunes 25 de mayo (pueden aplicarse excepciones para los clubes que participen en competiciones de clubes de confederaci\u00f3n), lo que significa que los 56 d\u00edas de descanso, liberaci\u00f3n y torneo son id\u00e9nticos a los de las Copas Mundiales de 2010, 2014 y 2018.<\/p>\n","protected":false},"excerpt":{"rendered":"<p>Fecha de la final de la Copa Mundial de la FIFA 2026\u2122 fijada para el 19 de julio El torneo<\/p>\n","protected":false},"author":1,"featured_media":1088,"comment_status":"closed","ping_status":"open","sticky":false,"template":"","format":"standard","meta":{"footnotes":""},"categories":[23],"tags":[],"class_list":["post-323","post","type-post","status-publish","format-standard","has-post-thumbnail","hentry","category-noticias"],"yoast_head":"<!-- This site is optimized with the Yoast SEO plugin v27.5 - https:\/\/yoast.com\/product\/yoast-seo-wordpress\/ -->\n<title>La fecha para la final del torneo en Canad\u00e1, M\u00e9xico y Estados Unidos fue confirmada por el Consejo de la FIFA junto con enmiendas al formato de la fase de grupos. - Road to the World Cup<\/title>\n<meta name=\"description\" content=\"La fecha de la final del torneo es el 19 de julio. Habr\u00e1 48 equipos, un formato de 12 grupos y una experiencia mejorada para los aficionados.\" \/>\n<meta name=\"robots\" content=\"index, follow, max-snippet:-1, max-image-preview:large, max-video-preview:-1\" \/>\n<link rel=\"canonical\" href=\"https:\/\/www.roadtowc.com\/es\/la-fecha-para-la-final-del-torneo-en-canada-mexico-y-estados-unidos-fue-confirmada-por-el-consejo-de-la-fifa-junto-con-enmiendas-al-formato-de-la-fase-de-grupos\/\" \/>\n<meta property=\"og:locale\" content=\"es_ES\" \/>\n<meta property=\"og:type\" content=\"article\" \/>\n<meta property=\"og:title\" content=\"La fecha para la final del torneo en Canad\u00e1, M\u00e9xico y Estados Unidos fue confirmada por el Consejo de la FIFA junto con enmiendas al formato de la fase de grupos. - Road to the World Cup\" \/>\n<meta property=\"og:description\" content=\"La fecha de la final del torneo es el 19 de julio. Habr\u00e1 48 equipos, un formato de 12 grupos y una experiencia mejorada para los aficionados.\" \/>\n<meta property=\"og:url\" content=\"https:\/\/www.roadtowc.com\/es\/la-fecha-para-la-final-del-torneo-en-canada-mexico-y-estados-unidos-fue-confirmada-por-el-consejo-de-la-fifa-junto-con-enmiendas-al-formato-de-la-fase-de-grupos\/\" \/>\n<meta property=\"og:site_name\" content=\"Road to the World Cup\" \/>\n<meta property=\"article:published_time\" content=\"2023-08-09T15:40:43+00:00\" \/>\n<meta property=\"article:modified_time\" content=\"2024-07-31T12:20:46+00:00\" \/>\n<meta property=\"og:image\" content=\"https:\/\/www.roadtowc.com\/wp-content\/uploads\/2023\/08\/1450130000.webp\" \/>\n\t<meta property=\"og:image:width\" content=\"1024\" \/>\n\t<meta property=\"og:image:height\" content=\"576\" \/>\n\t<meta property=\"og:image:type\" content=\"image\/webp\" \/>\n<meta name=\"author\" content=\"hjfraind\" \/>\n<meta name=\"twitter:card\" content=\"summary_large_image\" \/>\n<meta name=\"twitter:creator\" content=\"@roadtowc\" \/>\n<meta name=\"twitter:site\" content=\"@roadtowc\" \/>\n<meta name=\"twitter:label1\" content=\"Escrito por\" \/>\n\t<meta name=\"twitter:data1\" content=\"hjfraind\" \/>\n\t<meta name=\"twitter:label2\" content=\"Tiempo de lectura\" \/>\n\t<meta name=\"twitter:data2\" content=\"2 minutos\" \/>\n<script type=\"application\/ld+json\" class=\"yoast-schema-graph\">{\"@context\":\"https:\\\/\\\/schema.org\",\"@graph\":[{\"@type\":\"Article\",\"@id\":\"https:\\\/\\\/www.roadtowc.com\\\/es\\\/la-fecha-para-la-final-del-torneo-en-canada-mexico-y-estados-unidos-fue-confirmada-por-el-consejo-de-la-fifa-junto-con-enmiendas-al-formato-de-la-fase-de-grupos\\\/#article\",\"isPartOf\":{\"@id\":\"https:\\\/\\\/www.roadtowc.com\\\/es\\\/la-fecha-para-la-final-del-torneo-en-canada-mexico-y-estados-unidos-fue-confirmada-por-el-consejo-de-la-fifa-junto-con-enmiendas-al-formato-de-la-fase-de-grupos\\\/\"},\"author\":{\"name\":\"hjfraind\",\"@id\":\"https:\\\/\\\/www.roadtowc.com\\\/es\\\/#\\\/schema\\\/person\\\/e027536b8c7766a032254f303dcd7bba\"},\"headline\":\"La fecha para la final del torneo en Canad\u00e1, M\u00e9xico y Estados Unidos fue confirmada por el Consejo de la FIFA junto con enmiendas al formato de la fase de grupos.\",\"datePublished\":\"2023-08-09T15:40:43+00:00\",\"dateModified\":\"2024-07-31T12:20:46+00:00\",\"mainEntityOfPage\":{\"@id\":\"https:\\\/\\\/www.roadtowc.com\\\/es\\\/la-fecha-para-la-final-del-torneo-en-canada-mexico-y-estados-unidos-fue-confirmada-por-el-consejo-de-la-fifa-junto-con-enmiendas-al-formato-de-la-fase-de-grupos\\\/\"},\"wordCount\":395,\"publisher\":{\"@id\":\"https:\\\/\\\/www.roadtowc.com\\\/es\\\/#organization\"},\"image\":{\"@id\":\"https:\\\/\\\/www.roadtowc.com\\\/es\\\/la-fecha-para-la-final-del-torneo-en-canada-mexico-y-estados-unidos-fue-confirmada-por-el-consejo-de-la-fifa-junto-con-enmiendas-al-formato-de-la-fase-de-grupos\\\/#primaryimage\"},\"thumbnailUrl\":\"https:\\\/\\\/www.roadtowc.com\\\/wp-content\\\/uploads\\\/2023\\\/08\\\/1450130000.webp\",\"articleSection\":[\"Noticias\"],\"inLanguage\":\"es\"},{\"@type\":\"WebPage\",\"@id\":\"https:\\\/\\\/www.roadtowc.com\\\/es\\\/la-fecha-para-la-final-del-torneo-en-canada-mexico-y-estados-unidos-fue-confirmada-por-el-consejo-de-la-fifa-junto-con-enmiendas-al-formato-de-la-fase-de-grupos\\\/\",\"url\":\"https:\\\/\\\/www.roadtowc.com\\\/es\\\/la-fecha-para-la-final-del-torneo-en-canada-mexico-y-estados-unidos-fue-confirmada-por-el-consejo-de-la-fifa-junto-con-enmiendas-al-formato-de-la-fase-de-grupos\\\/\",\"name\":\"La fecha para la final del torneo en Canad\u00e1, M\u00e9xico y Estados Unidos fue confirmada por el Consejo de la FIFA junto con enmiendas al formato de la fase de grupos. - Road to the World Cup\",\"isPartOf\":{\"@id\":\"https:\\\/\\\/www.roadtowc.com\\\/es\\\/#website\"},\"primaryImageOfPage\":{\"@id\":\"https:\\\/\\\/www.roadtowc.com\\\/es\\\/la-fecha-para-la-final-del-torneo-en-canada-mexico-y-estados-unidos-fue-confirmada-por-el-consejo-de-la-fifa-junto-con-enmiendas-al-formato-de-la-fase-de-grupos\\\/#primaryimage\"},\"image\":{\"@id\":\"https:\\\/\\\/www.roadtowc.com\\\/es\\\/la-fecha-para-la-final-del-torneo-en-canada-mexico-y-estados-unidos-fue-confirmada-por-el-consejo-de-la-fifa-junto-con-enmiendas-al-formato-de-la-fase-de-grupos\\\/#primaryimage\"},\"thumbnailUrl\":\"https:\\\/\\\/www.roadtowc.com\\\/wp-content\\\/uploads\\\/2023\\\/08\\\/1450130000.webp\",\"datePublished\":\"2023-08-09T15:40:43+00:00\",\"dateModified\":\"2024-07-31T12:20:46+00:00\",\"description\":\"La fecha de la final del torneo es el 19 de julio. Habr\u00e1 48 equipos, un formato de 12 grupos y una experiencia mejorada para los aficionados.\",\"breadcrumb\":{\"@id\":\"https:\\\/\\\/www.roadtowc.com\\\/es\\\/la-fecha-para-la-final-del-torneo-en-canada-mexico-y-estados-unidos-fue-confirmada-por-el-consejo-de-la-fifa-junto-con-enmiendas-al-formato-de-la-fase-de-grupos\\\/#breadcrumb\"},\"inLanguage\":\"es\",\"potentialAction\":[{\"@type\":\"ReadAction\",\"target\":[\"https:\\\/\\\/www.roadtowc.com\\\/es\\\/la-fecha-para-la-final-del-torneo-en-canada-mexico-y-estados-unidos-fue-confirmada-por-el-consejo-de-la-fifa-junto-con-enmiendas-al-formato-de-la-fase-de-grupos\\\/\"]}]},{\"@type\":\"ImageObject\",\"inLanguage\":\"es\",\"@id\":\"https:\\\/\\\/www.roadtowc.com\\\/es\\\/la-fecha-para-la-final-del-torneo-en-canada-mexico-y-estados-unidos-fue-confirmada-por-el-consejo-de-la-fifa-junto-con-enmiendas-al-formato-de-la-fase-de-grupos\\\/#primaryimage\",\"url\":\"https:\\\/\\\/www.roadtowc.com\\\/wp-content\\\/uploads\\\/2023\\\/08\\\/1450130000.webp\",\"contentUrl\":\"https:\\\/\\\/www.roadtowc.com\\\/wp-content\\\/uploads\\\/2023\\\/08\\\/1450130000.webp\",\"width\":1024,\"height\":576,\"caption\":\"Argentina World Cup Champion\"},{\"@type\":\"BreadcrumbList\",\"@id\":\"https:\\\/\\\/www.roadtowc.com\\\/es\\\/la-fecha-para-la-final-del-torneo-en-canada-mexico-y-estados-unidos-fue-confirmada-por-el-consejo-de-la-fifa-junto-con-enmiendas-al-formato-de-la-fase-de-grupos\\\/#breadcrumb\",\"itemListElement\":[{\"@type\":\"ListItem\",\"position\":1,\"name\":\"Home\",\"item\":\"https:\\\/\\\/www.roadtowc.com\\\/es\\\/\"},{\"@type\":\"ListItem\",\"position\":2,\"name\":\"La fecha para la final del torneo en Canad\u00e1, M\u00e9xico y Estados Unidos fue confirmada por el Consejo de la FIFA junto con enmiendas al formato de la fase de grupos.\"}]},{\"@type\":\"WebSite\",\"@id\":\"https:\\\/\\\/www.roadtowc.com\\\/es\\\/#website\",\"url\":\"https:\\\/\\\/www.roadtowc.com\\\/es\\\/\",\"name\":\"Road to the World Cup\",\"description\":\"Tu gu\u00eda definitiva para la Copa Mundial de la FIFA 2026: noticias, informaci\u00f3n sobre boletos, sedes y m\u00e1s, con toda la cobertura a medida que se acerca el torneo en Estados Unidos, M\u00e9xico y Canad\u00e1.\",\"publisher\":{\"@id\":\"https:\\\/\\\/www.roadtowc.com\\\/es\\\/#organization\"},\"alternateName\":\"Road to the World Cup\",\"potentialAction\":[{\"@type\":\"SearchAction\",\"target\":{\"@type\":\"EntryPoint\",\"urlTemplate\":\"https:\\\/\\\/www.roadtowc.com\\\/es\\\/?s={search_term_string}\"},\"query-input\":{\"@type\":\"PropertyValueSpecification\",\"valueRequired\":true,\"valueName\":\"search_term_string\"}}],\"inLanguage\":\"es\"},{\"@type\":\"Organization\",\"@id\":\"https:\\\/\\\/www.roadtowc.com\\\/es\\\/#organization\",\"name\":\"Road to the World Cup\",\"alternateName\":\"Road to the World Cup\",\"url\":\"https:\\\/\\\/www.roadtowc.com\\\/es\\\/\",\"logo\":{\"@type\":\"ImageObject\",\"inLanguage\":\"es\",\"@id\":\"https:\\\/\\\/www.roadtowc.com\\\/es\\\/#\\\/schema\\\/logo\\\/image\\\/\",\"url\":\"https:\\\/\\\/www.roadtowc.com\\\/wp-content\\\/uploads\\\/2024\\\/07\\\/New-Logo-head.png\",\"contentUrl\":\"https:\\\/\\\/www.roadtowc.com\\\/wp-content\\\/uploads\\\/2024\\\/07\\\/New-Logo-head.png\",\"width\":1228,\"height\":1037,\"caption\":\"Road to the World Cup\"},\"image\":{\"@id\":\"https:\\\/\\\/www.roadtowc.com\\\/es\\\/#\\\/schema\\\/logo\\\/image\\\/\"},\"sameAs\":[\"https:\\\/\\\/x.com\\\/roadtowc\"]},{\"@type\":\"Person\",\"@id\":\"https:\\\/\\\/www.roadtowc.com\\\/es\\\/#\\\/schema\\\/person\\\/e027536b8c7766a032254f303dcd7bba\",\"name\":\"hjfraind\",\"image\":{\"@type\":\"ImageObject\",\"inLanguage\":\"es\",\"@id\":\"https:\\\/\\\/secure.gravatar.com\\\/avatar\\\/bacbd4bf5f8418d0b903099430d35c7b7e630f7280cfd5f56ba26a6170010cd4?s=96&d=mm&r=g\",\"url\":\"https:\\\/\\\/secure.gravatar.com\\\/avatar\\\/bacbd4bf5f8418d0b903099430d35c7b7e630f7280cfd5f56ba26a6170010cd4?s=96&d=mm&r=g\",\"contentUrl\":\"https:\\\/\\\/secure.gravatar.com\\\/avatar\\\/bacbd4bf5f8418d0b903099430d35c7b7e630f7280cfd5f56ba26a6170010cd4?s=96&d=mm&r=g\",\"caption\":\"hjfraind\"},\"sameAs\":[\"http:\\\/\\\/www.roadtowc.com\"],\"url\":\"https:\\\/\\\/www.roadtowc.com\\\/es\\\/author\\\/hjfraind\\\/\"}]}<\/script>\n<!-- \/ Yoast SEO plugin. -->","yoast_head_json":{"title":"La fecha para la final del torneo en Canad\u00e1, M\u00e9xico y Estados Unidos fue confirmada por el Consejo de la FIFA junto con enmiendas al formato de la fase de grupos. - Road to the World Cup","description":"La fecha de la final del torneo es el 19 de julio. Habr\u00e1 48 equipos, un formato de 12 grupos y una experiencia mejorada para los aficionados.","robots":{"index":"index","follow":"follow","max-snippet":"max-snippet:-1","max-image-preview":"max-image-preview:large","max-video-preview":"max-video-preview:-1"},"canonical":"https:\/\/www.roadtowc.com\/es\/la-fecha-para-la-final-del-torneo-en-canada-mexico-y-estados-unidos-fue-confirmada-por-el-consejo-de-la-fifa-junto-con-enmiendas-al-formato-de-la-fase-de-grupos\/","og_locale":"es_ES","og_type":"article","og_title":"La fecha para la final del torneo en Canad\u00e1, M\u00e9xico y Estados Unidos fue confirmada por el Consejo de la FIFA junto con enmiendas al formato de la fase de grupos. - Road to the World Cup","og_description":"La fecha de la final del torneo es el 19 de julio. Habr\u00e1 48 equipos, un formato de 12 grupos y una experiencia mejorada para los aficionados.","og_url":"https:\/\/www.roadtowc.com\/es\/la-fecha-para-la-final-del-torneo-en-canada-mexico-y-estados-unidos-fue-confirmada-por-el-consejo-de-la-fifa-junto-con-enmiendas-al-formato-de-la-fase-de-grupos\/","og_site_name":"Road to the World Cup","article_published_time":"2023-08-09T15:40:43+00:00","article_modified_time":"2024-07-31T12:20:46+00:00","og_image":[{"width":1024,"height":576,"url":"https:\/\/www.roadtowc.com\/wp-content\/uploads\/2023\/08\/1450130000.webp","type":"image\/webp"}],"author":"hjfraind","twitter_card":"summary_large_image","twitter_creator":"@roadtowc","twitter_site":"@roadtowc","twitter_misc":{"Escrito por":"hjfraind","Tiempo de lectura":"2 minutos"},"schema":{"@context":"https:\/\/schema.org","@graph":[{"@type":"Article","@id":"https:\/\/www.roadtowc.com\/es\/la-fecha-para-la-final-del-torneo-en-canada-mexico-y-estados-unidos-fue-confirmada-por-el-consejo-de-la-fifa-junto-con-enmiendas-al-formato-de-la-fase-de-grupos\/#article","isPartOf":{"@id":"https:\/\/www.roadtowc.com\/es\/la-fecha-para-la-final-del-torneo-en-canada-mexico-y-estados-unidos-fue-confirmada-por-el-consejo-de-la-fifa-junto-con-enmiendas-al-formato-de-la-fase-de-grupos\/"},"author":{"name":"hjfraind","@id":"https:\/\/www.roadtowc.com\/es\/#\/schema\/person\/e027536b8c7766a032254f303dcd7bba"},"headline":"La fecha para la final del torneo en Canad\u00e1, M\u00e9xico y Estados Unidos fue confirmada por el Consejo de la FIFA junto con enmiendas al formato de la fase de grupos.","datePublished":"2023-08-09T15:40:43+00:00","dateModified":"2024-07-31T12:20:46+00:00","mainEntityOfPage":{"@id":"https:\/\/www.roadtowc.com\/es\/la-fecha-para-la-final-del-torneo-en-canada-mexico-y-estados-unidos-fue-confirmada-por-el-consejo-de-la-fifa-junto-con-enmiendas-al-formato-de-la-fase-de-grupos\/"},"wordCount":395,"publisher":{"@id":"https:\/\/www.roadtowc.com\/es\/#organization"},"image":{"@id":"https:\/\/www.roadtowc.com\/es\/la-fecha-para-la-final-del-torneo-en-canada-mexico-y-estados-unidos-fue-confirmada-por-el-consejo-de-la-fifa-junto-con-enmiendas-al-formato-de-la-fase-de-grupos\/#primaryimage"},"thumbnailUrl":"https:\/\/www.roadtowc.com\/wp-content\/uploads\/2023\/08\/1450130000.webp","articleSection":["Noticias"],"inLanguage":"es"},{"@type":"WebPage","@id":"https:\/\/www.roadtowc.com\/es\/la-fecha-para-la-final-del-torneo-en-canada-mexico-y-estados-unidos-fue-confirmada-por-el-consejo-de-la-fifa-junto-con-enmiendas-al-formato-de-la-fase-de-grupos\/","url":"https:\/\/www.roadtowc.com\/es\/la-fecha-para-la-final-del-torneo-en-canada-mexico-y-estados-unidos-fue-confirmada-por-el-consejo-de-la-fifa-junto-con-enmiendas-al-formato-de-la-fase-de-grupos\/","name":"La fecha para la final del torneo en Canad\u00e1, M\u00e9xico y Estados Unidos fue confirmada por el Consejo de la FIFA junto con enmiendas al formato de la fase de grupos. - Road to the World Cup","isPartOf":{"@id":"https:\/\/www.roadtowc.com\/es\/#website"},"primaryImageOfPage":{"@id":"https:\/\/www.roadtowc.com\/es\/la-fecha-para-la-final-del-torneo-en-canada-mexico-y-estados-unidos-fue-confirmada-por-el-consejo-de-la-fifa-junto-con-enmiendas-al-formato-de-la-fase-de-grupos\/#primaryimage"},"image":{"@id":"https:\/\/www.roadtowc.com\/es\/la-fecha-para-la-final-del-torneo-en-canada-mexico-y-estados-unidos-fue-confirmada-por-el-consejo-de-la-fifa-junto-con-enmiendas-al-formato-de-la-fase-de-grupos\/#primaryimage"},"thumbnailUrl":"https:\/\/www.roadtowc.com\/wp-content\/uploads\/2023\/08\/1450130000.webp","datePublished":"2023-08-09T15:40:43+00:00","dateModified":"2024-07-31T12:20:46+00:00","description":"La fecha de la final del torneo es el 19 de julio. Habr\u00e1 48 equipos, un formato de 12 grupos y una experiencia mejorada para los aficionados.","breadcrumb":{"@id":"https:\/\/www.roadtowc.com\/es\/la-fecha-para-la-final-del-torneo-en-canada-mexico-y-estados-unidos-fue-confirmada-por-el-consejo-de-la-fifa-junto-con-enmiendas-al-formato-de-la-fase-de-grupos\/#breadcrumb"},"inLanguage":"es","potentialAction":[{"@type":"ReadAction","target":["https:\/\/www.roadtowc.com\/es\/la-fecha-para-la-final-del-torneo-en-canada-mexico-y-estados-unidos-fue-confirmada-por-el-consejo-de-la-fifa-junto-con-enmiendas-al-formato-de-la-fase-de-grupos\/"]}]},{"@type":"ImageObject","inLanguage":"es","@id":"https:\/\/www.roadtowc.com\/es\/la-fecha-para-la-final-del-torneo-en-canada-mexico-y-estados-unidos-fue-confirmada-por-el-consejo-de-la-fifa-junto-con-enmiendas-al-formato-de-la-fase-de-grupos\/#primaryimage","url":"https:\/\/www.roadtowc.com\/wp-content\/uploads\/2023\/08\/1450130000.webp","contentUrl":"https:\/\/www.roadtowc.com\/wp-content\/uploads\/2023\/08\/1450130000.webp","width":1024,"height":576,"caption":"Argentina World Cup Champion"},{"@type":"BreadcrumbList","@id":"https:\/\/www.roadtowc.com\/es\/la-fecha-para-la-final-del-torneo-en-canada-mexico-y-estados-unidos-fue-confirmada-por-el-consejo-de-la-fifa-junto-con-enmiendas-al-formato-de-la-fase-de-grupos\/#breadcrumb","itemListElement":[{"@type":"ListItem","position":1,"name":"Home","item":"https:\/\/www.roadtowc.com\/es\/"},{"@type":"ListItem","position":2,"name":"La fecha para la final del torneo en Canad\u00e1, M\u00e9xico y Estados Unidos fue confirmada por el Consejo de la FIFA junto con enmiendas al formato de la fase de grupos."}]},{"@type":"WebSite","@id":"https:\/\/www.roadtowc.com\/es\/#website","url":"https:\/\/www.roadtowc.com\/es\/","name":"Road to the World Cup","description":"Tu gu\u00eda definitiva para la Copa Mundial de la FIFA 2026: noticias, informaci\u00f3n sobre boletos, sedes y m\u00e1s, con toda la cobertura a medida que se acerca el torneo en Estados Unidos, M\u00e9xico y Canad\u00e1.","publisher":{"@id":"https:\/\/www.roadtowc.com\/es\/#organization"},"alternateName":"Road to the World Cup","potentialAction":[{"@type":"SearchAction","target":{"@type":"EntryPoint","urlTemplate":"https:\/\/www.roadtowc.com\/es\/?s={search_term_string}"},"query-input":{"@type":"PropertyValueSpecification","valueRequired":true,"valueName":"search_term_string"}}],"inLanguage":"es"},{"@type":"Organization","@id":"https:\/\/www.roadtowc.com\/es\/#organization","name":"Road to the World Cup","alternateName":"Road to the World Cup","url":"https:\/\/www.roadtowc.com\/es\/","logo":{"@type":"ImageObject","inLanguage":"es","@id":"https:\/\/www.roadtowc.com\/es\/#\/schema\/logo\/image\/","url":"https:\/\/www.roadtowc.com\/wp-content\/uploads\/2024\/07\/New-Logo-head.png","contentUrl":"https:\/\/www.roadtowc.com\/wp-content\/uploads\/2024\/07\/New-Logo-head.png","width":1228,"height":1037,"caption":"Road to the World Cup"},"image":{"@id":"https:\/\/www.roadtowc.com\/es\/#\/schema\/logo\/image\/"},"sameAs":["https:\/\/x.com\/roadtowc"]},{"@type":"Person","@id":"https:\/\/www.roadtowc.com\/es\/#\/schema\/person\/e027536b8c7766a032254f303dcd7bba","name":"hjfraind","image":{"@type":"ImageObject","inLanguage":"es","@id":"https:\/\/secure.gravatar.com\/avatar\/bacbd4bf5f8418d0b903099430d35c7b7e630f7280cfd5f56ba26a6170010cd4?s=96&d=mm&r=g","url":"https:\/\/secure.gravatar.com\/avatar\/bacbd4bf5f8418d0b903099430d35c7b7e630f7280cfd5f56ba26a6170010cd4?s=96&d=mm&r=g","contentUrl":"https:\/\/secure.gravatar.com\/avatar\/bacbd4bf5f8418d0b903099430d35c7b7e630f7280cfd5f56ba26a6170010cd4?s=96&d=mm&r=g","caption":"hjfraind"},"sameAs":["http:\/\/www.roadtowc.com"],"url":"https:\/\/www.roadtowc.com\/es\/author\/hjfraind\/"}]}},"_links":{"self":[{"href":"https:\/\/www.roadtowc.com\/es\/wp-json\/wp\/v2\/posts\/323","targetHints":{"allow":["GET"]}}],"collection":[{"href":"https:\/\/www.roadtowc.com\/es\/wp-json\/wp\/v2\/posts"}],"about":[{"href":"https:\/\/www.roadtowc.com\/es\/wp-json\/wp\/v2\/types\/post"}],"author":[{"embeddable":true,"href":"https:\/\/www.roadtowc.com\/es\/wp-json\/wp\/v2\/users\/1"}],"replies":[{"embeddable":true,"href":"https:\/\/www.roadtowc.com\/es\/wp-json\/wp\/v2\/comments?post=323"}],"version-history":[{"count":1,"href":"https:\/\/www.roadtowc.com\/es\/wp-json\/wp\/v2\/posts\/323\/revisions"}],"predecessor-version":[{"id":1087,"href":"https:\/\/www.roadtowc.com\/es\/wp-json\/wp\/v2\/posts\/323\/revisions\/1087"}],"wp:featuredmedia":[{"embeddable":true,"href":"https:\/\/www.roadtowc.com\/es\/wp-json\/wp\/v2\/media\/1088"}],"wp:attachment":[{"href":"https:\/\/www.roadtowc.com\/es\/wp-json\/wp\/v2\/media?parent=323"}],"wp:term":[{"taxonomy":"category","embeddable":true,"href":"https:\/\/www.roadtowc.com\/es\/wp-json\/wp\/v2\/categories?post=323"},{"taxonomy":"post_tag","embeddable":true,"href":"https:\/\/www.roadtowc.com\/es\/wp-json\/wp\/v2\/tags?post=323"}],"curies":[{"name":"wp","href":"https:\/\/api.w.org\/{rel}","templated":true}]}}