{"id":11979,"date":"2026-05-01T15:42:25","date_gmt":"2026-05-01T19:42:25","guid":{"rendered":"https:\/\/www.roadtowc.com\/suede-coupe-du-monde-2026-preview-2\/"},"modified":"2026-05-01T15:55:10","modified_gmt":"2026-05-01T19:55:10","slug":"suede-coupe-du-monde-2026-preview-2","status":"publish","type":"post","link":"https:\/\/www.roadtowc.com\/fr\/suede-coupe-du-monde-2026-preview-2\/","title":{"rendered":"La Su\u00e8de au Mondial 2026 : Viktor Gy\u00f6keres et la nouvelle \u00e8re"},"content":{"rendered":"<p><strong>La Su\u00e8de<\/strong> revient au Mondial via les barrages UEFA, se qualifiant avec la conviction qu&rsquo;une nouvelle \u00e8re du football su\u00e9dois est pr\u00eate \u00e0 s&rsquo;exprimer. La g\u00e9n\u00e9ration post-Zlatan a trouv\u00e9 son leader en <strong>Viktor Gy\u00f6keres<\/strong> \u2014 l&rsquo;attaquant du Sporting CP qui a connu l&rsquo;une des saisons les plus extraordinaires du football europ\u00e9en.<\/p>\n<p>Sous la direction de <strong>Jon Dahl Tomasson<\/strong>, la Su\u00e8de joue un football pragmatique mais efficace. Dans le <strong>Groupe F<\/strong> avec les Pays-Bas, le Japon et la Tunisie, la Su\u00e8de fait face \u00e0 un chemin comp\u00e9titif vers les huiti\u00e8mes.<\/p>\n<h3>La Nouvelle G\u00e9n\u00e9ration<\/h3>\n<p>Le c\u00e9l\u00e8bre quart de finale du Mondial 2018 \u2014 atteint sans Zlatan Ibrahimovi\u0107 \u2014 a montr\u00e9 que l&rsquo;\u00e9quipe peut se battre sans sa l\u00e9gende. Gy\u00f6keres est maintenant l&rsquo;\u00e9tendard, et sa forme en club exige que le monde prenne la Su\u00e8de au s\u00e9rieux en 2026.<\/p>\n<h3>Joueurs Cl\u00e9s<\/h3>\n<ul>\n<li><strong>Viktor Gy\u00f6keres<\/strong> \u2013 L&rsquo;un des attaquants les plus redoutables d&rsquo;Europe<\/li>\n<li><strong>Alexander Isak<\/strong> \u2013 Attaquant rapide et clinique de Newcastle<\/li>\n<li><strong>Dejan Kulusevski<\/strong> \u2013 La force cr\u00e9ative de Tottenham<\/li>\n<li><strong>Emil Forsberg<\/strong> \u2013 Meneur de jeu v\u00e9t\u00e9ran qui contr\u00f4le le tempo<\/li>\n<\/ul>\n<p>La Su\u00e8de est pr\u00eate \u00e0 faire du bruit au Mondial 2026. La forme de Gy\u00f6keres est effrayante \u2014 et les attaquants effrayants en Coupe du Monde ont tendance \u00e0 produire de la magie.<\/p>\n","protected":false},"excerpt":{"rendered":"<p>La Su\u00e8de revient au Mondial via les barrages UEFA avec Viktor Gy\u00f6keres comme fer de lance. Le Bl\u00e5gult affronte les Pays-Bas, le Japon et la Tunisie dans le Groupe F.<\/p>\n","protected":false},"author":1,"featured_media":12287,"comment_status":"closed","ping_status":"closed","sticky":false,"template":"","format":"standard","meta":{"footnotes":""},"categories":[24],"tags":[],"class_list":["post-11979","post","type-post","status-publish","format-standard","has-post-thumbnail","hentry","category-nouvelles"],"yoast_head":"<!-- This site is optimized with the Yoast SEO plugin v27.5 - https:\/\/yoast.com\/product\/yoast-seo-wordpress\/ -->\n<title>La Su\u00e8de au Mondial 2026 : Viktor Gy\u00f6keres et la nouvelle \u00e8re - Road to the World Cup<\/title>\n<meta name=\"description\" content=\"La Su\u00e8de \u00e0 la Coupe du Monde 2026 : qualifi\u00e9s via les barrages UEFA dans le Groupe F avec les Pays-Bas, le Japon et la Tunisie. Viktor Gy\u00f6keres m\u00e8ne la nouvelle g\u00e9n\u00e9ration su\u00e9doise.\" \/>\n<meta name=\"robots\" content=\"index, follow, max-snippet:-1, max-image-preview:large, max-video-preview:-1\" \/>\n<link rel=\"canonical\" href=\"https:\/\/www.roadtowc.com\/fr\/suede-coupe-du-monde-2026-preview-2\/\" \/>\n<meta property=\"og:locale\" content=\"fr_FR\" \/>\n<meta property=\"og:type\" content=\"article\" \/>\n<meta property=\"og:title\" content=\"La Su\u00e8de au Mondial 2026 : Viktor Gy\u00f6keres et la nouvelle \u00e8re - Road to the World Cup\" \/>\n<meta property=\"og:description\" content=\"La Su\u00e8de \u00e0 la Coupe du Monde 2026 : qualifi\u00e9s via les barrages UEFA dans le Groupe F avec les Pays-Bas, le Japon et la Tunisie. Viktor Gy\u00f6keres m\u00e8ne la nouvelle g\u00e9n\u00e9ration su\u00e9doise.\" \/>\n<meta property=\"og:url\" content=\"https:\/\/www.roadtowc.com\/fr\/suede-coupe-du-monde-2026-preview-2\/\" \/>\n<meta property=\"og:site_name\" content=\"Road to the World Cup\" \/>\n<meta property=\"article:published_time\" content=\"2026-05-01T19:42:25+00:00\" \/>\n<meta property=\"article:modified_time\" content=\"2026-05-01T19:55:10+00:00\" \/>\n<meta property=\"og:image\" content=\"https:\/\/www.roadtowc.com\/wp-content\/uploads\/2026\/05\/sweden-2026-world-cup-flag.png\" \/>\n\t<meta property=\"og:image:width\" content=\"640\" \/>\n\t<meta property=\"og:image:height\" content=\"400\" \/>\n\t<meta property=\"og:image:type\" content=\"image\/png\" \/>\n<meta name=\"author\" content=\"hjfraind\" \/>\n<meta name=\"twitter:card\" content=\"summary_large_image\" \/>\n<meta name=\"twitter:creator\" content=\"@roadtowc\" \/>\n<meta name=\"twitter:site\" content=\"@roadtowc\" \/>\n<meta name=\"twitter:label1\" content=\"\u00c9crit par\" \/>\n\t<meta name=\"twitter:data1\" content=\"hjfraind\" \/>\n\t<meta name=\"twitter:label2\" content=\"Dur\u00e9e de lecture estim\u00e9e\" \/>\n\t<meta name=\"twitter:data2\" content=\"1 minute\" \/>\n<script type=\"application\/ld+json\" class=\"yoast-schema-graph\">{\"@context\":\"https:\\\/\\\/schema.org\",\"@graph\":[{\"@type\":\"Article\",\"@id\":\"https:\\\/\\\/www.roadtowc.com\\\/fr\\\/suede-coupe-du-monde-2026-preview-2\\\/#article\",\"isPartOf\":{\"@id\":\"https:\\\/\\\/www.roadtowc.com\\\/fr\\\/suede-coupe-du-monde-2026-preview-2\\\/\"},\"author\":{\"name\":\"hjfraind\",\"@id\":\"https:\\\/\\\/www.roadtowc.com\\\/fr\\\/#\\\/schema\\\/person\\\/e027536b8c7766a032254f303dcd7bba\"},\"headline\":\"La Su\u00e8de au Mondial 2026 : Viktor Gy\u00f6keres et la nouvelle \u00e8re\",\"datePublished\":\"2026-05-01T19:42:25+00:00\",\"dateModified\":\"2026-05-01T19:55:10+00:00\",\"mainEntityOfPage\":{\"@id\":\"https:\\\/\\\/www.roadtowc.com\\\/fr\\\/suede-coupe-du-monde-2026-preview-2\\\/\"},\"wordCount\":242,\"publisher\":{\"@id\":\"https:\\\/\\\/www.roadtowc.com\\\/fr\\\/#organization\"},\"image\":{\"@id\":\"https:\\\/\\\/www.roadtowc.com\\\/fr\\\/suede-coupe-du-monde-2026-preview-2\\\/#primaryimage\"},\"thumbnailUrl\":\"https:\\\/\\\/www.roadtowc.com\\\/wp-content\\\/uploads\\\/2026\\\/05\\\/sweden-2026-world-cup-flag.png\",\"articleSection\":[\"Des nouvelles\"],\"inLanguage\":\"fr-FR\"},{\"@type\":\"WebPage\",\"@id\":\"https:\\\/\\\/www.roadtowc.com\\\/fr\\\/suede-coupe-du-monde-2026-preview-2\\\/\",\"url\":\"https:\\\/\\\/www.roadtowc.com\\\/fr\\\/suede-coupe-du-monde-2026-preview-2\\\/\",\"name\":\"La Su\u00e8de au Mondial 2026 : Viktor Gy\u00f6keres et la nouvelle \u00e8re - Road to the World Cup\",\"isPartOf\":{\"@id\":\"https:\\\/\\\/www.roadtowc.com\\\/fr\\\/#website\"},\"primaryImageOfPage\":{\"@id\":\"https:\\\/\\\/www.roadtowc.com\\\/fr\\\/suede-coupe-du-monde-2026-preview-2\\\/#primaryimage\"},\"image\":{\"@id\":\"https:\\\/\\\/www.roadtowc.com\\\/fr\\\/suede-coupe-du-monde-2026-preview-2\\\/#primaryimage\"},\"thumbnailUrl\":\"https:\\\/\\\/www.roadtowc.com\\\/wp-content\\\/uploads\\\/2026\\\/05\\\/sweden-2026-world-cup-flag.png\",\"datePublished\":\"2026-05-01T19:42:25+00:00\",\"dateModified\":\"2026-05-01T19:55:10+00:00\",\"description\":\"La Su\u00e8de \u00e0 la Coupe du Monde 2026 : qualifi\u00e9s via les barrages UEFA dans le Groupe F avec les Pays-Bas, le Japon et la Tunisie. Viktor Gy\u00f6keres m\u00e8ne la nouvelle g\u00e9n\u00e9ration su\u00e9doise.\",\"breadcrumb\":{\"@id\":\"https:\\\/\\\/www.roadtowc.com\\\/fr\\\/suede-coupe-du-monde-2026-preview-2\\\/#breadcrumb\"},\"inLanguage\":\"fr-FR\",\"potentialAction\":[{\"@type\":\"ReadAction\",\"target\":[\"https:\\\/\\\/www.roadtowc.com\\\/fr\\\/suede-coupe-du-monde-2026-preview-2\\\/\"]}]},{\"@type\":\"ImageObject\",\"inLanguage\":\"fr-FR\",\"@id\":\"https:\\\/\\\/www.roadtowc.com\\\/fr\\\/suede-coupe-du-monde-2026-preview-2\\\/#primaryimage\",\"url\":\"https:\\\/\\\/www.roadtowc.com\\\/wp-content\\\/uploads\\\/2026\\\/05\\\/sweden-2026-world-cup-flag.png\",\"contentUrl\":\"https:\\\/\\\/www.roadtowc.com\\\/wp-content\\\/uploads\\\/2026\\\/05\\\/sweden-2026-world-cup-flag.png\",\"width\":640,\"height\":400,\"caption\":\"Sweden at the 2026 FIFA World Cup: Viktor Gy\u00f6keres and the New Era flag\"},{\"@type\":\"BreadcrumbList\",\"@id\":\"https:\\\/\\\/www.roadtowc.com\\\/fr\\\/suede-coupe-du-monde-2026-preview-2\\\/#breadcrumb\",\"itemListElement\":[{\"@type\":\"ListItem\",\"position\":1,\"name\":\"Home\",\"item\":\"https:\\\/\\\/www.roadtowc.com\\\/fr\\\/\"},{\"@type\":\"ListItem\",\"position\":2,\"name\":\"La Su\u00e8de au Mondial 2026 : Viktor Gy\u00f6keres et la nouvelle \u00e8re\"}]},{\"@type\":\"WebSite\",\"@id\":\"https:\\\/\\\/www.roadtowc.com\\\/fr\\\/#website\",\"url\":\"https:\\\/\\\/www.roadtowc.com\\\/fr\\\/\",\"name\":\"Road to the World Cup\",\"description\":\"Votre guide ultime de la Coupe du Monde de la FIFA 2026 : actualit\u00e9s, informations sur les billets, stades et plus encore, avec une couverture compl\u00e8te \u00e0 l\u2019approche du tournoi aux \u00c9tats-Unis, au Mexique et au Canada.\",\"publisher\":{\"@id\":\"https:\\\/\\\/www.roadtowc.com\\\/fr\\\/#organization\"},\"alternateName\":\"Road to the World Cup\",\"potentialAction\":[{\"@type\":\"SearchAction\",\"target\":{\"@type\":\"EntryPoint\",\"urlTemplate\":\"https:\\\/\\\/www.roadtowc.com\\\/fr\\\/?s={search_term_string}\"},\"query-input\":{\"@type\":\"PropertyValueSpecification\",\"valueRequired\":true,\"valueName\":\"search_term_string\"}}],\"inLanguage\":\"fr-FR\"},{\"@type\":\"Organization\",\"@id\":\"https:\\\/\\\/www.roadtowc.com\\\/fr\\\/#organization\",\"name\":\"Road to the World Cup\",\"alternateName\":\"Road to the World Cup\",\"url\":\"https:\\\/\\\/www.roadtowc.com\\\/fr\\\/\",\"logo\":{\"@type\":\"ImageObject\",\"inLanguage\":\"fr-FR\",\"@id\":\"https:\\\/\\\/www.roadtowc.com\\\/fr\\\/#\\\/schema\\\/logo\\\/image\\\/\",\"url\":\"https:\\\/\\\/www.roadtowc.com\\\/wp-content\\\/uploads\\\/2024\\\/07\\\/New-Logo-head.png\",\"contentUrl\":\"https:\\\/\\\/www.roadtowc.com\\\/wp-content\\\/uploads\\\/2024\\\/07\\\/New-Logo-head.png\",\"width\":1228,\"height\":1037,\"caption\":\"Road to the World Cup\"},\"image\":{\"@id\":\"https:\\\/\\\/www.roadtowc.com\\\/fr\\\/#\\\/schema\\\/logo\\\/image\\\/\"},\"sameAs\":[\"https:\\\/\\\/x.com\\\/roadtowc\"]},{\"@type\":\"Person\",\"@id\":\"https:\\\/\\\/www.roadtowc.com\\\/fr\\\/#\\\/schema\\\/person\\\/e027536b8c7766a032254f303dcd7bba\",\"name\":\"hjfraind\",\"image\":{\"@type\":\"ImageObject\",\"inLanguage\":\"fr-FR\",\"@id\":\"https:\\\/\\\/secure.gravatar.com\\\/avatar\\\/bacbd4bf5f8418d0b903099430d35c7b7e630f7280cfd5f56ba26a6170010cd4?s=96&d=mm&r=g\",\"url\":\"https:\\\/\\\/secure.gravatar.com\\\/avatar\\\/bacbd4bf5f8418d0b903099430d35c7b7e630f7280cfd5f56ba26a6170010cd4?s=96&d=mm&r=g\",\"contentUrl\":\"https:\\\/\\\/secure.gravatar.com\\\/avatar\\\/bacbd4bf5f8418d0b903099430d35c7b7e630f7280cfd5f56ba26a6170010cd4?s=96&d=mm&r=g\",\"caption\":\"hjfraind\"},\"sameAs\":[\"http:\\\/\\\/www.roadtowc.com\"],\"url\":\"https:\\\/\\\/www.roadtowc.com\\\/fr\\\/author\\\/hjfraind\\\/\"}]}<\/script>\n<!-- \/ Yoast SEO plugin. -->","yoast_head_json":{"title":"La Su\u00e8de au Mondial 2026 : Viktor Gy\u00f6keres et la nouvelle \u00e8re - Road to the World Cup","description":"La Su\u00e8de \u00e0 la Coupe du Monde 2026 : qualifi\u00e9s via les barrages UEFA dans le Groupe F avec les Pays-Bas, le Japon et la Tunisie. Viktor Gy\u00f6keres m\u00e8ne la nouvelle g\u00e9n\u00e9ration su\u00e9doise.","robots":{"index":"index","follow":"follow","max-snippet":"max-snippet:-1","max-image-preview":"max-image-preview:large","max-video-preview":"max-video-preview:-1"},"canonical":"https:\/\/www.roadtowc.com\/fr\/suede-coupe-du-monde-2026-preview-2\/","og_locale":"fr_FR","og_type":"article","og_title":"La Su\u00e8de au Mondial 2026 : Viktor Gy\u00f6keres et la nouvelle \u00e8re - Road to the World Cup","og_description":"La Su\u00e8de \u00e0 la Coupe du Monde 2026 : qualifi\u00e9s via les barrages UEFA dans le Groupe F avec les Pays-Bas, le Japon et la Tunisie. Viktor Gy\u00f6keres m\u00e8ne la nouvelle g\u00e9n\u00e9ration su\u00e9doise.","og_url":"https:\/\/www.roadtowc.com\/fr\/suede-coupe-du-monde-2026-preview-2\/","og_site_name":"Road to the World Cup","article_published_time":"2026-05-01T19:42:25+00:00","article_modified_time":"2026-05-01T19:55:10+00:00","og_image":[{"width":640,"height":400,"url":"https:\/\/www.roadtowc.com\/wp-content\/uploads\/2026\/05\/sweden-2026-world-cup-flag.png","type":"image\/png"}],"author":"hjfraind","twitter_card":"summary_large_image","twitter_creator":"@roadtowc","twitter_site":"@roadtowc","twitter_misc":{"\u00c9crit par":"hjfraind","Dur\u00e9e de lecture estim\u00e9e":"1 minute"},"schema":{"@context":"https:\/\/schema.org","@graph":[{"@type":"Article","@id":"https:\/\/www.roadtowc.com\/fr\/suede-coupe-du-monde-2026-preview-2\/#article","isPartOf":{"@id":"https:\/\/www.roadtowc.com\/fr\/suede-coupe-du-monde-2026-preview-2\/"},"author":{"name":"hjfraind","@id":"https:\/\/www.roadtowc.com\/fr\/#\/schema\/person\/e027536b8c7766a032254f303dcd7bba"},"headline":"La Su\u00e8de au Mondial 2026 : Viktor Gy\u00f6keres et la nouvelle \u00e8re","datePublished":"2026-05-01T19:42:25+00:00","dateModified":"2026-05-01T19:55:10+00:00","mainEntityOfPage":{"@id":"https:\/\/www.roadtowc.com\/fr\/suede-coupe-du-monde-2026-preview-2\/"},"wordCount":242,"publisher":{"@id":"https:\/\/www.roadtowc.com\/fr\/#organization"},"image":{"@id":"https:\/\/www.roadtowc.com\/fr\/suede-coupe-du-monde-2026-preview-2\/#primaryimage"},"thumbnailUrl":"https:\/\/www.roadtowc.com\/wp-content\/uploads\/2026\/05\/sweden-2026-world-cup-flag.png","articleSection":["Des nouvelles"],"inLanguage":"fr-FR"},{"@type":"WebPage","@id":"https:\/\/www.roadtowc.com\/fr\/suede-coupe-du-monde-2026-preview-2\/","url":"https:\/\/www.roadtowc.com\/fr\/suede-coupe-du-monde-2026-preview-2\/","name":"La Su\u00e8de au Mondial 2026 : Viktor Gy\u00f6keres et la nouvelle \u00e8re - Road to the World Cup","isPartOf":{"@id":"https:\/\/www.roadtowc.com\/fr\/#website"},"primaryImageOfPage":{"@id":"https:\/\/www.roadtowc.com\/fr\/suede-coupe-du-monde-2026-preview-2\/#primaryimage"},"image":{"@id":"https:\/\/www.roadtowc.com\/fr\/suede-coupe-du-monde-2026-preview-2\/#primaryimage"},"thumbnailUrl":"https:\/\/www.roadtowc.com\/wp-content\/uploads\/2026\/05\/sweden-2026-world-cup-flag.png","datePublished":"2026-05-01T19:42:25+00:00","dateModified":"2026-05-01T19:55:10+00:00","description":"La Su\u00e8de \u00e0 la Coupe du Monde 2026 : qualifi\u00e9s via les barrages UEFA dans le Groupe F avec les Pays-Bas, le Japon et la Tunisie. Viktor Gy\u00f6keres m\u00e8ne la nouvelle g\u00e9n\u00e9ration su\u00e9doise.","breadcrumb":{"@id":"https:\/\/www.roadtowc.com\/fr\/suede-coupe-du-monde-2026-preview-2\/#breadcrumb"},"inLanguage":"fr-FR","potentialAction":[{"@type":"ReadAction","target":["https:\/\/www.roadtowc.com\/fr\/suede-coupe-du-monde-2026-preview-2\/"]}]},{"@type":"ImageObject","inLanguage":"fr-FR","@id":"https:\/\/www.roadtowc.com\/fr\/suede-coupe-du-monde-2026-preview-2\/#primaryimage","url":"https:\/\/www.roadtowc.com\/wp-content\/uploads\/2026\/05\/sweden-2026-world-cup-flag.png","contentUrl":"https:\/\/www.roadtowc.com\/wp-content\/uploads\/2026\/05\/sweden-2026-world-cup-flag.png","width":640,"height":400,"caption":"Sweden at the 2026 FIFA World Cup: Viktor Gy\u00f6keres and the New Era flag"},{"@type":"BreadcrumbList","@id":"https:\/\/www.roadtowc.com\/fr\/suede-coupe-du-monde-2026-preview-2\/#breadcrumb","itemListElement":[{"@type":"ListItem","position":1,"name":"Home","item":"https:\/\/www.roadtowc.com\/fr\/"},{"@type":"ListItem","position":2,"name":"La Su\u00e8de au Mondial 2026 : Viktor Gy\u00f6keres et la nouvelle \u00e8re"}]},{"@type":"WebSite","@id":"https:\/\/www.roadtowc.com\/fr\/#website","url":"https:\/\/www.roadtowc.com\/fr\/","name":"Road to the World Cup","description":"Votre guide ultime de la Coupe du Monde de la FIFA 2026 : actualit\u00e9s, informations sur les billets, stades et plus encore, avec une couverture compl\u00e8te \u00e0 l\u2019approche du tournoi aux \u00c9tats-Unis, au Mexique et au Canada.","publisher":{"@id":"https:\/\/www.roadtowc.com\/fr\/#organization"},"alternateName":"Road to the World Cup","potentialAction":[{"@type":"SearchAction","target":{"@type":"EntryPoint","urlTemplate":"https:\/\/www.roadtowc.com\/fr\/?s={search_term_string}"},"query-input":{"@type":"PropertyValueSpecification","valueRequired":true,"valueName":"search_term_string"}}],"inLanguage":"fr-FR"},{"@type":"Organization","@id":"https:\/\/www.roadtowc.com\/fr\/#organization","name":"Road to the World Cup","alternateName":"Road to the World Cup","url":"https:\/\/www.roadtowc.com\/fr\/","logo":{"@type":"ImageObject","inLanguage":"fr-FR","@id":"https:\/\/www.roadtowc.com\/fr\/#\/schema\/logo\/image\/","url":"https:\/\/www.roadtowc.com\/wp-content\/uploads\/2024\/07\/New-Logo-head.png","contentUrl":"https:\/\/www.roadtowc.com\/wp-content\/uploads\/2024\/07\/New-Logo-head.png","width":1228,"height":1037,"caption":"Road to the World Cup"},"image":{"@id":"https:\/\/www.roadtowc.com\/fr\/#\/schema\/logo\/image\/"},"sameAs":["https:\/\/x.com\/roadtowc"]},{"@type":"Person","@id":"https:\/\/www.roadtowc.com\/fr\/#\/schema\/person\/e027536b8c7766a032254f303dcd7bba","name":"hjfraind","image":{"@type":"ImageObject","inLanguage":"fr-FR","@id":"https:\/\/secure.gravatar.com\/avatar\/bacbd4bf5f8418d0b903099430d35c7b7e630f7280cfd5f56ba26a6170010cd4?s=96&d=mm&r=g","url":"https:\/\/secure.gravatar.com\/avatar\/bacbd4bf5f8418d0b903099430d35c7b7e630f7280cfd5f56ba26a6170010cd4?s=96&d=mm&r=g","contentUrl":"https:\/\/secure.gravatar.com\/avatar\/bacbd4bf5f8418d0b903099430d35c7b7e630f7280cfd5f56ba26a6170010cd4?s=96&d=mm&r=g","caption":"hjfraind"},"sameAs":["http:\/\/www.roadtowc.com"],"url":"https:\/\/www.roadtowc.com\/fr\/author\/hjfraind\/"}]}},"_links":{"self":[{"href":"https:\/\/www.roadtowc.com\/fr\/wp-json\/wp\/v2\/posts\/11979","targetHints":{"allow":["GET"]}}],"collection":[{"href":"https:\/\/www.roadtowc.com\/fr\/wp-json\/wp\/v2\/posts"}],"about":[{"href":"https:\/\/www.roadtowc.com\/fr\/wp-json\/wp\/v2\/types\/post"}],"author":[{"embeddable":true,"href":"https:\/\/www.roadtowc.com\/fr\/wp-json\/wp\/v2\/users\/1"}],"replies":[{"embeddable":true,"href":"https:\/\/www.roadtowc.com\/fr\/wp-json\/wp\/v2\/comments?post=11979"}],"version-history":[{"count":1,"href":"https:\/\/www.roadtowc.com\/fr\/wp-json\/wp\/v2\/posts\/11979\/revisions"}],"predecessor-version":[{"id":12292,"href":"https:\/\/www.roadtowc.com\/fr\/wp-json\/wp\/v2\/posts\/11979\/revisions\/12292"}],"wp:featuredmedia":[{"embeddable":true,"href":"https:\/\/www.roadtowc.com\/fr\/wp-json\/wp\/v2\/media\/12287"}],"wp:attachment":[{"href":"https:\/\/www.roadtowc.com\/fr\/wp-json\/wp\/v2\/media?parent=11979"}],"wp:term":[{"taxonomy":"category","embeddable":true,"href":"https:\/\/www.roadtowc.com\/fr\/wp-json\/wp\/v2\/categories?post=11979"},{"taxonomy":"post_tag","embeddable":true,"href":"https:\/\/www.roadtowc.com\/fr\/wp-json\/wp\/v2\/tags?post=11979"}],"curies":[{"name":"wp","href":"https:\/\/api.w.org\/{rel}","templated":true}]}}