{"id":11982,"date":"2026-05-01T15:42:27","date_gmt":"2026-05-01T19:42:27","guid":{"rendered":"https:\/\/www.roadtowc.com\/belgique-coupe-du-monde-2026-preview-2\/"},"modified":"2026-05-01T15:55:15","modified_gmt":"2026-05-01T19:55:15","slug":"belgique-coupe-du-monde-2026-preview-2","status":"publish","type":"post","link":"https:\/\/www.roadtowc.com\/fr\/belgique-coupe-du-monde-2026-preview-2\/","title":{"rendered":"La Belgique au Mondial 2026 : la derni\u00e8re chance des Diables Rouges"},"content":{"rendered":"<p><strong>La Belgique<\/strong> arrive au Mondial 2026 \u00e0 la crois\u00e9e des chemins. La fameuse g\u00e9n\u00e9ration dor\u00e9e \u2014 num\u00e9ro 1 mondiale pendant un record de 2 889 jours et demi-finaliste en 2018 \u2014 vieillit. Mais vieillir ne signifie pas finir. Les <em>Diables Rouges<\/em> arrivent dans le <strong>Groupe G<\/strong> avec l&rsquo;Iran, l&rsquo;\u00c9gypte et la Nouvelle-Z\u00e9lande avec une derni\u00e8re chance de soulever ce troph\u00e9e qui leur a toujours \u00e9chapp\u00e9.<\/p>\n<p>L&rsquo;entra\u00eeneur <strong>Domenico Tedesco<\/strong> g\u00e8re un effectif comptant encore plusieurs joueurs de classe mondiale. <strong>Kevin De Bruyne<\/strong> \u2014 le g\u00e9nie cr\u00e9atif de Manchester City \u2014 reste l&rsquo;un des milieux les plus complets de l&rsquo;histoire. <strong>Romelu Lukaku<\/strong> apporte domination physique et menace de but. <strong>Thibaut Courtois<\/strong> est le meilleur gardien du monde. <strong>Jeremy Doku<\/strong> apporte jeunesse, vitesse et verticalit\u00e9.<\/p>\n<h3>Maintenant ou Jamais<\/h3>\n<p>Apr\u00e8s une troisi\u00e8me place en 2018 et une \u00e9limination par le Maroc en phase de groupes en 2022, la Belgique sait que 2026 c&rsquo;est maintenant ou jamais.<\/p>\n<h3>Joueurs Cl\u00e9s<\/h3>\n<ul>\n<li><strong>Kevin De Bruyne<\/strong> \u2013 L\u00e9gende de Manchester City, l&rsquo;un des meilleurs milieux de l&rsquo;histoire<\/li>\n<li><strong>Romelu Lukaku<\/strong> \u2013 Attaquant physique et puissant qui marque \u00e0 tous les niveaux<\/li>\n<li><strong>Thibaut Courtois<\/strong> \u2013 Le gardien de classe mondiale du Real Madrid<\/li>\n<li><strong>Jeremy Doku<\/strong> \u2013 Ailier jeune et explosif de Manchester City, l&rsquo;avenir du football belge<\/li>\n<\/ul>\n<p>La Belgique a la qualit\u00e9 pour dominer le Groupe G et aller loin en phase \u00e9liminatoire. C&rsquo;est vraiment leur derni\u00e8re chance.<\/p>\n","protected":false},"excerpt":{"rendered":"<p>La g\u00e9n\u00e9ration dor\u00e9e de la Belgique fait ce qui pourrait \u00eatre sa derni\u00e8re apparition en Coupe du Monde en 2026. De Bruyne, Lukaku et Courtois m\u00e8nent les Diables Rouges contre l&rsquo;Iran, l&rsquo;\u00c9gypte et la Nouvelle-Z\u00e9lande dans le Groupe G.<\/p>\n","protected":false},"author":1,"featured_media":12293,"comment_status":"closed","ping_status":"closed","sticky":false,"template":"","format":"standard","meta":{"footnotes":""},"categories":[24],"tags":[],"class_list":["post-11982","post","type-post","status-publish","format-standard","has-post-thumbnail","hentry","category-nouvelles"],"yoast_head":"<!-- This site is optimized with the Yoast SEO plugin v27.5 - https:\/\/yoast.com\/product\/yoast-seo-wordpress\/ -->\n<title>La Belgique au Mondial 2026 : la derni\u00e8re chance des Diables Rouges - Road to the World Cup<\/title>\n<meta name=\"description\" content=\"La Belgique \u00e0 la Coupe du Monde 2026 : Groupe G avec l&#039;&#039;Iran, l&#039;&#039;\u00c9gypte et la Nouvelle-Z\u00e9lande. Kevin De Bruyne m\u00e8ne les Diables Rouges dans ce qui pourrait \u00eatre le dernier combat de la g\u00e9n\u00e9ration dor\u00e9e.\" \/>\n<meta name=\"robots\" content=\"index, follow, max-snippet:-1, max-image-preview:large, max-video-preview:-1\" \/>\n<link rel=\"canonical\" href=\"https:\/\/www.roadtowc.com\/fr\/belgique-coupe-du-monde-2026-preview-2\/\" \/>\n<meta property=\"og:locale\" content=\"fr_FR\" \/>\n<meta property=\"og:type\" content=\"article\" \/>\n<meta property=\"og:title\" content=\"La Belgique au Mondial 2026 : la derni\u00e8re chance des Diables Rouges - Road to the World Cup\" \/>\n<meta property=\"og:description\" content=\"La Belgique \u00e0 la Coupe du Monde 2026 : Groupe G avec l&#039;&#039;Iran, l&#039;&#039;\u00c9gypte et la Nouvelle-Z\u00e9lande. Kevin De Bruyne m\u00e8ne les Diables Rouges dans ce qui pourrait \u00eatre le dernier combat de la g\u00e9n\u00e9ration dor\u00e9e.\" \/>\n<meta property=\"og:url\" content=\"https:\/\/www.roadtowc.com\/fr\/belgique-coupe-du-monde-2026-preview-2\/\" \/>\n<meta property=\"og:site_name\" content=\"Road to the World Cup\" \/>\n<meta property=\"article:published_time\" content=\"2026-05-01T19:42:27+00:00\" \/>\n<meta property=\"article:modified_time\" content=\"2026-05-01T19:55:15+00:00\" \/>\n<meta property=\"og:image\" content=\"https:\/\/www.roadtowc.com\/wp-content\/uploads\/2026\/05\/belgium-2026-world-cup-flag.png\" \/>\n\t<meta property=\"og:image:width\" content=\"640\" \/>\n\t<meta property=\"og:image:height\" content=\"555\" \/>\n\t<meta property=\"og:image:type\" content=\"image\/png\" \/>\n<meta name=\"author\" content=\"hjfraind\" \/>\n<meta name=\"twitter:card\" content=\"summary_large_image\" \/>\n<meta name=\"twitter:creator\" content=\"@roadtowc\" \/>\n<meta name=\"twitter:site\" content=\"@roadtowc\" \/>\n<meta name=\"twitter:label1\" content=\"\u00c9crit par\" \/>\n\t<meta name=\"twitter:data1\" content=\"hjfraind\" \/>\n\t<meta name=\"twitter:label2\" content=\"Dur\u00e9e de lecture estim\u00e9e\" \/>\n\t<meta name=\"twitter:data2\" content=\"1 minute\" \/>\n<script type=\"application\/ld+json\" class=\"yoast-schema-graph\">{\"@context\":\"https:\\\/\\\/schema.org\",\"@graph\":[{\"@type\":\"Article\",\"@id\":\"https:\\\/\\\/www.roadtowc.com\\\/fr\\\/belgique-coupe-du-monde-2026-preview-2\\\/#article\",\"isPartOf\":{\"@id\":\"https:\\\/\\\/www.roadtowc.com\\\/fr\\\/belgique-coupe-du-monde-2026-preview-2\\\/\"},\"author\":{\"name\":\"hjfraind\",\"@id\":\"https:\\\/\\\/www.roadtowc.com\\\/fr\\\/#\\\/schema\\\/person\\\/e027536b8c7766a032254f303dcd7bba\"},\"headline\":\"La Belgique au Mondial 2026 : la derni\u00e8re chance des Diables Rouges\",\"datePublished\":\"2026-05-01T19:42:27+00:00\",\"dateModified\":\"2026-05-01T19:55:15+00:00\",\"mainEntityOfPage\":{\"@id\":\"https:\\\/\\\/www.roadtowc.com\\\/fr\\\/belgique-coupe-du-monde-2026-preview-2\\\/\"},\"wordCount\":247,\"publisher\":{\"@id\":\"https:\\\/\\\/www.roadtowc.com\\\/fr\\\/#organization\"},\"image\":{\"@id\":\"https:\\\/\\\/www.roadtowc.com\\\/fr\\\/belgique-coupe-du-monde-2026-preview-2\\\/#primaryimage\"},\"thumbnailUrl\":\"https:\\\/\\\/www.roadtowc.com\\\/wp-content\\\/uploads\\\/2026\\\/05\\\/belgium-2026-world-cup-flag.png\",\"articleSection\":[\"Des nouvelles\"],\"inLanguage\":\"fr-FR\"},{\"@type\":\"WebPage\",\"@id\":\"https:\\\/\\\/www.roadtowc.com\\\/fr\\\/belgique-coupe-du-monde-2026-preview-2\\\/\",\"url\":\"https:\\\/\\\/www.roadtowc.com\\\/fr\\\/belgique-coupe-du-monde-2026-preview-2\\\/\",\"name\":\"La Belgique au Mondial 2026 : la derni\u00e8re chance des Diables Rouges - Road to the World Cup\",\"isPartOf\":{\"@id\":\"https:\\\/\\\/www.roadtowc.com\\\/fr\\\/#website\"},\"primaryImageOfPage\":{\"@id\":\"https:\\\/\\\/www.roadtowc.com\\\/fr\\\/belgique-coupe-du-monde-2026-preview-2\\\/#primaryimage\"},\"image\":{\"@id\":\"https:\\\/\\\/www.roadtowc.com\\\/fr\\\/belgique-coupe-du-monde-2026-preview-2\\\/#primaryimage\"},\"thumbnailUrl\":\"https:\\\/\\\/www.roadtowc.com\\\/wp-content\\\/uploads\\\/2026\\\/05\\\/belgium-2026-world-cup-flag.png\",\"datePublished\":\"2026-05-01T19:42:27+00:00\",\"dateModified\":\"2026-05-01T19:55:15+00:00\",\"description\":\"La Belgique \u00e0 la Coupe du Monde 2026 : Groupe G avec l''Iran, l''\u00c9gypte et la Nouvelle-Z\u00e9lande. Kevin De Bruyne m\u00e8ne les Diables Rouges dans ce qui pourrait \u00eatre le dernier combat de la g\u00e9n\u00e9ration dor\u00e9e.\",\"breadcrumb\":{\"@id\":\"https:\\\/\\\/www.roadtowc.com\\\/fr\\\/belgique-coupe-du-monde-2026-preview-2\\\/#breadcrumb\"},\"inLanguage\":\"fr-FR\",\"potentialAction\":[{\"@type\":\"ReadAction\",\"target\":[\"https:\\\/\\\/www.roadtowc.com\\\/fr\\\/belgique-coupe-du-monde-2026-preview-2\\\/\"]}]},{\"@type\":\"ImageObject\",\"inLanguage\":\"fr-FR\",\"@id\":\"https:\\\/\\\/www.roadtowc.com\\\/fr\\\/belgique-coupe-du-monde-2026-preview-2\\\/#primaryimage\",\"url\":\"https:\\\/\\\/www.roadtowc.com\\\/wp-content\\\/uploads\\\/2026\\\/05\\\/belgium-2026-world-cup-flag.png\",\"contentUrl\":\"https:\\\/\\\/www.roadtowc.com\\\/wp-content\\\/uploads\\\/2026\\\/05\\\/belgium-2026-world-cup-flag.png\",\"width\":640,\"height\":555,\"caption\":\"Belgium at the 2026 FIFA World Cup: The Red Devils' Final Chance flag\"},{\"@type\":\"BreadcrumbList\",\"@id\":\"https:\\\/\\\/www.roadtowc.com\\\/fr\\\/belgique-coupe-du-monde-2026-preview-2\\\/#breadcrumb\",\"itemListElement\":[{\"@type\":\"ListItem\",\"position\":1,\"name\":\"Home\",\"item\":\"https:\\\/\\\/www.roadtowc.com\\\/fr\\\/\"},{\"@type\":\"ListItem\",\"position\":2,\"name\":\"La Belgique au Mondial 2026 : la derni\u00e8re chance des Diables Rouges\"}]},{\"@type\":\"WebSite\",\"@id\":\"https:\\\/\\\/www.roadtowc.com\\\/fr\\\/#website\",\"url\":\"https:\\\/\\\/www.roadtowc.com\\\/fr\\\/\",\"name\":\"Road to the World Cup\",\"description\":\"Votre guide ultime de la Coupe du Monde de la FIFA 2026 : actualit\u00e9s, informations sur les billets, stades et plus encore, avec une couverture compl\u00e8te \u00e0 l\u2019approche du tournoi aux \u00c9tats-Unis, au Mexique et au Canada.\",\"publisher\":{\"@id\":\"https:\\\/\\\/www.roadtowc.com\\\/fr\\\/#organization\"},\"alternateName\":\"Road to the World Cup\",\"potentialAction\":[{\"@type\":\"SearchAction\",\"target\":{\"@type\":\"EntryPoint\",\"urlTemplate\":\"https:\\\/\\\/www.roadtowc.com\\\/fr\\\/?s={search_term_string}\"},\"query-input\":{\"@type\":\"PropertyValueSpecification\",\"valueRequired\":true,\"valueName\":\"search_term_string\"}}],\"inLanguage\":\"fr-FR\"},{\"@type\":\"Organization\",\"@id\":\"https:\\\/\\\/www.roadtowc.com\\\/fr\\\/#organization\",\"name\":\"Road to the World Cup\",\"alternateName\":\"Road to the World Cup\",\"url\":\"https:\\\/\\\/www.roadtowc.com\\\/fr\\\/\",\"logo\":{\"@type\":\"ImageObject\",\"inLanguage\":\"fr-FR\",\"@id\":\"https:\\\/\\\/www.roadtowc.com\\\/fr\\\/#\\\/schema\\\/logo\\\/image\\\/\",\"url\":\"https:\\\/\\\/www.roadtowc.com\\\/wp-content\\\/uploads\\\/2024\\\/07\\\/New-Logo-head.png\",\"contentUrl\":\"https:\\\/\\\/www.roadtowc.com\\\/wp-content\\\/uploads\\\/2024\\\/07\\\/New-Logo-head.png\",\"width\":1228,\"height\":1037,\"caption\":\"Road to the World Cup\"},\"image\":{\"@id\":\"https:\\\/\\\/www.roadtowc.com\\\/fr\\\/#\\\/schema\\\/logo\\\/image\\\/\"},\"sameAs\":[\"https:\\\/\\\/x.com\\\/roadtowc\"]},{\"@type\":\"Person\",\"@id\":\"https:\\\/\\\/www.roadtowc.com\\\/fr\\\/#\\\/schema\\\/person\\\/e027536b8c7766a032254f303dcd7bba\",\"name\":\"hjfraind\",\"image\":{\"@type\":\"ImageObject\",\"inLanguage\":\"fr-FR\",\"@id\":\"https:\\\/\\\/secure.gravatar.com\\\/avatar\\\/bacbd4bf5f8418d0b903099430d35c7b7e630f7280cfd5f56ba26a6170010cd4?s=96&d=mm&r=g\",\"url\":\"https:\\\/\\\/secure.gravatar.com\\\/avatar\\\/bacbd4bf5f8418d0b903099430d35c7b7e630f7280cfd5f56ba26a6170010cd4?s=96&d=mm&r=g\",\"contentUrl\":\"https:\\\/\\\/secure.gravatar.com\\\/avatar\\\/bacbd4bf5f8418d0b903099430d35c7b7e630f7280cfd5f56ba26a6170010cd4?s=96&d=mm&r=g\",\"caption\":\"hjfraind\"},\"sameAs\":[\"http:\\\/\\\/www.roadtowc.com\"],\"url\":\"https:\\\/\\\/www.roadtowc.com\\\/fr\\\/author\\\/hjfraind\\\/\"}]}<\/script>\n<!-- \/ Yoast SEO plugin. -->","yoast_head_json":{"title":"La Belgique au Mondial 2026 : la derni\u00e8re chance des Diables Rouges - Road to the World Cup","description":"La Belgique \u00e0 la Coupe du Monde 2026 : Groupe G avec l''Iran, l''\u00c9gypte et la Nouvelle-Z\u00e9lande. Kevin De Bruyne m\u00e8ne les Diables Rouges dans ce qui pourrait \u00eatre le dernier combat de la g\u00e9n\u00e9ration dor\u00e9e.","robots":{"index":"index","follow":"follow","max-snippet":"max-snippet:-1","max-image-preview":"max-image-preview:large","max-video-preview":"max-video-preview:-1"},"canonical":"https:\/\/www.roadtowc.com\/fr\/belgique-coupe-du-monde-2026-preview-2\/","og_locale":"fr_FR","og_type":"article","og_title":"La Belgique au Mondial 2026 : la derni\u00e8re chance des Diables Rouges - Road to the World Cup","og_description":"La Belgique \u00e0 la Coupe du Monde 2026 : Groupe G avec l''Iran, l''\u00c9gypte et la Nouvelle-Z\u00e9lande. Kevin De Bruyne m\u00e8ne les Diables Rouges dans ce qui pourrait \u00eatre le dernier combat de la g\u00e9n\u00e9ration dor\u00e9e.","og_url":"https:\/\/www.roadtowc.com\/fr\/belgique-coupe-du-monde-2026-preview-2\/","og_site_name":"Road to the World Cup","article_published_time":"2026-05-01T19:42:27+00:00","article_modified_time":"2026-05-01T19:55:15+00:00","og_image":[{"width":640,"height":555,"url":"https:\/\/www.roadtowc.com\/wp-content\/uploads\/2026\/05\/belgium-2026-world-cup-flag.png","type":"image\/png"}],"author":"hjfraind","twitter_card":"summary_large_image","twitter_creator":"@roadtowc","twitter_site":"@roadtowc","twitter_misc":{"\u00c9crit par":"hjfraind","Dur\u00e9e de lecture estim\u00e9e":"1 minute"},"schema":{"@context":"https:\/\/schema.org","@graph":[{"@type":"Article","@id":"https:\/\/www.roadtowc.com\/fr\/belgique-coupe-du-monde-2026-preview-2\/#article","isPartOf":{"@id":"https:\/\/www.roadtowc.com\/fr\/belgique-coupe-du-monde-2026-preview-2\/"},"author":{"name":"hjfraind","@id":"https:\/\/www.roadtowc.com\/fr\/#\/schema\/person\/e027536b8c7766a032254f303dcd7bba"},"headline":"La Belgique au Mondial 2026 : la derni\u00e8re chance des Diables Rouges","datePublished":"2026-05-01T19:42:27+00:00","dateModified":"2026-05-01T19:55:15+00:00","mainEntityOfPage":{"@id":"https:\/\/www.roadtowc.com\/fr\/belgique-coupe-du-monde-2026-preview-2\/"},"wordCount":247,"publisher":{"@id":"https:\/\/www.roadtowc.com\/fr\/#organization"},"image":{"@id":"https:\/\/www.roadtowc.com\/fr\/belgique-coupe-du-monde-2026-preview-2\/#primaryimage"},"thumbnailUrl":"https:\/\/www.roadtowc.com\/wp-content\/uploads\/2026\/05\/belgium-2026-world-cup-flag.png","articleSection":["Des nouvelles"],"inLanguage":"fr-FR"},{"@type":"WebPage","@id":"https:\/\/www.roadtowc.com\/fr\/belgique-coupe-du-monde-2026-preview-2\/","url":"https:\/\/www.roadtowc.com\/fr\/belgique-coupe-du-monde-2026-preview-2\/","name":"La Belgique au Mondial 2026 : la derni\u00e8re chance des Diables Rouges - Road to the World Cup","isPartOf":{"@id":"https:\/\/www.roadtowc.com\/fr\/#website"},"primaryImageOfPage":{"@id":"https:\/\/www.roadtowc.com\/fr\/belgique-coupe-du-monde-2026-preview-2\/#primaryimage"},"image":{"@id":"https:\/\/www.roadtowc.com\/fr\/belgique-coupe-du-monde-2026-preview-2\/#primaryimage"},"thumbnailUrl":"https:\/\/www.roadtowc.com\/wp-content\/uploads\/2026\/05\/belgium-2026-world-cup-flag.png","datePublished":"2026-05-01T19:42:27+00:00","dateModified":"2026-05-01T19:55:15+00:00","description":"La Belgique \u00e0 la Coupe du Monde 2026 : Groupe G avec l''Iran, l''\u00c9gypte et la Nouvelle-Z\u00e9lande. Kevin De Bruyne m\u00e8ne les Diables Rouges dans ce qui pourrait \u00eatre le dernier combat de la g\u00e9n\u00e9ration dor\u00e9e.","breadcrumb":{"@id":"https:\/\/www.roadtowc.com\/fr\/belgique-coupe-du-monde-2026-preview-2\/#breadcrumb"},"inLanguage":"fr-FR","potentialAction":[{"@type":"ReadAction","target":["https:\/\/www.roadtowc.com\/fr\/belgique-coupe-du-monde-2026-preview-2\/"]}]},{"@type":"ImageObject","inLanguage":"fr-FR","@id":"https:\/\/www.roadtowc.com\/fr\/belgique-coupe-du-monde-2026-preview-2\/#primaryimage","url":"https:\/\/www.roadtowc.com\/wp-content\/uploads\/2026\/05\/belgium-2026-world-cup-flag.png","contentUrl":"https:\/\/www.roadtowc.com\/wp-content\/uploads\/2026\/05\/belgium-2026-world-cup-flag.png","width":640,"height":555,"caption":"Belgium at the 2026 FIFA World Cup: The Red Devils' Final Chance flag"},{"@type":"BreadcrumbList","@id":"https:\/\/www.roadtowc.com\/fr\/belgique-coupe-du-monde-2026-preview-2\/#breadcrumb","itemListElement":[{"@type":"ListItem","position":1,"name":"Home","item":"https:\/\/www.roadtowc.com\/fr\/"},{"@type":"ListItem","position":2,"name":"La Belgique au Mondial 2026 : la derni\u00e8re chance des Diables Rouges"}]},{"@type":"WebSite","@id":"https:\/\/www.roadtowc.com\/fr\/#website","url":"https:\/\/www.roadtowc.com\/fr\/","name":"Road to the World Cup","description":"Votre guide ultime de la Coupe du Monde de la FIFA 2026 : actualit\u00e9s, informations sur les billets, stades et plus encore, avec une couverture compl\u00e8te \u00e0 l\u2019approche du tournoi aux \u00c9tats-Unis, au Mexique et au Canada.","publisher":{"@id":"https:\/\/www.roadtowc.com\/fr\/#organization"},"alternateName":"Road to the World Cup","potentialAction":[{"@type":"SearchAction","target":{"@type":"EntryPoint","urlTemplate":"https:\/\/www.roadtowc.com\/fr\/?s={search_term_string}"},"query-input":{"@type":"PropertyValueSpecification","valueRequired":true,"valueName":"search_term_string"}}],"inLanguage":"fr-FR"},{"@type":"Organization","@id":"https:\/\/www.roadtowc.com\/fr\/#organization","name":"Road to the World Cup","alternateName":"Road to the World Cup","url":"https:\/\/www.roadtowc.com\/fr\/","logo":{"@type":"ImageObject","inLanguage":"fr-FR","@id":"https:\/\/www.roadtowc.com\/fr\/#\/schema\/logo\/image\/","url":"https:\/\/www.roadtowc.com\/wp-content\/uploads\/2024\/07\/New-Logo-head.png","contentUrl":"https:\/\/www.roadtowc.com\/wp-content\/uploads\/2024\/07\/New-Logo-head.png","width":1228,"height":1037,"caption":"Road to the World Cup"},"image":{"@id":"https:\/\/www.roadtowc.com\/fr\/#\/schema\/logo\/image\/"},"sameAs":["https:\/\/x.com\/roadtowc"]},{"@type":"Person","@id":"https:\/\/www.roadtowc.com\/fr\/#\/schema\/person\/e027536b8c7766a032254f303dcd7bba","name":"hjfraind","image":{"@type":"ImageObject","inLanguage":"fr-FR","@id":"https:\/\/secure.gravatar.com\/avatar\/bacbd4bf5f8418d0b903099430d35c7b7e630f7280cfd5f56ba26a6170010cd4?s=96&d=mm&r=g","url":"https:\/\/secure.gravatar.com\/avatar\/bacbd4bf5f8418d0b903099430d35c7b7e630f7280cfd5f56ba26a6170010cd4?s=96&d=mm&r=g","contentUrl":"https:\/\/secure.gravatar.com\/avatar\/bacbd4bf5f8418d0b903099430d35c7b7e630f7280cfd5f56ba26a6170010cd4?s=96&d=mm&r=g","caption":"hjfraind"},"sameAs":["http:\/\/www.roadtowc.com"],"url":"https:\/\/www.roadtowc.com\/fr\/author\/hjfraind\/"}]}},"_links":{"self":[{"href":"https:\/\/www.roadtowc.com\/fr\/wp-json\/wp\/v2\/posts\/11982","targetHints":{"allow":["GET"]}}],"collection":[{"href":"https:\/\/www.roadtowc.com\/fr\/wp-json\/wp\/v2\/posts"}],"about":[{"href":"https:\/\/www.roadtowc.com\/fr\/wp-json\/wp\/v2\/types\/post"}],"author":[{"embeddable":true,"href":"https:\/\/www.roadtowc.com\/fr\/wp-json\/wp\/v2\/users\/1"}],"replies":[{"embeddable":true,"href":"https:\/\/www.roadtowc.com\/fr\/wp-json\/wp\/v2\/comments?post=11982"}],"version-history":[{"count":1,"href":"https:\/\/www.roadtowc.com\/fr\/wp-json\/wp\/v2\/posts\/11982\/revisions"}],"predecessor-version":[{"id":12298,"href":"https:\/\/www.roadtowc.com\/fr\/wp-json\/wp\/v2\/posts\/11982\/revisions\/12298"}],"wp:featuredmedia":[{"embeddable":true,"href":"https:\/\/www.roadtowc.com\/fr\/wp-json\/wp\/v2\/media\/12293"}],"wp:attachment":[{"href":"https:\/\/www.roadtowc.com\/fr\/wp-json\/wp\/v2\/media?parent=11982"}],"wp:term":[{"taxonomy":"category","embeddable":true,"href":"https:\/\/www.roadtowc.com\/fr\/wp-json\/wp\/v2\/categories?post=11982"},{"taxonomy":"post_tag","embeddable":true,"href":"https:\/\/www.roadtowc.com\/fr\/wp-json\/wp\/v2\/tags?post=11982"}],"curies":[{"name":"wp","href":"https:\/\/api.w.org\/{rel}","templated":true}]}}