{"id":12030,"date":"2026-05-01T15:43:02","date_gmt":"2026-05-01T19:43:02","guid":{"rendered":"https:\/\/www.roadtowc.com\/portugal-coupe-du-monde-2026-2\/"},"modified":"2026-05-01T15:56:40","modified_gmt":"2026-05-01T19:56:40","slug":"portugal-coupe-du-monde-2026-2","status":"publish","type":"post","link":"https:\/\/www.roadtowc.com\/fr\/portugal-coupe-du-monde-2026-2\/","title":{"rendered":"Le Portugal au Mondial 2026 : A Sele\u00e7\u00e3o en qu\u00eate d&rsquo;un premier titre mondial"},"content":{"rendered":"<p>Le Portugal aborde la Coupe du Monde 2026 \u00e0 un carrefour fascinant. L&rsquo;\u00e8re post-Cristiano Ronaldo est d\u00e9sormais pleinement engag\u00e9e, et une nouvelle g\u00e9n\u00e9ration talentueuse \u2014 men\u00e9e par Bruno Fernandes \u2014 est impatiente de prouver que le Portugal peut remporter une Coupe du Monde sans son l\u00e9gendaire num\u00e9ro sept.<\/p>\n<h3>Joueurs cl\u00e9s<\/h3>\n<ul>\n<li><strong>Bruno Fernandes<\/strong> \u2013 Le capitaine de Manchester United est d\u00e9sormais le leader incontest\u00e9 de la s\u00e9lection portugaise, apportant cr\u00e9ativit\u00e9 et buts.<\/li>\n<li><strong>Rafael Le\u00e3o<\/strong> \u2013 L&rsquo;ailier de l&rsquo;AC Milan est l&rsquo;un des attaquants les plus dangereux du football mondial, avec une vitesse et une technique d\u00e9vastatrices.<\/li>\n<li><strong>R\u00faben Dias<\/strong> \u2013 Le d\u00e9fenseur central de Manchester City est le pilier d\u00e9fensif du Portugal \u2014 l&rsquo;un des meilleurs d\u00e9fenseurs du monde.<\/li>\n<li><strong>Diogo Costa<\/strong> \u2013 Le gardien du Porto qui s&rsquo;est impos\u00e9 comme l&rsquo;un des meilleurs d&rsquo;Europe.<\/li>\n<\/ul>\n<h3>Chemin vers le Mondial<\/h3>\n<p>Le Portugal s&rsquo;est qualifi\u00e9 avec relative facilit\u00e9 en UEFA, en t\u00eate de son groupe. La transition depuis l&rsquo;\u00e8re Ronaldo s&rsquo;est av\u00e9r\u00e9e plus fluide que pr\u00e9vu, avec un style collectif qui \u00e9merge sous la direction du staff technique.<\/p>\n<h3>Adversaires du Groupe K<\/h3>\n<p>Le Portugal affronte la Colombie, l&rsquo;Ouzb\u00e9kistan et la RD Congo dans le Groupe K \u2014 un groupe qu&rsquo;il est attendu de dominer confortablement avant une longue campagne en phase \u00e9liminatoire.<\/p>\n<h3>Perspectives<\/h3>\n<p>Le Portugal est un v\u00e9ritable outsider de haut rang. Avec le bon tirage en phase \u00e9liminatoire, il a l&rsquo;effectif pour aller loin. La question est de savoir s&rsquo;il peut g\u00e9rer la pression d&rsquo;\u00eatre favori pour la premi\u00e8re fois sans Ronaldo.<\/p>\n","protected":false},"excerpt":{"rendered":"<p>Le Portugal entre au Mondial 2026 en pleine transition \u2014 avec Bruno Fernandes menant une nouvelle g\u00e9n\u00e9ration d\u00e9termin\u00e9e \u00e0 mettre fin \u00e0 l&rsquo;attente d&rsquo;un titre mondial.<\/p>\n","protected":false},"author":1,"featured_media":12365,"comment_status":"closed","ping_status":"closed","sticky":false,"template":"","format":"standard","meta":{"footnotes":""},"categories":[24],"tags":[],"class_list":["post-12030","post","type-post","status-publish","format-standard","has-post-thumbnail","hentry","category-nouvelles"],"yoast_head":"<!-- This site is optimized with the Yoast SEO plugin v27.5 - https:\/\/yoast.com\/product\/yoast-seo-wordpress\/ -->\n<title>Le Portugal au Mondial 2026 : A Sele\u00e7\u00e3o en qu\u00eate d&#039;un premier titre mondial - Road to the World Cup<\/title>\n<meta name=\"description\" content=\"Le Portugal arrive au Mondial 2026 avec une g\u00e9n\u00e9ration dor\u00e9e de l&#039;\u00e8re post-Ronaldo. A Sele\u00e7\u00e3o est affam\u00e9e de son premier titre mondial.\" \/>\n<meta name=\"robots\" content=\"index, follow, max-snippet:-1, max-image-preview:large, max-video-preview:-1\" \/>\n<link rel=\"canonical\" href=\"https:\/\/www.roadtowc.com\/fr\/portugal-coupe-du-monde-2026-2\/\" \/>\n<meta property=\"og:locale\" content=\"fr_FR\" \/>\n<meta property=\"og:type\" content=\"article\" \/>\n<meta property=\"og:title\" content=\"Le Portugal au Mondial 2026 : A Sele\u00e7\u00e3o en qu\u00eate d&#039;un premier titre mondial - Road to the World Cup\" \/>\n<meta property=\"og:description\" content=\"Le Portugal arrive au Mondial 2026 avec une g\u00e9n\u00e9ration dor\u00e9e de l&#039;\u00e8re post-Ronaldo. A Sele\u00e7\u00e3o est affam\u00e9e de son premier titre mondial.\" \/>\n<meta property=\"og:url\" content=\"https:\/\/www.roadtowc.com\/fr\/portugal-coupe-du-monde-2026-2\/\" \/>\n<meta property=\"og:site_name\" content=\"Road to the World Cup\" \/>\n<meta property=\"article:published_time\" content=\"2026-05-01T19:43:02+00:00\" \/>\n<meta property=\"article:modified_time\" content=\"2026-05-01T19:56:40+00:00\" \/>\n<meta property=\"og:image\" content=\"https:\/\/www.roadtowc.com\/wp-content\/uploads\/2026\/05\/portugal-2026-world-cup-flag-1.png\" \/>\n\t<meta property=\"og:image:width\" content=\"640\" \/>\n\t<meta property=\"og:image:height\" content=\"427\" \/>\n\t<meta property=\"og:image:type\" content=\"image\/png\" \/>\n<meta name=\"author\" content=\"hjfraind\" \/>\n<meta name=\"twitter:card\" content=\"summary_large_image\" \/>\n<meta name=\"twitter:creator\" content=\"@roadtowc\" \/>\n<meta name=\"twitter:site\" content=\"@roadtowc\" \/>\n<meta name=\"twitter:label1\" content=\"\u00c9crit par\" \/>\n\t<meta name=\"twitter:data1\" content=\"hjfraind\" \/>\n\t<meta name=\"twitter:label2\" content=\"Dur\u00e9e de lecture estim\u00e9e\" \/>\n\t<meta name=\"twitter:data2\" content=\"1 minute\" \/>\n<script type=\"application\/ld+json\" class=\"yoast-schema-graph\">{\"@context\":\"https:\\\/\\\/schema.org\",\"@graph\":[{\"@type\":\"Article\",\"@id\":\"https:\\\/\\\/www.roadtowc.com\\\/fr\\\/portugal-coupe-du-monde-2026-2\\\/#article\",\"isPartOf\":{\"@id\":\"https:\\\/\\\/www.roadtowc.com\\\/fr\\\/portugal-coupe-du-monde-2026-2\\\/\"},\"author\":{\"name\":\"hjfraind\",\"@id\":\"https:\\\/\\\/www.roadtowc.com\\\/fr\\\/#\\\/schema\\\/person\\\/e027536b8c7766a032254f303dcd7bba\"},\"headline\":\"Le Portugal au Mondial 2026 : A Sele\u00e7\u00e3o en qu\u00eate d&rsquo;un premier titre mondial\",\"datePublished\":\"2026-05-01T19:43:02+00:00\",\"dateModified\":\"2026-05-01T19:56:40+00:00\",\"mainEntityOfPage\":{\"@id\":\"https:\\\/\\\/www.roadtowc.com\\\/fr\\\/portugal-coupe-du-monde-2026-2\\\/\"},\"wordCount\":294,\"publisher\":{\"@id\":\"https:\\\/\\\/www.roadtowc.com\\\/fr\\\/#organization\"},\"image\":{\"@id\":\"https:\\\/\\\/www.roadtowc.com\\\/fr\\\/portugal-coupe-du-monde-2026-2\\\/#primaryimage\"},\"thumbnailUrl\":\"https:\\\/\\\/www.roadtowc.com\\\/wp-content\\\/uploads\\\/2026\\\/05\\\/portugal-2026-world-cup-flag-1.png\",\"articleSection\":[\"Des nouvelles\"],\"inLanguage\":\"fr-FR\"},{\"@type\":\"WebPage\",\"@id\":\"https:\\\/\\\/www.roadtowc.com\\\/fr\\\/portugal-coupe-du-monde-2026-2\\\/\",\"url\":\"https:\\\/\\\/www.roadtowc.com\\\/fr\\\/portugal-coupe-du-monde-2026-2\\\/\",\"name\":\"Le Portugal au Mondial 2026 : A Sele\u00e7\u00e3o en qu\u00eate d'un premier titre mondial - Road to the World Cup\",\"isPartOf\":{\"@id\":\"https:\\\/\\\/www.roadtowc.com\\\/fr\\\/#website\"},\"primaryImageOfPage\":{\"@id\":\"https:\\\/\\\/www.roadtowc.com\\\/fr\\\/portugal-coupe-du-monde-2026-2\\\/#primaryimage\"},\"image\":{\"@id\":\"https:\\\/\\\/www.roadtowc.com\\\/fr\\\/portugal-coupe-du-monde-2026-2\\\/#primaryimage\"},\"thumbnailUrl\":\"https:\\\/\\\/www.roadtowc.com\\\/wp-content\\\/uploads\\\/2026\\\/05\\\/portugal-2026-world-cup-flag-1.png\",\"datePublished\":\"2026-05-01T19:43:02+00:00\",\"dateModified\":\"2026-05-01T19:56:40+00:00\",\"description\":\"Le Portugal arrive au Mondial 2026 avec une g\u00e9n\u00e9ration dor\u00e9e de l'\u00e8re post-Ronaldo. A Sele\u00e7\u00e3o est affam\u00e9e de son premier titre mondial.\",\"breadcrumb\":{\"@id\":\"https:\\\/\\\/www.roadtowc.com\\\/fr\\\/portugal-coupe-du-monde-2026-2\\\/#breadcrumb\"},\"inLanguage\":\"fr-FR\",\"potentialAction\":[{\"@type\":\"ReadAction\",\"target\":[\"https:\\\/\\\/www.roadtowc.com\\\/fr\\\/portugal-coupe-du-monde-2026-2\\\/\"]}]},{\"@type\":\"ImageObject\",\"inLanguage\":\"fr-FR\",\"@id\":\"https:\\\/\\\/www.roadtowc.com\\\/fr\\\/portugal-coupe-du-monde-2026-2\\\/#primaryimage\",\"url\":\"https:\\\/\\\/www.roadtowc.com\\\/wp-content\\\/uploads\\\/2026\\\/05\\\/portugal-2026-world-cup-flag-1.png\",\"contentUrl\":\"https:\\\/\\\/www.roadtowc.com\\\/wp-content\\\/uploads\\\/2026\\\/05\\\/portugal-2026-world-cup-flag-1.png\",\"width\":640,\"height\":427,\"caption\":\"Portugal at the 2026 World Cup: A Selec\u00e3o's Quest for a First World Title flag\"},{\"@type\":\"BreadcrumbList\",\"@id\":\"https:\\\/\\\/www.roadtowc.com\\\/fr\\\/portugal-coupe-du-monde-2026-2\\\/#breadcrumb\",\"itemListElement\":[{\"@type\":\"ListItem\",\"position\":1,\"name\":\"Home\",\"item\":\"https:\\\/\\\/www.roadtowc.com\\\/fr\\\/\"},{\"@type\":\"ListItem\",\"position\":2,\"name\":\"Le Portugal au Mondial 2026 : A Sele\u00e7\u00e3o en qu\u00eate d&#8217;un premier titre mondial\"}]},{\"@type\":\"WebSite\",\"@id\":\"https:\\\/\\\/www.roadtowc.com\\\/fr\\\/#website\",\"url\":\"https:\\\/\\\/www.roadtowc.com\\\/fr\\\/\",\"name\":\"Road to the World Cup\",\"description\":\"Votre guide ultime de la Coupe du Monde de la FIFA 2026 : actualit\u00e9s, informations sur les billets, stades et plus encore, avec une couverture compl\u00e8te \u00e0 l\u2019approche du tournoi aux \u00c9tats-Unis, au Mexique et au Canada.\",\"publisher\":{\"@id\":\"https:\\\/\\\/www.roadtowc.com\\\/fr\\\/#organization\"},\"alternateName\":\"Road to the World Cup\",\"potentialAction\":[{\"@type\":\"SearchAction\",\"target\":{\"@type\":\"EntryPoint\",\"urlTemplate\":\"https:\\\/\\\/www.roadtowc.com\\\/fr\\\/?s={search_term_string}\"},\"query-input\":{\"@type\":\"PropertyValueSpecification\",\"valueRequired\":true,\"valueName\":\"search_term_string\"}}],\"inLanguage\":\"fr-FR\"},{\"@type\":\"Organization\",\"@id\":\"https:\\\/\\\/www.roadtowc.com\\\/fr\\\/#organization\",\"name\":\"Road to the World Cup\",\"alternateName\":\"Road to the World Cup\",\"url\":\"https:\\\/\\\/www.roadtowc.com\\\/fr\\\/\",\"logo\":{\"@type\":\"ImageObject\",\"inLanguage\":\"fr-FR\",\"@id\":\"https:\\\/\\\/www.roadtowc.com\\\/fr\\\/#\\\/schema\\\/logo\\\/image\\\/\",\"url\":\"https:\\\/\\\/www.roadtowc.com\\\/wp-content\\\/uploads\\\/2024\\\/07\\\/New-Logo-head.png\",\"contentUrl\":\"https:\\\/\\\/www.roadtowc.com\\\/wp-content\\\/uploads\\\/2024\\\/07\\\/New-Logo-head.png\",\"width\":1228,\"height\":1037,\"caption\":\"Road to the World Cup\"},\"image\":{\"@id\":\"https:\\\/\\\/www.roadtowc.com\\\/fr\\\/#\\\/schema\\\/logo\\\/image\\\/\"},\"sameAs\":[\"https:\\\/\\\/x.com\\\/roadtowc\"]},{\"@type\":\"Person\",\"@id\":\"https:\\\/\\\/www.roadtowc.com\\\/fr\\\/#\\\/schema\\\/person\\\/e027536b8c7766a032254f303dcd7bba\",\"name\":\"hjfraind\",\"image\":{\"@type\":\"ImageObject\",\"inLanguage\":\"fr-FR\",\"@id\":\"https:\\\/\\\/secure.gravatar.com\\\/avatar\\\/bacbd4bf5f8418d0b903099430d35c7b7e630f7280cfd5f56ba26a6170010cd4?s=96&d=mm&r=g\",\"url\":\"https:\\\/\\\/secure.gravatar.com\\\/avatar\\\/bacbd4bf5f8418d0b903099430d35c7b7e630f7280cfd5f56ba26a6170010cd4?s=96&d=mm&r=g\",\"contentUrl\":\"https:\\\/\\\/secure.gravatar.com\\\/avatar\\\/bacbd4bf5f8418d0b903099430d35c7b7e630f7280cfd5f56ba26a6170010cd4?s=96&d=mm&r=g\",\"caption\":\"hjfraind\"},\"sameAs\":[\"http:\\\/\\\/www.roadtowc.com\"],\"url\":\"https:\\\/\\\/www.roadtowc.com\\\/fr\\\/author\\\/hjfraind\\\/\"}]}<\/script>\n<!-- \/ Yoast SEO plugin. -->","yoast_head_json":{"title":"Le Portugal au Mondial 2026 : A Sele\u00e7\u00e3o en qu\u00eate d'un premier titre mondial - Road to the World Cup","description":"Le Portugal arrive au Mondial 2026 avec une g\u00e9n\u00e9ration dor\u00e9e de l'\u00e8re post-Ronaldo. A Sele\u00e7\u00e3o est affam\u00e9e de son premier titre mondial.","robots":{"index":"index","follow":"follow","max-snippet":"max-snippet:-1","max-image-preview":"max-image-preview:large","max-video-preview":"max-video-preview:-1"},"canonical":"https:\/\/www.roadtowc.com\/fr\/portugal-coupe-du-monde-2026-2\/","og_locale":"fr_FR","og_type":"article","og_title":"Le Portugal au Mondial 2026 : A Sele\u00e7\u00e3o en qu\u00eate d'un premier titre mondial - Road to the World Cup","og_description":"Le Portugal arrive au Mondial 2026 avec une g\u00e9n\u00e9ration dor\u00e9e de l'\u00e8re post-Ronaldo. A Sele\u00e7\u00e3o est affam\u00e9e de son premier titre mondial.","og_url":"https:\/\/www.roadtowc.com\/fr\/portugal-coupe-du-monde-2026-2\/","og_site_name":"Road to the World Cup","article_published_time":"2026-05-01T19:43:02+00:00","article_modified_time":"2026-05-01T19:56:40+00:00","og_image":[{"width":640,"height":427,"url":"https:\/\/www.roadtowc.com\/wp-content\/uploads\/2026\/05\/portugal-2026-world-cup-flag-1.png","type":"image\/png"}],"author":"hjfraind","twitter_card":"summary_large_image","twitter_creator":"@roadtowc","twitter_site":"@roadtowc","twitter_misc":{"\u00c9crit par":"hjfraind","Dur\u00e9e de lecture estim\u00e9e":"1 minute"},"schema":{"@context":"https:\/\/schema.org","@graph":[{"@type":"Article","@id":"https:\/\/www.roadtowc.com\/fr\/portugal-coupe-du-monde-2026-2\/#article","isPartOf":{"@id":"https:\/\/www.roadtowc.com\/fr\/portugal-coupe-du-monde-2026-2\/"},"author":{"name":"hjfraind","@id":"https:\/\/www.roadtowc.com\/fr\/#\/schema\/person\/e027536b8c7766a032254f303dcd7bba"},"headline":"Le Portugal au Mondial 2026 : A Sele\u00e7\u00e3o en qu\u00eate d&rsquo;un premier titre mondial","datePublished":"2026-05-01T19:43:02+00:00","dateModified":"2026-05-01T19:56:40+00:00","mainEntityOfPage":{"@id":"https:\/\/www.roadtowc.com\/fr\/portugal-coupe-du-monde-2026-2\/"},"wordCount":294,"publisher":{"@id":"https:\/\/www.roadtowc.com\/fr\/#organization"},"image":{"@id":"https:\/\/www.roadtowc.com\/fr\/portugal-coupe-du-monde-2026-2\/#primaryimage"},"thumbnailUrl":"https:\/\/www.roadtowc.com\/wp-content\/uploads\/2026\/05\/portugal-2026-world-cup-flag-1.png","articleSection":["Des nouvelles"],"inLanguage":"fr-FR"},{"@type":"WebPage","@id":"https:\/\/www.roadtowc.com\/fr\/portugal-coupe-du-monde-2026-2\/","url":"https:\/\/www.roadtowc.com\/fr\/portugal-coupe-du-monde-2026-2\/","name":"Le Portugal au Mondial 2026 : A Sele\u00e7\u00e3o en qu\u00eate d'un premier titre mondial - Road to the World Cup","isPartOf":{"@id":"https:\/\/www.roadtowc.com\/fr\/#website"},"primaryImageOfPage":{"@id":"https:\/\/www.roadtowc.com\/fr\/portugal-coupe-du-monde-2026-2\/#primaryimage"},"image":{"@id":"https:\/\/www.roadtowc.com\/fr\/portugal-coupe-du-monde-2026-2\/#primaryimage"},"thumbnailUrl":"https:\/\/www.roadtowc.com\/wp-content\/uploads\/2026\/05\/portugal-2026-world-cup-flag-1.png","datePublished":"2026-05-01T19:43:02+00:00","dateModified":"2026-05-01T19:56:40+00:00","description":"Le Portugal arrive au Mondial 2026 avec une g\u00e9n\u00e9ration dor\u00e9e de l'\u00e8re post-Ronaldo. A Sele\u00e7\u00e3o est affam\u00e9e de son premier titre mondial.","breadcrumb":{"@id":"https:\/\/www.roadtowc.com\/fr\/portugal-coupe-du-monde-2026-2\/#breadcrumb"},"inLanguage":"fr-FR","potentialAction":[{"@type":"ReadAction","target":["https:\/\/www.roadtowc.com\/fr\/portugal-coupe-du-monde-2026-2\/"]}]},{"@type":"ImageObject","inLanguage":"fr-FR","@id":"https:\/\/www.roadtowc.com\/fr\/portugal-coupe-du-monde-2026-2\/#primaryimage","url":"https:\/\/www.roadtowc.com\/wp-content\/uploads\/2026\/05\/portugal-2026-world-cup-flag-1.png","contentUrl":"https:\/\/www.roadtowc.com\/wp-content\/uploads\/2026\/05\/portugal-2026-world-cup-flag-1.png","width":640,"height":427,"caption":"Portugal at the 2026 World Cup: A Selec\u00e3o's Quest for a First World Title flag"},{"@type":"BreadcrumbList","@id":"https:\/\/www.roadtowc.com\/fr\/portugal-coupe-du-monde-2026-2\/#breadcrumb","itemListElement":[{"@type":"ListItem","position":1,"name":"Home","item":"https:\/\/www.roadtowc.com\/fr\/"},{"@type":"ListItem","position":2,"name":"Le Portugal au Mondial 2026 : A Sele\u00e7\u00e3o en qu\u00eate d&#8217;un premier titre mondial"}]},{"@type":"WebSite","@id":"https:\/\/www.roadtowc.com\/fr\/#website","url":"https:\/\/www.roadtowc.com\/fr\/","name":"Road to the World Cup","description":"Votre guide ultime de la Coupe du Monde de la FIFA 2026 : actualit\u00e9s, informations sur les billets, stades et plus encore, avec une couverture compl\u00e8te \u00e0 l\u2019approche du tournoi aux \u00c9tats-Unis, au Mexique et au Canada.","publisher":{"@id":"https:\/\/www.roadtowc.com\/fr\/#organization"},"alternateName":"Road to the World Cup","potentialAction":[{"@type":"SearchAction","target":{"@type":"EntryPoint","urlTemplate":"https:\/\/www.roadtowc.com\/fr\/?s={search_term_string}"},"query-input":{"@type":"PropertyValueSpecification","valueRequired":true,"valueName":"search_term_string"}}],"inLanguage":"fr-FR"},{"@type":"Organization","@id":"https:\/\/www.roadtowc.com\/fr\/#organization","name":"Road to the World Cup","alternateName":"Road to the World Cup","url":"https:\/\/www.roadtowc.com\/fr\/","logo":{"@type":"ImageObject","inLanguage":"fr-FR","@id":"https:\/\/www.roadtowc.com\/fr\/#\/schema\/logo\/image\/","url":"https:\/\/www.roadtowc.com\/wp-content\/uploads\/2024\/07\/New-Logo-head.png","contentUrl":"https:\/\/www.roadtowc.com\/wp-content\/uploads\/2024\/07\/New-Logo-head.png","width":1228,"height":1037,"caption":"Road to the World Cup"},"image":{"@id":"https:\/\/www.roadtowc.com\/fr\/#\/schema\/logo\/image\/"},"sameAs":["https:\/\/x.com\/roadtowc"]},{"@type":"Person","@id":"https:\/\/www.roadtowc.com\/fr\/#\/schema\/person\/e027536b8c7766a032254f303dcd7bba","name":"hjfraind","image":{"@type":"ImageObject","inLanguage":"fr-FR","@id":"https:\/\/secure.gravatar.com\/avatar\/bacbd4bf5f8418d0b903099430d35c7b7e630f7280cfd5f56ba26a6170010cd4?s=96&d=mm&r=g","url":"https:\/\/secure.gravatar.com\/avatar\/bacbd4bf5f8418d0b903099430d35c7b7e630f7280cfd5f56ba26a6170010cd4?s=96&d=mm&r=g","contentUrl":"https:\/\/secure.gravatar.com\/avatar\/bacbd4bf5f8418d0b903099430d35c7b7e630f7280cfd5f56ba26a6170010cd4?s=96&d=mm&r=g","caption":"hjfraind"},"sameAs":["http:\/\/www.roadtowc.com"],"url":"https:\/\/www.roadtowc.com\/fr\/author\/hjfraind\/"}]}},"_links":{"self":[{"href":"https:\/\/www.roadtowc.com\/fr\/wp-json\/wp\/v2\/posts\/12030","targetHints":{"allow":["GET"]}}],"collection":[{"href":"https:\/\/www.roadtowc.com\/fr\/wp-json\/wp\/v2\/posts"}],"about":[{"href":"https:\/\/www.roadtowc.com\/fr\/wp-json\/wp\/v2\/types\/post"}],"author":[{"embeddable":true,"href":"https:\/\/www.roadtowc.com\/fr\/wp-json\/wp\/v2\/users\/1"}],"replies":[{"embeddable":true,"href":"https:\/\/www.roadtowc.com\/fr\/wp-json\/wp\/v2\/comments?post=12030"}],"version-history":[{"count":1,"href":"https:\/\/www.roadtowc.com\/fr\/wp-json\/wp\/v2\/posts\/12030\/revisions"}],"predecessor-version":[{"id":12105,"href":"https:\/\/www.roadtowc.com\/fr\/wp-json\/wp\/v2\/posts\/12030\/revisions\/12105"}],"wp:featuredmedia":[{"embeddable":true,"href":"https:\/\/www.roadtowc.com\/fr\/wp-json\/wp\/v2\/media\/12365"}],"wp:attachment":[{"href":"https:\/\/www.roadtowc.com\/fr\/wp-json\/wp\/v2\/media?parent=12030"}],"wp:term":[{"taxonomy":"category","embeddable":true,"href":"https:\/\/www.roadtowc.com\/fr\/wp-json\/wp\/v2\/categories?post=12030"},{"taxonomy":"post_tag","embeddable":true,"href":"https:\/\/www.roadtowc.com\/fr\/wp-json\/wp\/v2\/tags?post=12030"}],"curies":[{"name":"wp","href":"https:\/\/api.w.org\/{rel}","templated":true}]}}