{"id":12033,"date":"2026-05-01T15:43:04","date_gmt":"2026-05-01T19:43:04","guid":{"rendered":"https:\/\/www.roadtowc.com\/colombie-coupe-du-monde-2026-2\/"},"modified":"2026-05-01T15:56:45","modified_gmt":"2026-05-01T19:56:45","slug":"colombie-coupe-du-monde-2026-2","status":"publish","type":"post","link":"https:\/\/www.roadtowc.com\/fr\/colombie-coupe-du-monde-2026-2\/","title":{"rendered":"La Colombie au Mondial 2026 : los Cafeteros port\u00e9s par une belle dynamique"},"content":{"rendered":"<p>La Colombie arrive \u00e0 la Coupe du Monde 2026 port\u00e9e par une belle dynamique. Apr\u00e8s avoir atteint la finale de la Copa Am\u00e9rica 2024 \u2014 son meilleur r\u00e9sultat dans le tournoi depuis 2001 \u2014 Los Cafeteros ont continu\u00e9 \u00e0 se construire sous l&rsquo;entra\u00eeneur N\u00e9stor Lorenzo et sont pr\u00eats \u00e0 faire forte impression au Mondial.<\/p>\n<h3>Joueurs cl\u00e9s<\/h3>\n<ul>\n<li><strong>James Rodr\u00edguez<\/strong> \u2013 Le l\u00e9gendaire meneur de jeu, h\u00e9ros du Br\u00e9sil 2014, continue d&rsquo;influencer au plus haut niveau avec sa vision et ses passes.<\/li>\n<li><strong>Luis D\u00edaz<\/strong> \u2013 L&rsquo;ailier de Liverpool est l&rsquo;un des joueurs de couloir les plus explosifs et efficaces du football mondial.<\/li>\n<li><strong>Jhon C\u00f3rdoba<\/strong> \u2013 Avant-centre physique qui m\u00e8ne l&rsquo;attaque avec puissance et jeu a\u00e9rien.<\/li>\n<li><strong>Davinson S\u00e1nchez<\/strong> \u2013 D\u00e9fenseur central exp\u00e9riment\u00e9 qui apporte de la stabilit\u00e9 en d\u00e9fense.<\/li>\n<\/ul>\n<h3>Chemin vers le Mondial<\/h3>\n<p>La Colombie s&rsquo;est qualifi\u00e9e via la CONMEBOL avec une solide campagne, terminant confortablement dans le top 4. L&rsquo;\u00e9lan de la Copa Am\u00e9rica s&rsquo;est poursuivi tout au long du cycle de qualification.<\/p>\n<h3>Adversaires du Groupe K<\/h3>\n<p>La Colombie affronte le Portugal, l&rsquo;Ouzb\u00e9kistan et la RD Congo dans le Groupe K. Une deuxi\u00e8me place derri\u00e8re le Portugal semble le r\u00e9sultat le plus probable, mais Los Cafeteros ont la qualit\u00e9 pour rivaliser avec les Lusitaniens.<\/p>\n<h3>Perspectives<\/h3>\n<p>La Colombie est l&rsquo;une des \u00e9quipes les plus divertissantes du tournoi. Avec James \u00e0 l&rsquo;orchestration et D\u00edaz sur les ailes, ils peuvent aller loin en phase \u00e9liminatoire s&rsquo;ils b\u00e9n\u00e9ficient d&rsquo;un tirage favorable.<\/p>\n","protected":false},"excerpt":{"rendered":"<p>Port\u00e9s par la finale de la Copa Am\u00e9rica et un effectif talentueux, la Colombie entre au Mondial 2026 comme l&rsquo;une des \u00e9quipes sud-am\u00e9ricaines les plus excitantes.<\/p>\n","protected":false},"author":1,"featured_media":12368,"comment_status":"closed","ping_status":"closed","sticky":false,"template":"","format":"standard","meta":{"footnotes":""},"categories":[24],"tags":[],"class_list":["post-12033","post","type-post","status-publish","format-standard","has-post-thumbnail","hentry","category-nouvelles"],"yoast_head":"<!-- This site is optimized with the Yoast SEO plugin v27.5 - https:\/\/yoast.com\/product\/yoast-seo-wordpress\/ -->\n<title>La Colombie au Mondial 2026 : los Cafeteros port\u00e9s par une belle dynamique - Road to the World Cup<\/title>\n<meta name=\"description\" content=\"La Colombie arrive au Mondial 2026 en grande forme apr\u00e8s la finale de la Copa Am\u00e9rica. Los Cafeteros sont une \u00e9quipe dangereuse avec James Rodr\u00edguez en t\u00eate.\" \/>\n<meta name=\"robots\" content=\"index, follow, max-snippet:-1, max-image-preview:large, max-video-preview:-1\" \/>\n<link rel=\"canonical\" href=\"https:\/\/www.roadtowc.com\/fr\/colombie-coupe-du-monde-2026-2\/\" \/>\n<meta property=\"og:locale\" content=\"fr_FR\" \/>\n<meta property=\"og:type\" content=\"article\" \/>\n<meta property=\"og:title\" content=\"La Colombie au Mondial 2026 : los Cafeteros port\u00e9s par une belle dynamique - Road to the World Cup\" \/>\n<meta property=\"og:description\" content=\"La Colombie arrive au Mondial 2026 en grande forme apr\u00e8s la finale de la Copa Am\u00e9rica. Los Cafeteros sont une \u00e9quipe dangereuse avec James Rodr\u00edguez en t\u00eate.\" \/>\n<meta property=\"og:url\" content=\"https:\/\/www.roadtowc.com\/fr\/colombie-coupe-du-monde-2026-2\/\" \/>\n<meta property=\"og:site_name\" content=\"Road to the World Cup\" \/>\n<meta property=\"article:published_time\" content=\"2026-05-01T19:43:04+00:00\" \/>\n<meta property=\"article:modified_time\" content=\"2026-05-01T19:56:45+00:00\" \/>\n<meta property=\"og:image\" content=\"https:\/\/www.roadtowc.com\/wp-content\/uploads\/2026\/05\/colombia-2026-world-cup-flag-1.png\" \/>\n\t<meta property=\"og:image:width\" content=\"640\" \/>\n\t<meta property=\"og:image:height\" content=\"427\" \/>\n\t<meta property=\"og:image:type\" content=\"image\/png\" \/>\n<meta name=\"author\" content=\"hjfraind\" \/>\n<meta name=\"twitter:card\" content=\"summary_large_image\" \/>\n<meta name=\"twitter:creator\" content=\"@roadtowc\" \/>\n<meta name=\"twitter:site\" content=\"@roadtowc\" \/>\n<meta name=\"twitter:label1\" content=\"\u00c9crit par\" \/>\n\t<meta name=\"twitter:data1\" content=\"hjfraind\" \/>\n\t<meta name=\"twitter:label2\" content=\"Dur\u00e9e de lecture estim\u00e9e\" \/>\n\t<meta name=\"twitter:data2\" content=\"1 minute\" \/>\n<script type=\"application\/ld+json\" class=\"yoast-schema-graph\">{\"@context\":\"https:\\\/\\\/schema.org\",\"@graph\":[{\"@type\":\"Article\",\"@id\":\"https:\\\/\\\/www.roadtowc.com\\\/fr\\\/colombie-coupe-du-monde-2026-2\\\/#article\",\"isPartOf\":{\"@id\":\"https:\\\/\\\/www.roadtowc.com\\\/fr\\\/colombie-coupe-du-monde-2026-2\\\/\"},\"author\":{\"name\":\"hjfraind\",\"@id\":\"https:\\\/\\\/www.roadtowc.com\\\/fr\\\/#\\\/schema\\\/person\\\/e027536b8c7766a032254f303dcd7bba\"},\"headline\":\"La Colombie au Mondial 2026 : los Cafeteros port\u00e9s par une belle dynamique\",\"datePublished\":\"2026-05-01T19:43:04+00:00\",\"dateModified\":\"2026-05-01T19:56:45+00:00\",\"mainEntityOfPage\":{\"@id\":\"https:\\\/\\\/www.roadtowc.com\\\/fr\\\/colombie-coupe-du-monde-2026-2\\\/\"},\"wordCount\":274,\"publisher\":{\"@id\":\"https:\\\/\\\/www.roadtowc.com\\\/fr\\\/#organization\"},\"image\":{\"@id\":\"https:\\\/\\\/www.roadtowc.com\\\/fr\\\/colombie-coupe-du-monde-2026-2\\\/#primaryimage\"},\"thumbnailUrl\":\"https:\\\/\\\/www.roadtowc.com\\\/wp-content\\\/uploads\\\/2026\\\/05\\\/colombia-2026-world-cup-flag-1.png\",\"articleSection\":[\"Des nouvelles\"],\"inLanguage\":\"fr-FR\"},{\"@type\":\"WebPage\",\"@id\":\"https:\\\/\\\/www.roadtowc.com\\\/fr\\\/colombie-coupe-du-monde-2026-2\\\/\",\"url\":\"https:\\\/\\\/www.roadtowc.com\\\/fr\\\/colombie-coupe-du-monde-2026-2\\\/\",\"name\":\"La Colombie au Mondial 2026 : los Cafeteros port\u00e9s par une belle dynamique - Road to the World Cup\",\"isPartOf\":{\"@id\":\"https:\\\/\\\/www.roadtowc.com\\\/fr\\\/#website\"},\"primaryImageOfPage\":{\"@id\":\"https:\\\/\\\/www.roadtowc.com\\\/fr\\\/colombie-coupe-du-monde-2026-2\\\/#primaryimage\"},\"image\":{\"@id\":\"https:\\\/\\\/www.roadtowc.com\\\/fr\\\/colombie-coupe-du-monde-2026-2\\\/#primaryimage\"},\"thumbnailUrl\":\"https:\\\/\\\/www.roadtowc.com\\\/wp-content\\\/uploads\\\/2026\\\/05\\\/colombia-2026-world-cup-flag-1.png\",\"datePublished\":\"2026-05-01T19:43:04+00:00\",\"dateModified\":\"2026-05-01T19:56:45+00:00\",\"description\":\"La Colombie arrive au Mondial 2026 en grande forme apr\u00e8s la finale de la Copa Am\u00e9rica. Los Cafeteros sont une \u00e9quipe dangereuse avec James Rodr\u00edguez en t\u00eate.\",\"breadcrumb\":{\"@id\":\"https:\\\/\\\/www.roadtowc.com\\\/fr\\\/colombie-coupe-du-monde-2026-2\\\/#breadcrumb\"},\"inLanguage\":\"fr-FR\",\"potentialAction\":[{\"@type\":\"ReadAction\",\"target\":[\"https:\\\/\\\/www.roadtowc.com\\\/fr\\\/colombie-coupe-du-monde-2026-2\\\/\"]}]},{\"@type\":\"ImageObject\",\"inLanguage\":\"fr-FR\",\"@id\":\"https:\\\/\\\/www.roadtowc.com\\\/fr\\\/colombie-coupe-du-monde-2026-2\\\/#primaryimage\",\"url\":\"https:\\\/\\\/www.roadtowc.com\\\/wp-content\\\/uploads\\\/2026\\\/05\\\/colombia-2026-world-cup-flag-1.png\",\"contentUrl\":\"https:\\\/\\\/www.roadtowc.com\\\/wp-content\\\/uploads\\\/2026\\\/05\\\/colombia-2026-world-cup-flag-1.png\",\"width\":640,\"height\":427,\"caption\":\"Colombia at the 2026 World Cup: Los Cafeteros Ride a Wave of Momentum flag\"},{\"@type\":\"BreadcrumbList\",\"@id\":\"https:\\\/\\\/www.roadtowc.com\\\/fr\\\/colombie-coupe-du-monde-2026-2\\\/#breadcrumb\",\"itemListElement\":[{\"@type\":\"ListItem\",\"position\":1,\"name\":\"Home\",\"item\":\"https:\\\/\\\/www.roadtowc.com\\\/fr\\\/\"},{\"@type\":\"ListItem\",\"position\":2,\"name\":\"La Colombie au Mondial 2026 : los Cafeteros port\u00e9s par une belle dynamique\"}]},{\"@type\":\"WebSite\",\"@id\":\"https:\\\/\\\/www.roadtowc.com\\\/fr\\\/#website\",\"url\":\"https:\\\/\\\/www.roadtowc.com\\\/fr\\\/\",\"name\":\"Road to the World Cup\",\"description\":\"Votre guide ultime de la Coupe du Monde de la FIFA 2026 : actualit\u00e9s, informations sur les billets, stades et plus encore, avec une couverture compl\u00e8te \u00e0 l\u2019approche du tournoi aux \u00c9tats-Unis, au Mexique et au Canada.\",\"publisher\":{\"@id\":\"https:\\\/\\\/www.roadtowc.com\\\/fr\\\/#organization\"},\"alternateName\":\"Road to the World Cup\",\"potentialAction\":[{\"@type\":\"SearchAction\",\"target\":{\"@type\":\"EntryPoint\",\"urlTemplate\":\"https:\\\/\\\/www.roadtowc.com\\\/fr\\\/?s={search_term_string}\"},\"query-input\":{\"@type\":\"PropertyValueSpecification\",\"valueRequired\":true,\"valueName\":\"search_term_string\"}}],\"inLanguage\":\"fr-FR\"},{\"@type\":\"Organization\",\"@id\":\"https:\\\/\\\/www.roadtowc.com\\\/fr\\\/#organization\",\"name\":\"Road to the World Cup\",\"alternateName\":\"Road to the World Cup\",\"url\":\"https:\\\/\\\/www.roadtowc.com\\\/fr\\\/\",\"logo\":{\"@type\":\"ImageObject\",\"inLanguage\":\"fr-FR\",\"@id\":\"https:\\\/\\\/www.roadtowc.com\\\/fr\\\/#\\\/schema\\\/logo\\\/image\\\/\",\"url\":\"https:\\\/\\\/www.roadtowc.com\\\/wp-content\\\/uploads\\\/2024\\\/07\\\/New-Logo-head.png\",\"contentUrl\":\"https:\\\/\\\/www.roadtowc.com\\\/wp-content\\\/uploads\\\/2024\\\/07\\\/New-Logo-head.png\",\"width\":1228,\"height\":1037,\"caption\":\"Road to the World Cup\"},\"image\":{\"@id\":\"https:\\\/\\\/www.roadtowc.com\\\/fr\\\/#\\\/schema\\\/logo\\\/image\\\/\"},\"sameAs\":[\"https:\\\/\\\/x.com\\\/roadtowc\"]},{\"@type\":\"Person\",\"@id\":\"https:\\\/\\\/www.roadtowc.com\\\/fr\\\/#\\\/schema\\\/person\\\/e027536b8c7766a032254f303dcd7bba\",\"name\":\"hjfraind\",\"image\":{\"@type\":\"ImageObject\",\"inLanguage\":\"fr-FR\",\"@id\":\"https:\\\/\\\/secure.gravatar.com\\\/avatar\\\/bacbd4bf5f8418d0b903099430d35c7b7e630f7280cfd5f56ba26a6170010cd4?s=96&d=mm&r=g\",\"url\":\"https:\\\/\\\/secure.gravatar.com\\\/avatar\\\/bacbd4bf5f8418d0b903099430d35c7b7e630f7280cfd5f56ba26a6170010cd4?s=96&d=mm&r=g\",\"contentUrl\":\"https:\\\/\\\/secure.gravatar.com\\\/avatar\\\/bacbd4bf5f8418d0b903099430d35c7b7e630f7280cfd5f56ba26a6170010cd4?s=96&d=mm&r=g\",\"caption\":\"hjfraind\"},\"sameAs\":[\"http:\\\/\\\/www.roadtowc.com\"],\"url\":\"https:\\\/\\\/www.roadtowc.com\\\/fr\\\/author\\\/hjfraind\\\/\"}]}<\/script>\n<!-- \/ Yoast SEO plugin. -->","yoast_head_json":{"title":"La Colombie au Mondial 2026 : los Cafeteros port\u00e9s par une belle dynamique - Road to the World Cup","description":"La Colombie arrive au Mondial 2026 en grande forme apr\u00e8s la finale de la Copa Am\u00e9rica. Los Cafeteros sont une \u00e9quipe dangereuse avec James Rodr\u00edguez en t\u00eate.","robots":{"index":"index","follow":"follow","max-snippet":"max-snippet:-1","max-image-preview":"max-image-preview:large","max-video-preview":"max-video-preview:-1"},"canonical":"https:\/\/www.roadtowc.com\/fr\/colombie-coupe-du-monde-2026-2\/","og_locale":"fr_FR","og_type":"article","og_title":"La Colombie au Mondial 2026 : los Cafeteros port\u00e9s par une belle dynamique - Road to the World Cup","og_description":"La Colombie arrive au Mondial 2026 en grande forme apr\u00e8s la finale de la Copa Am\u00e9rica. Los Cafeteros sont une \u00e9quipe dangereuse avec James Rodr\u00edguez en t\u00eate.","og_url":"https:\/\/www.roadtowc.com\/fr\/colombie-coupe-du-monde-2026-2\/","og_site_name":"Road to the World Cup","article_published_time":"2026-05-01T19:43:04+00:00","article_modified_time":"2026-05-01T19:56:45+00:00","og_image":[{"width":640,"height":427,"url":"https:\/\/www.roadtowc.com\/wp-content\/uploads\/2026\/05\/colombia-2026-world-cup-flag-1.png","type":"image\/png"}],"author":"hjfraind","twitter_card":"summary_large_image","twitter_creator":"@roadtowc","twitter_site":"@roadtowc","twitter_misc":{"\u00c9crit par":"hjfraind","Dur\u00e9e de lecture estim\u00e9e":"1 minute"},"schema":{"@context":"https:\/\/schema.org","@graph":[{"@type":"Article","@id":"https:\/\/www.roadtowc.com\/fr\/colombie-coupe-du-monde-2026-2\/#article","isPartOf":{"@id":"https:\/\/www.roadtowc.com\/fr\/colombie-coupe-du-monde-2026-2\/"},"author":{"name":"hjfraind","@id":"https:\/\/www.roadtowc.com\/fr\/#\/schema\/person\/e027536b8c7766a032254f303dcd7bba"},"headline":"La Colombie au Mondial 2026 : los Cafeteros port\u00e9s par une belle dynamique","datePublished":"2026-05-01T19:43:04+00:00","dateModified":"2026-05-01T19:56:45+00:00","mainEntityOfPage":{"@id":"https:\/\/www.roadtowc.com\/fr\/colombie-coupe-du-monde-2026-2\/"},"wordCount":274,"publisher":{"@id":"https:\/\/www.roadtowc.com\/fr\/#organization"},"image":{"@id":"https:\/\/www.roadtowc.com\/fr\/colombie-coupe-du-monde-2026-2\/#primaryimage"},"thumbnailUrl":"https:\/\/www.roadtowc.com\/wp-content\/uploads\/2026\/05\/colombia-2026-world-cup-flag-1.png","articleSection":["Des nouvelles"],"inLanguage":"fr-FR"},{"@type":"WebPage","@id":"https:\/\/www.roadtowc.com\/fr\/colombie-coupe-du-monde-2026-2\/","url":"https:\/\/www.roadtowc.com\/fr\/colombie-coupe-du-monde-2026-2\/","name":"La Colombie au Mondial 2026 : los Cafeteros port\u00e9s par une belle dynamique - Road to the World Cup","isPartOf":{"@id":"https:\/\/www.roadtowc.com\/fr\/#website"},"primaryImageOfPage":{"@id":"https:\/\/www.roadtowc.com\/fr\/colombie-coupe-du-monde-2026-2\/#primaryimage"},"image":{"@id":"https:\/\/www.roadtowc.com\/fr\/colombie-coupe-du-monde-2026-2\/#primaryimage"},"thumbnailUrl":"https:\/\/www.roadtowc.com\/wp-content\/uploads\/2026\/05\/colombia-2026-world-cup-flag-1.png","datePublished":"2026-05-01T19:43:04+00:00","dateModified":"2026-05-01T19:56:45+00:00","description":"La Colombie arrive au Mondial 2026 en grande forme apr\u00e8s la finale de la Copa Am\u00e9rica. Los Cafeteros sont une \u00e9quipe dangereuse avec James Rodr\u00edguez en t\u00eate.","breadcrumb":{"@id":"https:\/\/www.roadtowc.com\/fr\/colombie-coupe-du-monde-2026-2\/#breadcrumb"},"inLanguage":"fr-FR","potentialAction":[{"@type":"ReadAction","target":["https:\/\/www.roadtowc.com\/fr\/colombie-coupe-du-monde-2026-2\/"]}]},{"@type":"ImageObject","inLanguage":"fr-FR","@id":"https:\/\/www.roadtowc.com\/fr\/colombie-coupe-du-monde-2026-2\/#primaryimage","url":"https:\/\/www.roadtowc.com\/wp-content\/uploads\/2026\/05\/colombia-2026-world-cup-flag-1.png","contentUrl":"https:\/\/www.roadtowc.com\/wp-content\/uploads\/2026\/05\/colombia-2026-world-cup-flag-1.png","width":640,"height":427,"caption":"Colombia at the 2026 World Cup: Los Cafeteros Ride a Wave of Momentum flag"},{"@type":"BreadcrumbList","@id":"https:\/\/www.roadtowc.com\/fr\/colombie-coupe-du-monde-2026-2\/#breadcrumb","itemListElement":[{"@type":"ListItem","position":1,"name":"Home","item":"https:\/\/www.roadtowc.com\/fr\/"},{"@type":"ListItem","position":2,"name":"La Colombie au Mondial 2026 : los Cafeteros port\u00e9s par une belle dynamique"}]},{"@type":"WebSite","@id":"https:\/\/www.roadtowc.com\/fr\/#website","url":"https:\/\/www.roadtowc.com\/fr\/","name":"Road to the World Cup","description":"Votre guide ultime de la Coupe du Monde de la FIFA 2026 : actualit\u00e9s, informations sur les billets, stades et plus encore, avec une couverture compl\u00e8te \u00e0 l\u2019approche du tournoi aux \u00c9tats-Unis, au Mexique et au Canada.","publisher":{"@id":"https:\/\/www.roadtowc.com\/fr\/#organization"},"alternateName":"Road to the World Cup","potentialAction":[{"@type":"SearchAction","target":{"@type":"EntryPoint","urlTemplate":"https:\/\/www.roadtowc.com\/fr\/?s={search_term_string}"},"query-input":{"@type":"PropertyValueSpecification","valueRequired":true,"valueName":"search_term_string"}}],"inLanguage":"fr-FR"},{"@type":"Organization","@id":"https:\/\/www.roadtowc.com\/fr\/#organization","name":"Road to the World Cup","alternateName":"Road to the World Cup","url":"https:\/\/www.roadtowc.com\/fr\/","logo":{"@type":"ImageObject","inLanguage":"fr-FR","@id":"https:\/\/www.roadtowc.com\/fr\/#\/schema\/logo\/image\/","url":"https:\/\/www.roadtowc.com\/wp-content\/uploads\/2024\/07\/New-Logo-head.png","contentUrl":"https:\/\/www.roadtowc.com\/wp-content\/uploads\/2024\/07\/New-Logo-head.png","width":1228,"height":1037,"caption":"Road to the World Cup"},"image":{"@id":"https:\/\/www.roadtowc.com\/fr\/#\/schema\/logo\/image\/"},"sameAs":["https:\/\/x.com\/roadtowc"]},{"@type":"Person","@id":"https:\/\/www.roadtowc.com\/fr\/#\/schema\/person\/e027536b8c7766a032254f303dcd7bba","name":"hjfraind","image":{"@type":"ImageObject","inLanguage":"fr-FR","@id":"https:\/\/secure.gravatar.com\/avatar\/bacbd4bf5f8418d0b903099430d35c7b7e630f7280cfd5f56ba26a6170010cd4?s=96&d=mm&r=g","url":"https:\/\/secure.gravatar.com\/avatar\/bacbd4bf5f8418d0b903099430d35c7b7e630f7280cfd5f56ba26a6170010cd4?s=96&d=mm&r=g","contentUrl":"https:\/\/secure.gravatar.com\/avatar\/bacbd4bf5f8418d0b903099430d35c7b7e630f7280cfd5f56ba26a6170010cd4?s=96&d=mm&r=g","caption":"hjfraind"},"sameAs":["http:\/\/www.roadtowc.com"],"url":"https:\/\/www.roadtowc.com\/fr\/author\/hjfraind\/"}]}},"_links":{"self":[{"href":"https:\/\/www.roadtowc.com\/fr\/wp-json\/wp\/v2\/posts\/12033","targetHints":{"allow":["GET"]}}],"collection":[{"href":"https:\/\/www.roadtowc.com\/fr\/wp-json\/wp\/v2\/posts"}],"about":[{"href":"https:\/\/www.roadtowc.com\/fr\/wp-json\/wp\/v2\/types\/post"}],"author":[{"embeddable":true,"href":"https:\/\/www.roadtowc.com\/fr\/wp-json\/wp\/v2\/users\/1"}],"replies":[{"embeddable":true,"href":"https:\/\/www.roadtowc.com\/fr\/wp-json\/wp\/v2\/comments?post=12033"}],"version-history":[{"count":1,"href":"https:\/\/www.roadtowc.com\/fr\/wp-json\/wp\/v2\/posts\/12033\/revisions"}],"predecessor-version":[{"id":12111,"href":"https:\/\/www.roadtowc.com\/fr\/wp-json\/wp\/v2\/posts\/12033\/revisions\/12111"}],"wp:featuredmedia":[{"embeddable":true,"href":"https:\/\/www.roadtowc.com\/fr\/wp-json\/wp\/v2\/media\/12368"}],"wp:attachment":[{"href":"https:\/\/www.roadtowc.com\/fr\/wp-json\/wp\/v2\/media?parent=12033"}],"wp:term":[{"taxonomy":"category","embeddable":true,"href":"https:\/\/www.roadtowc.com\/fr\/wp-json\/wp\/v2\/categories?post=12033"},{"taxonomy":"post_tag","embeddable":true,"href":"https:\/\/www.roadtowc.com\/fr\/wp-json\/wp\/v2\/tags?post=12033"}],"curies":[{"name":"wp","href":"https:\/\/api.w.org\/{rel}","templated":true}]}}