{"id":12045,"date":"2026-05-01T15:43:12","date_gmt":"2026-05-01T19:43:12","guid":{"rendered":"https:\/\/www.roadtowc.com\/croatie-coupe-du-monde-2026-2\/"},"modified":"2026-05-01T15:57:04","modified_gmt":"2026-05-01T19:57:04","slug":"croatie-coupe-du-monde-2026-2","status":"publish","type":"post","link":"https:\/\/www.roadtowc.com\/fr\/croatie-coupe-du-monde-2026-2\/","title":{"rendered":"La Croatie au Mondial 2026 : les Vatreni en qu\u00eate d&rsquo;une derni\u00e8re danse"},"content":{"rendered":"<p>La Croatie est de retour \u00e0 la Coupe du Monde de la FIFA, et cette \u00e9dition rev\u00eat un poids \u00e9motionnel \u00e9norme. Pour Luka Modri\u0107 et la g\u00e9n\u00e9ration dor\u00e9e qui a atteint la finale de 2018 et le match pour la troisi\u00e8me place en 2022, ce pourrait bien \u00eatre leur derni\u00e8re danse sur la sc\u00e8ne mondiale.<\/p>\n<h3>Joueurs cl\u00e9s<\/h3>\n<ul>\n<li><strong>Luka Modri\u0107<\/strong> \u2013 La l\u00e9gende du Real Madrid a 40 ans mais continue d&rsquo;influencer les matchs avec sa vision extraordinaire, ses passes et son leadership. Il est l&rsquo;un des plus grands milieux de terrain de l&rsquo;histoire du football.<\/li>\n<li><strong>Mateo Kova\u010di\u0107<\/strong> \u2013 Le milieu de Manchester City reste l&rsquo;un des meilleurs r\u00e9cup\u00e9rateurs et distributeurs d&rsquo;Europe.<\/li>\n<li><strong>Ivan Peri\u0161i\u0107<\/strong> \u2013 Le v\u00e9t\u00e9ran ailier apporte exp\u00e9rience et qualit\u00e9 sur les deux flancs.<\/li>\n<li><strong>Dominik Livakovi\u0107<\/strong> \u2013 Le gardien qui a \u00e9t\u00e9 le h\u00e9ros de la Croatie en 2022 avec des arr\u00eats d\u00e9cisifs.<\/li>\n<\/ul>\n<h3>Chemin vers le Mondial<\/h3>\n<p>La Croatie s&rsquo;est qualifi\u00e9e directement via les \u00e9liminatoires UEFA, en t\u00eate de son groupe \u2014 un t\u00e9moignage de la qualit\u00e9 et de la r\u00e9silience continues de cette remarquable g\u00e9n\u00e9ration de footballeurs croates.<\/p>\n<h3>Adversaires du Groupe L<\/h3>\n<p>La Croatie affronte l&rsquo;Angleterre, le Ghana et le Panama dans le Groupe L. Historiquement, la Croatie a toujours fait mieux que pr\u00e9vu lors des Coupes du Monde. Se qualifier depuis ce groupe est l&rsquo;objectif minimum.<\/p>\n<h3>Perspectives<\/h3>\n<p>Ne jamais sous-estimer la Croatie. Modri\u0107 a d\u00e9fi\u00e9 le temps lui-m\u00eame, et cette \u00e9quipe sait comment gagner des matchs en phase \u00e9liminatoire. Une longue campagne serait une belle fa\u00e7on de dire au revoir pour l&rsquo;une des grandes nations du Mondial de l&rsquo;\u00e8re moderne.<\/p>\n","protected":false},"excerpt":{"rendered":"<p>La g\u00e9n\u00e9ration dor\u00e9e de Croatie fait une derni\u00e8re apparition au Mondial 2026 \u2014 avec Modri\u0107 menant sa nation pour la derni\u00e8re fois peut-\u00eatre sur la plus grande sc\u00e8ne du football.<\/p>\n","protected":false},"author":1,"featured_media":12380,"comment_status":"closed","ping_status":"closed","sticky":false,"template":"","format":"standard","meta":{"footnotes":""},"categories":[24],"tags":[],"class_list":["post-12045","post","type-post","status-publish","format-standard","has-post-thumbnail","hentry","category-nouvelles"],"yoast_head":"<!-- This site is optimized with the Yoast SEO plugin v27.5 - https:\/\/yoast.com\/product\/yoast-seo-wordpress\/ -->\n<title>La Croatie au Mondial 2026 : les Vatreni en qu\u00eate d&#039;une derni\u00e8re danse - Road to the World Cup<\/title>\n<meta name=\"description\" content=\"La Croatie se qualifie directement pour le Mondial 2026, probablement le dernier tournoi pour la g\u00e9n\u00e9ration dor\u00e9e de Modri\u0107 et Kova\u010di\u0107. Les Vatreni veulent partir en beaut\u00e9.\" \/>\n<meta name=\"robots\" content=\"index, follow, max-snippet:-1, max-image-preview:large, max-video-preview:-1\" \/>\n<link rel=\"canonical\" href=\"https:\/\/www.roadtowc.com\/fr\/croatie-coupe-du-monde-2026-2\/\" \/>\n<meta property=\"og:locale\" content=\"fr_FR\" \/>\n<meta property=\"og:type\" content=\"article\" \/>\n<meta property=\"og:title\" content=\"La Croatie au Mondial 2026 : les Vatreni en qu\u00eate d&#039;une derni\u00e8re danse - Road to the World Cup\" \/>\n<meta property=\"og:description\" content=\"La Croatie se qualifie directement pour le Mondial 2026, probablement le dernier tournoi pour la g\u00e9n\u00e9ration dor\u00e9e de Modri\u0107 et Kova\u010di\u0107. Les Vatreni veulent partir en beaut\u00e9.\" \/>\n<meta property=\"og:url\" content=\"https:\/\/www.roadtowc.com\/fr\/croatie-coupe-du-monde-2026-2\/\" \/>\n<meta property=\"og:site_name\" content=\"Road to the World Cup\" \/>\n<meta property=\"article:published_time\" content=\"2026-05-01T19:43:12+00:00\" \/>\n<meta property=\"article:modified_time\" content=\"2026-05-01T19:57:04+00:00\" \/>\n<meta property=\"og:image\" content=\"https:\/\/www.roadtowc.com\/wp-content\/uploads\/2026\/05\/croatia-2026-world-cup-flag-1.png\" \/>\n\t<meta property=\"og:image:width\" content=\"640\" \/>\n\t<meta property=\"og:image:height\" content=\"320\" \/>\n\t<meta property=\"og:image:type\" content=\"image\/png\" \/>\n<meta name=\"author\" content=\"hjfraind\" \/>\n<meta name=\"twitter:card\" content=\"summary_large_image\" \/>\n<meta name=\"twitter:creator\" content=\"@roadtowc\" \/>\n<meta name=\"twitter:site\" content=\"@roadtowc\" \/>\n<meta name=\"twitter:label1\" content=\"\u00c9crit par\" \/>\n\t<meta name=\"twitter:data1\" content=\"hjfraind\" \/>\n\t<meta name=\"twitter:label2\" content=\"Dur\u00e9e de lecture estim\u00e9e\" \/>\n\t<meta name=\"twitter:data2\" content=\"1 minute\" \/>\n<script type=\"application\/ld+json\" class=\"yoast-schema-graph\">{\"@context\":\"https:\\\/\\\/schema.org\",\"@graph\":[{\"@type\":\"Article\",\"@id\":\"https:\\\/\\\/www.roadtowc.com\\\/fr\\\/croatie-coupe-du-monde-2026-2\\\/#article\",\"isPartOf\":{\"@id\":\"https:\\\/\\\/www.roadtowc.com\\\/fr\\\/croatie-coupe-du-monde-2026-2\\\/\"},\"author\":{\"name\":\"hjfraind\",\"@id\":\"https:\\\/\\\/www.roadtowc.com\\\/fr\\\/#\\\/schema\\\/person\\\/e027536b8c7766a032254f303dcd7bba\"},\"headline\":\"La Croatie au Mondial 2026 : les Vatreni en qu\u00eate d&rsquo;une derni\u00e8re danse\",\"datePublished\":\"2026-05-01T19:43:12+00:00\",\"dateModified\":\"2026-05-01T19:57:04+00:00\",\"mainEntityOfPage\":{\"@id\":\"https:\\\/\\\/www.roadtowc.com\\\/fr\\\/croatie-coupe-du-monde-2026-2\\\/\"},\"wordCount\":306,\"publisher\":{\"@id\":\"https:\\\/\\\/www.roadtowc.com\\\/fr\\\/#organization\"},\"image\":{\"@id\":\"https:\\\/\\\/www.roadtowc.com\\\/fr\\\/croatie-coupe-du-monde-2026-2\\\/#primaryimage\"},\"thumbnailUrl\":\"https:\\\/\\\/www.roadtowc.com\\\/wp-content\\\/uploads\\\/2026\\\/05\\\/croatia-2026-world-cup-flag-1.png\",\"articleSection\":[\"Des nouvelles\"],\"inLanguage\":\"fr-FR\"},{\"@type\":\"WebPage\",\"@id\":\"https:\\\/\\\/www.roadtowc.com\\\/fr\\\/croatie-coupe-du-monde-2026-2\\\/\",\"url\":\"https:\\\/\\\/www.roadtowc.com\\\/fr\\\/croatie-coupe-du-monde-2026-2\\\/\",\"name\":\"La Croatie au Mondial 2026 : les Vatreni en qu\u00eate d'une derni\u00e8re danse - Road to the World Cup\",\"isPartOf\":{\"@id\":\"https:\\\/\\\/www.roadtowc.com\\\/fr\\\/#website\"},\"primaryImageOfPage\":{\"@id\":\"https:\\\/\\\/www.roadtowc.com\\\/fr\\\/croatie-coupe-du-monde-2026-2\\\/#primaryimage\"},\"image\":{\"@id\":\"https:\\\/\\\/www.roadtowc.com\\\/fr\\\/croatie-coupe-du-monde-2026-2\\\/#primaryimage\"},\"thumbnailUrl\":\"https:\\\/\\\/www.roadtowc.com\\\/wp-content\\\/uploads\\\/2026\\\/05\\\/croatia-2026-world-cup-flag-1.png\",\"datePublished\":\"2026-05-01T19:43:12+00:00\",\"dateModified\":\"2026-05-01T19:57:04+00:00\",\"description\":\"La Croatie se qualifie directement pour le Mondial 2026, probablement le dernier tournoi pour la g\u00e9n\u00e9ration dor\u00e9e de Modri\u0107 et Kova\u010di\u0107. Les Vatreni veulent partir en beaut\u00e9.\",\"breadcrumb\":{\"@id\":\"https:\\\/\\\/www.roadtowc.com\\\/fr\\\/croatie-coupe-du-monde-2026-2\\\/#breadcrumb\"},\"inLanguage\":\"fr-FR\",\"potentialAction\":[{\"@type\":\"ReadAction\",\"target\":[\"https:\\\/\\\/www.roadtowc.com\\\/fr\\\/croatie-coupe-du-monde-2026-2\\\/\"]}]},{\"@type\":\"ImageObject\",\"inLanguage\":\"fr-FR\",\"@id\":\"https:\\\/\\\/www.roadtowc.com\\\/fr\\\/croatie-coupe-du-monde-2026-2\\\/#primaryimage\",\"url\":\"https:\\\/\\\/www.roadtowc.com\\\/wp-content\\\/uploads\\\/2026\\\/05\\\/croatia-2026-world-cup-flag-1.png\",\"contentUrl\":\"https:\\\/\\\/www.roadtowc.com\\\/wp-content\\\/uploads\\\/2026\\\/05\\\/croatia-2026-world-cup-flag-1.png\",\"width\":640,\"height\":320,\"caption\":\"Croatia at the 2026 World Cup: The Vatreni's Quest for One Last Dance flag\"},{\"@type\":\"BreadcrumbList\",\"@id\":\"https:\\\/\\\/www.roadtowc.com\\\/fr\\\/croatie-coupe-du-monde-2026-2\\\/#breadcrumb\",\"itemListElement\":[{\"@type\":\"ListItem\",\"position\":1,\"name\":\"Home\",\"item\":\"https:\\\/\\\/www.roadtowc.com\\\/fr\\\/\"},{\"@type\":\"ListItem\",\"position\":2,\"name\":\"La Croatie au Mondial 2026 : les Vatreni en qu\u00eate d&#8217;une derni\u00e8re danse\"}]},{\"@type\":\"WebSite\",\"@id\":\"https:\\\/\\\/www.roadtowc.com\\\/fr\\\/#website\",\"url\":\"https:\\\/\\\/www.roadtowc.com\\\/fr\\\/\",\"name\":\"Road to the World Cup\",\"description\":\"Votre guide ultime de la Coupe du Monde de la FIFA 2026 : actualit\u00e9s, informations sur les billets, stades et plus encore, avec une couverture compl\u00e8te \u00e0 l\u2019approche du tournoi aux \u00c9tats-Unis, au Mexique et au Canada.\",\"publisher\":{\"@id\":\"https:\\\/\\\/www.roadtowc.com\\\/fr\\\/#organization\"},\"alternateName\":\"Road to the World Cup\",\"potentialAction\":[{\"@type\":\"SearchAction\",\"target\":{\"@type\":\"EntryPoint\",\"urlTemplate\":\"https:\\\/\\\/www.roadtowc.com\\\/fr\\\/?s={search_term_string}\"},\"query-input\":{\"@type\":\"PropertyValueSpecification\",\"valueRequired\":true,\"valueName\":\"search_term_string\"}}],\"inLanguage\":\"fr-FR\"},{\"@type\":\"Organization\",\"@id\":\"https:\\\/\\\/www.roadtowc.com\\\/fr\\\/#organization\",\"name\":\"Road to the World Cup\",\"alternateName\":\"Road to the World Cup\",\"url\":\"https:\\\/\\\/www.roadtowc.com\\\/fr\\\/\",\"logo\":{\"@type\":\"ImageObject\",\"inLanguage\":\"fr-FR\",\"@id\":\"https:\\\/\\\/www.roadtowc.com\\\/fr\\\/#\\\/schema\\\/logo\\\/image\\\/\",\"url\":\"https:\\\/\\\/www.roadtowc.com\\\/wp-content\\\/uploads\\\/2024\\\/07\\\/New-Logo-head.png\",\"contentUrl\":\"https:\\\/\\\/www.roadtowc.com\\\/wp-content\\\/uploads\\\/2024\\\/07\\\/New-Logo-head.png\",\"width\":1228,\"height\":1037,\"caption\":\"Road to the World Cup\"},\"image\":{\"@id\":\"https:\\\/\\\/www.roadtowc.com\\\/fr\\\/#\\\/schema\\\/logo\\\/image\\\/\"},\"sameAs\":[\"https:\\\/\\\/x.com\\\/roadtowc\"]},{\"@type\":\"Person\",\"@id\":\"https:\\\/\\\/www.roadtowc.com\\\/fr\\\/#\\\/schema\\\/person\\\/e027536b8c7766a032254f303dcd7bba\",\"name\":\"hjfraind\",\"image\":{\"@type\":\"ImageObject\",\"inLanguage\":\"fr-FR\",\"@id\":\"https:\\\/\\\/secure.gravatar.com\\\/avatar\\\/bacbd4bf5f8418d0b903099430d35c7b7e630f7280cfd5f56ba26a6170010cd4?s=96&d=mm&r=g\",\"url\":\"https:\\\/\\\/secure.gravatar.com\\\/avatar\\\/bacbd4bf5f8418d0b903099430d35c7b7e630f7280cfd5f56ba26a6170010cd4?s=96&d=mm&r=g\",\"contentUrl\":\"https:\\\/\\\/secure.gravatar.com\\\/avatar\\\/bacbd4bf5f8418d0b903099430d35c7b7e630f7280cfd5f56ba26a6170010cd4?s=96&d=mm&r=g\",\"caption\":\"hjfraind\"},\"sameAs\":[\"http:\\\/\\\/www.roadtowc.com\"],\"url\":\"https:\\\/\\\/www.roadtowc.com\\\/fr\\\/author\\\/hjfraind\\\/\"}]}<\/script>\n<!-- \/ Yoast SEO plugin. -->","yoast_head_json":{"title":"La Croatie au Mondial 2026 : les Vatreni en qu\u00eate d'une derni\u00e8re danse - Road to the World Cup","description":"La Croatie se qualifie directement pour le Mondial 2026, probablement le dernier tournoi pour la g\u00e9n\u00e9ration dor\u00e9e de Modri\u0107 et Kova\u010di\u0107. Les Vatreni veulent partir en beaut\u00e9.","robots":{"index":"index","follow":"follow","max-snippet":"max-snippet:-1","max-image-preview":"max-image-preview:large","max-video-preview":"max-video-preview:-1"},"canonical":"https:\/\/www.roadtowc.com\/fr\/croatie-coupe-du-monde-2026-2\/","og_locale":"fr_FR","og_type":"article","og_title":"La Croatie au Mondial 2026 : les Vatreni en qu\u00eate d'une derni\u00e8re danse - Road to the World Cup","og_description":"La Croatie se qualifie directement pour le Mondial 2026, probablement le dernier tournoi pour la g\u00e9n\u00e9ration dor\u00e9e de Modri\u0107 et Kova\u010di\u0107. Les Vatreni veulent partir en beaut\u00e9.","og_url":"https:\/\/www.roadtowc.com\/fr\/croatie-coupe-du-monde-2026-2\/","og_site_name":"Road to the World Cup","article_published_time":"2026-05-01T19:43:12+00:00","article_modified_time":"2026-05-01T19:57:04+00:00","og_image":[{"width":640,"height":320,"url":"https:\/\/www.roadtowc.com\/wp-content\/uploads\/2026\/05\/croatia-2026-world-cup-flag-1.png","type":"image\/png"}],"author":"hjfraind","twitter_card":"summary_large_image","twitter_creator":"@roadtowc","twitter_site":"@roadtowc","twitter_misc":{"\u00c9crit par":"hjfraind","Dur\u00e9e de lecture estim\u00e9e":"1 minute"},"schema":{"@context":"https:\/\/schema.org","@graph":[{"@type":"Article","@id":"https:\/\/www.roadtowc.com\/fr\/croatie-coupe-du-monde-2026-2\/#article","isPartOf":{"@id":"https:\/\/www.roadtowc.com\/fr\/croatie-coupe-du-monde-2026-2\/"},"author":{"name":"hjfraind","@id":"https:\/\/www.roadtowc.com\/fr\/#\/schema\/person\/e027536b8c7766a032254f303dcd7bba"},"headline":"La Croatie au Mondial 2026 : les Vatreni en qu\u00eate d&rsquo;une derni\u00e8re danse","datePublished":"2026-05-01T19:43:12+00:00","dateModified":"2026-05-01T19:57:04+00:00","mainEntityOfPage":{"@id":"https:\/\/www.roadtowc.com\/fr\/croatie-coupe-du-monde-2026-2\/"},"wordCount":306,"publisher":{"@id":"https:\/\/www.roadtowc.com\/fr\/#organization"},"image":{"@id":"https:\/\/www.roadtowc.com\/fr\/croatie-coupe-du-monde-2026-2\/#primaryimage"},"thumbnailUrl":"https:\/\/www.roadtowc.com\/wp-content\/uploads\/2026\/05\/croatia-2026-world-cup-flag-1.png","articleSection":["Des nouvelles"],"inLanguage":"fr-FR"},{"@type":"WebPage","@id":"https:\/\/www.roadtowc.com\/fr\/croatie-coupe-du-monde-2026-2\/","url":"https:\/\/www.roadtowc.com\/fr\/croatie-coupe-du-monde-2026-2\/","name":"La Croatie au Mondial 2026 : les Vatreni en qu\u00eate d'une derni\u00e8re danse - Road to the World Cup","isPartOf":{"@id":"https:\/\/www.roadtowc.com\/fr\/#website"},"primaryImageOfPage":{"@id":"https:\/\/www.roadtowc.com\/fr\/croatie-coupe-du-monde-2026-2\/#primaryimage"},"image":{"@id":"https:\/\/www.roadtowc.com\/fr\/croatie-coupe-du-monde-2026-2\/#primaryimage"},"thumbnailUrl":"https:\/\/www.roadtowc.com\/wp-content\/uploads\/2026\/05\/croatia-2026-world-cup-flag-1.png","datePublished":"2026-05-01T19:43:12+00:00","dateModified":"2026-05-01T19:57:04+00:00","description":"La Croatie se qualifie directement pour le Mondial 2026, probablement le dernier tournoi pour la g\u00e9n\u00e9ration dor\u00e9e de Modri\u0107 et Kova\u010di\u0107. Les Vatreni veulent partir en beaut\u00e9.","breadcrumb":{"@id":"https:\/\/www.roadtowc.com\/fr\/croatie-coupe-du-monde-2026-2\/#breadcrumb"},"inLanguage":"fr-FR","potentialAction":[{"@type":"ReadAction","target":["https:\/\/www.roadtowc.com\/fr\/croatie-coupe-du-monde-2026-2\/"]}]},{"@type":"ImageObject","inLanguage":"fr-FR","@id":"https:\/\/www.roadtowc.com\/fr\/croatie-coupe-du-monde-2026-2\/#primaryimage","url":"https:\/\/www.roadtowc.com\/wp-content\/uploads\/2026\/05\/croatia-2026-world-cup-flag-1.png","contentUrl":"https:\/\/www.roadtowc.com\/wp-content\/uploads\/2026\/05\/croatia-2026-world-cup-flag-1.png","width":640,"height":320,"caption":"Croatia at the 2026 World Cup: The Vatreni's Quest for One Last Dance flag"},{"@type":"BreadcrumbList","@id":"https:\/\/www.roadtowc.com\/fr\/croatie-coupe-du-monde-2026-2\/#breadcrumb","itemListElement":[{"@type":"ListItem","position":1,"name":"Home","item":"https:\/\/www.roadtowc.com\/fr\/"},{"@type":"ListItem","position":2,"name":"La Croatie au Mondial 2026 : les Vatreni en qu\u00eate d&#8217;une derni\u00e8re danse"}]},{"@type":"WebSite","@id":"https:\/\/www.roadtowc.com\/fr\/#website","url":"https:\/\/www.roadtowc.com\/fr\/","name":"Road to the World Cup","description":"Votre guide ultime de la Coupe du Monde de la FIFA 2026 : actualit\u00e9s, informations sur les billets, stades et plus encore, avec une couverture compl\u00e8te \u00e0 l\u2019approche du tournoi aux \u00c9tats-Unis, au Mexique et au Canada.","publisher":{"@id":"https:\/\/www.roadtowc.com\/fr\/#organization"},"alternateName":"Road to the World Cup","potentialAction":[{"@type":"SearchAction","target":{"@type":"EntryPoint","urlTemplate":"https:\/\/www.roadtowc.com\/fr\/?s={search_term_string}"},"query-input":{"@type":"PropertyValueSpecification","valueRequired":true,"valueName":"search_term_string"}}],"inLanguage":"fr-FR"},{"@type":"Organization","@id":"https:\/\/www.roadtowc.com\/fr\/#organization","name":"Road to the World Cup","alternateName":"Road to the World Cup","url":"https:\/\/www.roadtowc.com\/fr\/","logo":{"@type":"ImageObject","inLanguage":"fr-FR","@id":"https:\/\/www.roadtowc.com\/fr\/#\/schema\/logo\/image\/","url":"https:\/\/www.roadtowc.com\/wp-content\/uploads\/2024\/07\/New-Logo-head.png","contentUrl":"https:\/\/www.roadtowc.com\/wp-content\/uploads\/2024\/07\/New-Logo-head.png","width":1228,"height":1037,"caption":"Road to the World Cup"},"image":{"@id":"https:\/\/www.roadtowc.com\/fr\/#\/schema\/logo\/image\/"},"sameAs":["https:\/\/x.com\/roadtowc"]},{"@type":"Person","@id":"https:\/\/www.roadtowc.com\/fr\/#\/schema\/person\/e027536b8c7766a032254f303dcd7bba","name":"hjfraind","image":{"@type":"ImageObject","inLanguage":"fr-FR","@id":"https:\/\/secure.gravatar.com\/avatar\/bacbd4bf5f8418d0b903099430d35c7b7e630f7280cfd5f56ba26a6170010cd4?s=96&d=mm&r=g","url":"https:\/\/secure.gravatar.com\/avatar\/bacbd4bf5f8418d0b903099430d35c7b7e630f7280cfd5f56ba26a6170010cd4?s=96&d=mm&r=g","contentUrl":"https:\/\/secure.gravatar.com\/avatar\/bacbd4bf5f8418d0b903099430d35c7b7e630f7280cfd5f56ba26a6170010cd4?s=96&d=mm&r=g","caption":"hjfraind"},"sameAs":["http:\/\/www.roadtowc.com"],"url":"https:\/\/www.roadtowc.com\/fr\/author\/hjfraind\/"}]}},"_links":{"self":[{"href":"https:\/\/www.roadtowc.com\/fr\/wp-json\/wp\/v2\/posts\/12045","targetHints":{"allow":["GET"]}}],"collection":[{"href":"https:\/\/www.roadtowc.com\/fr\/wp-json\/wp\/v2\/posts"}],"about":[{"href":"https:\/\/www.roadtowc.com\/fr\/wp-json\/wp\/v2\/types\/post"}],"author":[{"embeddable":true,"href":"https:\/\/www.roadtowc.com\/fr\/wp-json\/wp\/v2\/users\/1"}],"replies":[{"embeddable":true,"href":"https:\/\/www.roadtowc.com\/fr\/wp-json\/wp\/v2\/comments?post=12045"}],"version-history":[{"count":1,"href":"https:\/\/www.roadtowc.com\/fr\/wp-json\/wp\/v2\/posts\/12045\/revisions"}],"predecessor-version":[{"id":12135,"href":"https:\/\/www.roadtowc.com\/fr\/wp-json\/wp\/v2\/posts\/12045\/revisions\/12135"}],"wp:featuredmedia":[{"embeddable":true,"href":"https:\/\/www.roadtowc.com\/fr\/wp-json\/wp\/v2\/media\/12380"}],"wp:attachment":[{"href":"https:\/\/www.roadtowc.com\/fr\/wp-json\/wp\/v2\/media?parent=12045"}],"wp:term":[{"taxonomy":"category","embeddable":true,"href":"https:\/\/www.roadtowc.com\/fr\/wp-json\/wp\/v2\/categories?post=12045"},{"taxonomy":"post_tag","embeddable":true,"href":"https:\/\/www.roadtowc.com\/fr\/wp-json\/wp\/v2\/tags?post=12045"}],"curies":[{"name":"wp","href":"https:\/\/api.w.org\/{rel}","templated":true}]}}