{"id":1332,"date":"2024-08-31T09:21:13","date_gmt":"2024-08-31T13:21:13","guid":{"rendered":"https:\/\/www.roadtowc.com\/liste-des-joueurs-convoques-pour-lequipe-nationale-colombienne-de-football-pour-les-eliminatoires-sud-americaines-de-la-coupe-du-monde-2026\/"},"modified":"2024-09-03T11:34:12","modified_gmt":"2024-09-03T15:34:12","slug":"liste-des-joueurs-convoques-pour-lequipe-nationale-colombienne-de-football-pour-les-eliminatoires-sud-americaines-de-la-coupe-du-monde-2026","status":"publish","type":"post","link":"https:\/\/www.roadtowc.com\/fr\/liste-des-joueurs-convoques-pour-lequipe-nationale-colombienne-de-football-pour-les-eliminatoires-sud-americaines-de-la-coupe-du-monde-2026\/","title":{"rendered":"Liste des joueurs convoqu\u00e9s pour l&rsquo;\u00e9quipe nationale colombienne de football pour les \u00e9liminatoires sud-am\u00e9ricaines de la Coupe du Monde 2026"},"content":{"rendered":"<p>Avec leur r\u00e9cente place de vice-champions lors de la Copa Am\u00e9rica 2024, l&rsquo;\u00e9quipe de Colombie a montr\u00e9 une image renouvel\u00e9e. Malgr\u00e9 cet accomplissement, certains joueurs cl\u00e9s ont \u00e9t\u00e9 exclus de la liste de N\u00e9stor Lorenzo en raison de blessures, en vue des \u00e9liminatoires sud-am\u00e9ricaines pour la Coupe du Monde 2026.<\/p>\n<p>Actuellement, la Colombie occupe la troisi\u00e8me place du classement des \u00c9liminatoires Sud-Am\u00e9ricaines, avec 12 points. L&rsquo;\u00e9quipe se pr\u00e9pare \u00e0 affronter le P\u00e9rou le 6 septembre au stade national de Lima, et l&rsquo;Argentine le 10 septembre \u00e0 Barranquilla, pour les 7e et 8e journ\u00e9es des \u00e9liminatoires.<\/p>\n<p>Les joueurs colombiens qui ont \u00e9t\u00e9 d\u00e9terminants lors de la Copa Am\u00e9rica 2024, mais qui ne seront pas pr\u00e9sents pour ces matchs en raison de blessures, incluent D\u00e1vison S\u00e1nchez (Galatasaray), Miguel Borja (River Plate) et David Ospina (Al-Nassr).<\/p>\n<p>D&rsquo;autre part, l&rsquo;\u00e9quipe, qui a vu James Rodr\u00edguez et Luis D\u00edaz briller lors de la Copa Am\u00e9rica, pourra compter sur leur pr\u00e9sence pour ces rencontres cruciales, ainsi que sur Juan Cabal, Juan Camilo Hern\u00e1ndez &lsquo;El Cucho&rsquo;, Yerson Mosquera, et le jeune gardien Kevin Mier, qui a r\u00e9cemment men\u00e9 Cruz Azul de la Liga MX \u00e0 la finale du Clausura 2024.<\/p>\n<h2>Joueurs convoqu\u00e9s pour l&rsquo;\u00e9quipe de Colombie pour les \u00c9liminatoires Sud-Am\u00e9ricaines de la Coupe du Monde 2026<\/h2>\n<p>&#8211; \u00c1lvaro Montero \u2013 Millonarios FC (COL)<br \/>\n&#8211; Camilo Vargas \u2013 Atlas F.C. (MEX)<br \/>\n&#8211; Carlos Cuesta \u2013 K.R.C. Genk (BEL)<br \/>\n&#8211; Cristian Borja \u2013 Club Am\u00e9rica (MEX)<br \/>\n&#8211; Daniel Mu\u00f1oz \u2013 Crystal Palace F.C. (ENG)<br \/>\n&#8211; James Rodr\u00edguez \u2013 Rayo Vallecano (ESP)<br \/>\n&#8211; Jefferson Lerma \u2013 Crystal Palace F.C. (ENG)<br \/>\n&#8211; Jhon Arias \u2013 Fluminense (BRA)<br \/>\n&#8211; Jhon C\u00f3rdoba \u2013 F.C. Krasnodar (RUS)<br \/>\n&#8211; Jhon J\u00e1der Dur\u00e1n \u2013 Aston Villa (ENG)<br \/>\n&#8211; Jhon Lucum\u00ed \u2013 Bologna F.C. (ITA)<br \/>\n&#8211; Jhon Sol\u00eds \u2013 Girona F.C. (ESP)<br \/>\n&#8211; Johan Mojica \u2013 R.C.D. Mallorca (ESP)<br \/>\n&#8211; Juan Camilo Hern\u00e1ndez \u2013 Columbus Crew (USA)<br \/>\n&#8211; Juan David Cabal \u2013 Juventus (ITA)<br \/>\n&#8211; Juan Fernando Quintero \u2013 Racing Club (ARG)<br \/>\n&#8211; Kevin Casta\u00f1o \u2013 F.C. Krasnodar (RUS)<br \/>\n&#8211; Kevin Mier \u2013 Cruz Azul (MEX)<br \/>\n&#8211; Luis D\u00edaz \u2013 Liverpool F.C. (ENG)<br \/>\n&#8211; Luis Sinisterra \u2013 A.F.C. Bournemouth (ENG)<br \/>\n&#8211; Rafael Santos Borr\u00e9 \u2013 Internacional (BRA)<br \/>\n&#8211; Richard R\u00edos \u2013 Palmeiras (BRA)<br \/>\n&#8211; Santiago Arias \u2013 E.C. Bah\u00eda (BRA)<br \/>\n&#8211; Y\u00e1ser Asprilla \u2013 Girona (ESP)<br \/>\n&#8211; Yerry Mina \u2013 Cagliari Calcio (ITA)<br \/>\n&#8211; Yerson Mosquera \u2013 Wolverhampton Wanderers (ENG)<\/p>\n<h2>Dates et horaires des matchs de l&rsquo;\u00e9quipe de Colombie pour les \u00c9liminatoires de la Coupe du Monde 2026 :<\/h2>\n<h3>Vendredi 6 septembre<\/h3>\n<p>&#8211; P\u00e9rou vs Colombie<br \/>\n&#8211; Heure : 22h30 (COL)<br \/>\n&#8211; Lieu : Stade National, Lima<\/p>\n<p>Mardi 10 septembre<br \/>\n&#8211; Colombie vs Argentine<br \/>\n&#8211; Heure : 15h30 (COL)<br \/>\n&#8211; Lieu : Stade Metropolitano, Barranquilla<\/p>\n<p><b>Note :<\/b> En Argentine, l&rsquo;heure est deux heures en avance par rapport \u00e0 la Colombie, tandis qu&rsquo;au Mexique, il est une heure plus t\u00f4t.<\/p>\n","protected":false},"excerpt":{"rendered":"<p>Avec leur r\u00e9cente place de vice-champions lors de la Copa Am\u00e9rica 2024, l&rsquo;\u00e9quipe de Colombie a montr\u00e9 une image renouvel\u00e9e.<\/p>\n","protected":false},"author":1,"featured_media":1241,"comment_status":"closed","ping_status":"closed","sticky":false,"template":"","format":"standard","meta":{"footnotes":""},"categories":[24],"tags":[],"class_list":["post-1332","post","type-post","status-publish","format-standard","has-post-thumbnail","hentry","category-nouvelles"],"yoast_head":"<!-- This site is optimized with the Yoast SEO plugin v27.5 - https:\/\/yoast.com\/product\/yoast-seo-wordpress\/ -->\n<title>Liste des joueurs convoqu\u00e9s pour l&#039;\u00e9quipe nationale colombienne de football pour les \u00e9liminatoires sud-am\u00e9ricaines de la Coupe du Monde 2026 - Road to the World Cup<\/title>\n<meta name=\"robots\" content=\"index, follow, max-snippet:-1, max-image-preview:large, max-video-preview:-1\" \/>\n<link rel=\"canonical\" href=\"https:\/\/www.roadtowc.com\/fr\/liste-des-joueurs-convoques-pour-lequipe-nationale-colombienne-de-football-pour-les-eliminatoires-sud-americaines-de-la-coupe-du-monde-2026\/\" \/>\n<meta property=\"og:locale\" content=\"fr_FR\" \/>\n<meta property=\"og:type\" content=\"article\" \/>\n<meta property=\"og:title\" content=\"Liste des joueurs convoqu\u00e9s pour l&#039;\u00e9quipe nationale colombienne de football pour les \u00e9liminatoires sud-am\u00e9ricaines de la Coupe du Monde 2026 - Road to the World Cup\" \/>\n<meta property=\"og:description\" content=\"Avec leur r\u00e9cente place de vice-champions lors de la Copa Am\u00e9rica 2024, l&rsquo;\u00e9quipe de Colombie a montr\u00e9 une image renouvel\u00e9e.\" \/>\n<meta property=\"og:url\" content=\"https:\/\/www.roadtowc.com\/fr\/liste-des-joueurs-convoques-pour-lequipe-nationale-colombienne-de-football-pour-les-eliminatoires-sud-americaines-de-la-coupe-du-monde-2026\/\" \/>\n<meta property=\"og:site_name\" content=\"Road to the World Cup\" \/>\n<meta property=\"article:published_time\" content=\"2024-08-31T13:21:13+00:00\" \/>\n<meta property=\"article:modified_time\" content=\"2024-09-03T15:34:12+00:00\" \/>\n<meta property=\"og:image\" content=\"https:\/\/www.roadtowc.com\/wp-content\/uploads\/2024\/08\/colombia-convocatoria.jpg\" \/>\n\t<meta property=\"og:image:width\" content=\"1440\" \/>\n\t<meta property=\"og:image:height\" content=\"1800\" \/>\n\t<meta property=\"og:image:type\" content=\"image\/jpeg\" \/>\n<meta name=\"author\" content=\"hjfraind\" \/>\n<meta name=\"twitter:card\" content=\"summary_large_image\" \/>\n<meta name=\"twitter:creator\" content=\"@roadtowc\" \/>\n<meta name=\"twitter:site\" content=\"@roadtowc\" \/>\n<meta name=\"twitter:label1\" content=\"\u00c9crit par\" \/>\n\t<meta name=\"twitter:data1\" content=\"hjfraind\" \/>\n\t<meta name=\"twitter:label2\" content=\"Dur\u00e9e de lecture estim\u00e9e\" \/>\n\t<meta name=\"twitter:data2\" content=\"2 minutes\" \/>\n<script type=\"application\/ld+json\" class=\"yoast-schema-graph\">{\"@context\":\"https:\\\/\\\/schema.org\",\"@graph\":[{\"@type\":\"Article\",\"@id\":\"https:\\\/\\\/www.roadtowc.com\\\/fr\\\/liste-des-joueurs-convoques-pour-lequipe-nationale-colombienne-de-football-pour-les-eliminatoires-sud-americaines-de-la-coupe-du-monde-2026\\\/#article\",\"isPartOf\":{\"@id\":\"https:\\\/\\\/www.roadtowc.com\\\/fr\\\/liste-des-joueurs-convoques-pour-lequipe-nationale-colombienne-de-football-pour-les-eliminatoires-sud-americaines-de-la-coupe-du-monde-2026\\\/\"},\"author\":{\"name\":\"hjfraind\",\"@id\":\"https:\\\/\\\/www.roadtowc.com\\\/fr\\\/#\\\/schema\\\/person\\\/e027536b8c7766a032254f303dcd7bba\"},\"headline\":\"Liste des joueurs convoqu\u00e9s pour l&rsquo;\u00e9quipe nationale colombienne de football pour les \u00e9liminatoires sud-am\u00e9ricaines de la Coupe du Monde 2026\",\"datePublished\":\"2024-08-31T13:21:13+00:00\",\"dateModified\":\"2024-09-03T15:34:12+00:00\",\"mainEntityOfPage\":{\"@id\":\"https:\\\/\\\/www.roadtowc.com\\\/fr\\\/liste-des-joueurs-convoques-pour-lequipe-nationale-colombienne-de-football-pour-les-eliminatoires-sud-americaines-de-la-coupe-du-monde-2026\\\/\"},\"wordCount\":510,\"publisher\":{\"@id\":\"https:\\\/\\\/www.roadtowc.com\\\/fr\\\/#organization\"},\"image\":{\"@id\":\"https:\\\/\\\/www.roadtowc.com\\\/fr\\\/liste-des-joueurs-convoques-pour-lequipe-nationale-colombienne-de-football-pour-les-eliminatoires-sud-americaines-de-la-coupe-du-monde-2026\\\/#primaryimage\"},\"thumbnailUrl\":\"https:\\\/\\\/www.roadtowc.com\\\/wp-content\\\/uploads\\\/2024\\\/08\\\/colombia-convocatoria.jpg\",\"articleSection\":[\"Des nouvelles\"],\"inLanguage\":\"fr-FR\"},{\"@type\":\"WebPage\",\"@id\":\"https:\\\/\\\/www.roadtowc.com\\\/fr\\\/liste-des-joueurs-convoques-pour-lequipe-nationale-colombienne-de-football-pour-les-eliminatoires-sud-americaines-de-la-coupe-du-monde-2026\\\/\",\"url\":\"https:\\\/\\\/www.roadtowc.com\\\/fr\\\/liste-des-joueurs-convoques-pour-lequipe-nationale-colombienne-de-football-pour-les-eliminatoires-sud-americaines-de-la-coupe-du-monde-2026\\\/\",\"name\":\"Liste des joueurs convoqu\u00e9s pour l'\u00e9quipe nationale colombienne de football pour les \u00e9liminatoires sud-am\u00e9ricaines de la Coupe du Monde 2026 - Road to the World Cup\",\"isPartOf\":{\"@id\":\"https:\\\/\\\/www.roadtowc.com\\\/fr\\\/#website\"},\"primaryImageOfPage\":{\"@id\":\"https:\\\/\\\/www.roadtowc.com\\\/fr\\\/liste-des-joueurs-convoques-pour-lequipe-nationale-colombienne-de-football-pour-les-eliminatoires-sud-americaines-de-la-coupe-du-monde-2026\\\/#primaryimage\"},\"image\":{\"@id\":\"https:\\\/\\\/www.roadtowc.com\\\/fr\\\/liste-des-joueurs-convoques-pour-lequipe-nationale-colombienne-de-football-pour-les-eliminatoires-sud-americaines-de-la-coupe-du-monde-2026\\\/#primaryimage\"},\"thumbnailUrl\":\"https:\\\/\\\/www.roadtowc.com\\\/wp-content\\\/uploads\\\/2024\\\/08\\\/colombia-convocatoria.jpg\",\"datePublished\":\"2024-08-31T13:21:13+00:00\",\"dateModified\":\"2024-09-03T15:34:12+00:00\",\"breadcrumb\":{\"@id\":\"https:\\\/\\\/www.roadtowc.com\\\/fr\\\/liste-des-joueurs-convoques-pour-lequipe-nationale-colombienne-de-football-pour-les-eliminatoires-sud-americaines-de-la-coupe-du-monde-2026\\\/#breadcrumb\"},\"inLanguage\":\"fr-FR\",\"potentialAction\":[{\"@type\":\"ReadAction\",\"target\":[\"https:\\\/\\\/www.roadtowc.com\\\/fr\\\/liste-des-joueurs-convoques-pour-lequipe-nationale-colombienne-de-football-pour-les-eliminatoires-sud-americaines-de-la-coupe-du-monde-2026\\\/\"]}]},{\"@type\":\"ImageObject\",\"inLanguage\":\"fr-FR\",\"@id\":\"https:\\\/\\\/www.roadtowc.com\\\/fr\\\/liste-des-joueurs-convoques-pour-lequipe-nationale-colombienne-de-football-pour-les-eliminatoires-sud-americaines-de-la-coupe-du-monde-2026\\\/#primaryimage\",\"url\":\"https:\\\/\\\/www.roadtowc.com\\\/wp-content\\\/uploads\\\/2024\\\/08\\\/colombia-convocatoria.jpg\",\"contentUrl\":\"https:\\\/\\\/www.roadtowc.com\\\/wp-content\\\/uploads\\\/2024\\\/08\\\/colombia-convocatoria.jpg\",\"width\":1440,\"height\":1800,\"caption\":\"colombia-convocatoria\"},{\"@type\":\"BreadcrumbList\",\"@id\":\"https:\\\/\\\/www.roadtowc.com\\\/fr\\\/liste-des-joueurs-convoques-pour-lequipe-nationale-colombienne-de-football-pour-les-eliminatoires-sud-americaines-de-la-coupe-du-monde-2026\\\/#breadcrumb\",\"itemListElement\":[{\"@type\":\"ListItem\",\"position\":1,\"name\":\"Home\",\"item\":\"https:\\\/\\\/www.roadtowc.com\\\/fr\\\/\"},{\"@type\":\"ListItem\",\"position\":2,\"name\":\"Liste des joueurs convoqu\u00e9s pour l&rsquo;\u00e9quipe nationale colombienne de football pour les \u00e9liminatoires sud-am\u00e9ricaines de la Coupe du Monde 2026\"}]},{\"@type\":\"WebSite\",\"@id\":\"https:\\\/\\\/www.roadtowc.com\\\/fr\\\/#website\",\"url\":\"https:\\\/\\\/www.roadtowc.com\\\/fr\\\/\",\"name\":\"Road to the World Cup\",\"description\":\"Votre guide ultime de la Coupe du Monde de la FIFA 2026 : actualit\u00e9s, informations sur les billets, stades et plus encore, avec une couverture compl\u00e8te \u00e0 l\u2019approche du tournoi aux \u00c9tats-Unis, au Mexique et au Canada.\",\"publisher\":{\"@id\":\"https:\\\/\\\/www.roadtowc.com\\\/fr\\\/#organization\"},\"alternateName\":\"Road to the World Cup\",\"potentialAction\":[{\"@type\":\"SearchAction\",\"target\":{\"@type\":\"EntryPoint\",\"urlTemplate\":\"https:\\\/\\\/www.roadtowc.com\\\/fr\\\/?s={search_term_string}\"},\"query-input\":{\"@type\":\"PropertyValueSpecification\",\"valueRequired\":true,\"valueName\":\"search_term_string\"}}],\"inLanguage\":\"fr-FR\"},{\"@type\":\"Organization\",\"@id\":\"https:\\\/\\\/www.roadtowc.com\\\/fr\\\/#organization\",\"name\":\"Road to the World Cup\",\"alternateName\":\"Road to the World Cup\",\"url\":\"https:\\\/\\\/www.roadtowc.com\\\/fr\\\/\",\"logo\":{\"@type\":\"ImageObject\",\"inLanguage\":\"fr-FR\",\"@id\":\"https:\\\/\\\/www.roadtowc.com\\\/fr\\\/#\\\/schema\\\/logo\\\/image\\\/\",\"url\":\"https:\\\/\\\/www.roadtowc.com\\\/wp-content\\\/uploads\\\/2024\\\/07\\\/New-Logo-head.png\",\"contentUrl\":\"https:\\\/\\\/www.roadtowc.com\\\/wp-content\\\/uploads\\\/2024\\\/07\\\/New-Logo-head.png\",\"width\":1228,\"height\":1037,\"caption\":\"Road to the World Cup\"},\"image\":{\"@id\":\"https:\\\/\\\/www.roadtowc.com\\\/fr\\\/#\\\/schema\\\/logo\\\/image\\\/\"},\"sameAs\":[\"https:\\\/\\\/x.com\\\/roadtowc\"]},{\"@type\":\"Person\",\"@id\":\"https:\\\/\\\/www.roadtowc.com\\\/fr\\\/#\\\/schema\\\/person\\\/e027536b8c7766a032254f303dcd7bba\",\"name\":\"hjfraind\",\"image\":{\"@type\":\"ImageObject\",\"inLanguage\":\"fr-FR\",\"@id\":\"https:\\\/\\\/secure.gravatar.com\\\/avatar\\\/bacbd4bf5f8418d0b903099430d35c7b7e630f7280cfd5f56ba26a6170010cd4?s=96&d=mm&r=g\",\"url\":\"https:\\\/\\\/secure.gravatar.com\\\/avatar\\\/bacbd4bf5f8418d0b903099430d35c7b7e630f7280cfd5f56ba26a6170010cd4?s=96&d=mm&r=g\",\"contentUrl\":\"https:\\\/\\\/secure.gravatar.com\\\/avatar\\\/bacbd4bf5f8418d0b903099430d35c7b7e630f7280cfd5f56ba26a6170010cd4?s=96&d=mm&r=g\",\"caption\":\"hjfraind\"},\"sameAs\":[\"http:\\\/\\\/www.roadtowc.com\"],\"url\":\"https:\\\/\\\/www.roadtowc.com\\\/fr\\\/author\\\/hjfraind\\\/\"}]}<\/script>\n<!-- \/ Yoast SEO plugin. -->","yoast_head_json":{"title":"Liste des joueurs convoqu\u00e9s pour l'\u00e9quipe nationale colombienne de football pour les \u00e9liminatoires sud-am\u00e9ricaines de la Coupe du Monde 2026 - Road to the World Cup","robots":{"index":"index","follow":"follow","max-snippet":"max-snippet:-1","max-image-preview":"max-image-preview:large","max-video-preview":"max-video-preview:-1"},"canonical":"https:\/\/www.roadtowc.com\/fr\/liste-des-joueurs-convoques-pour-lequipe-nationale-colombienne-de-football-pour-les-eliminatoires-sud-americaines-de-la-coupe-du-monde-2026\/","og_locale":"fr_FR","og_type":"article","og_title":"Liste des joueurs convoqu\u00e9s pour l'\u00e9quipe nationale colombienne de football pour les \u00e9liminatoires sud-am\u00e9ricaines de la Coupe du Monde 2026 - Road to the World Cup","og_description":"Avec leur r\u00e9cente place de vice-champions lors de la Copa Am\u00e9rica 2024, l&rsquo;\u00e9quipe de Colombie a montr\u00e9 une image renouvel\u00e9e.","og_url":"https:\/\/www.roadtowc.com\/fr\/liste-des-joueurs-convoques-pour-lequipe-nationale-colombienne-de-football-pour-les-eliminatoires-sud-americaines-de-la-coupe-du-monde-2026\/","og_site_name":"Road to the World Cup","article_published_time":"2024-08-31T13:21:13+00:00","article_modified_time":"2024-09-03T15:34:12+00:00","og_image":[{"width":1440,"height":1800,"url":"https:\/\/www.roadtowc.com\/wp-content\/uploads\/2024\/08\/colombia-convocatoria.jpg","type":"image\/jpeg"}],"author":"hjfraind","twitter_card":"summary_large_image","twitter_creator":"@roadtowc","twitter_site":"@roadtowc","twitter_misc":{"\u00c9crit par":"hjfraind","Dur\u00e9e de lecture estim\u00e9e":"2 minutes"},"schema":{"@context":"https:\/\/schema.org","@graph":[{"@type":"Article","@id":"https:\/\/www.roadtowc.com\/fr\/liste-des-joueurs-convoques-pour-lequipe-nationale-colombienne-de-football-pour-les-eliminatoires-sud-americaines-de-la-coupe-du-monde-2026\/#article","isPartOf":{"@id":"https:\/\/www.roadtowc.com\/fr\/liste-des-joueurs-convoques-pour-lequipe-nationale-colombienne-de-football-pour-les-eliminatoires-sud-americaines-de-la-coupe-du-monde-2026\/"},"author":{"name":"hjfraind","@id":"https:\/\/www.roadtowc.com\/fr\/#\/schema\/person\/e027536b8c7766a032254f303dcd7bba"},"headline":"Liste des joueurs convoqu\u00e9s pour l&rsquo;\u00e9quipe nationale colombienne de football pour les \u00e9liminatoires sud-am\u00e9ricaines de la Coupe du Monde 2026","datePublished":"2024-08-31T13:21:13+00:00","dateModified":"2024-09-03T15:34:12+00:00","mainEntityOfPage":{"@id":"https:\/\/www.roadtowc.com\/fr\/liste-des-joueurs-convoques-pour-lequipe-nationale-colombienne-de-football-pour-les-eliminatoires-sud-americaines-de-la-coupe-du-monde-2026\/"},"wordCount":510,"publisher":{"@id":"https:\/\/www.roadtowc.com\/fr\/#organization"},"image":{"@id":"https:\/\/www.roadtowc.com\/fr\/liste-des-joueurs-convoques-pour-lequipe-nationale-colombienne-de-football-pour-les-eliminatoires-sud-americaines-de-la-coupe-du-monde-2026\/#primaryimage"},"thumbnailUrl":"https:\/\/www.roadtowc.com\/wp-content\/uploads\/2024\/08\/colombia-convocatoria.jpg","articleSection":["Des nouvelles"],"inLanguage":"fr-FR"},{"@type":"WebPage","@id":"https:\/\/www.roadtowc.com\/fr\/liste-des-joueurs-convoques-pour-lequipe-nationale-colombienne-de-football-pour-les-eliminatoires-sud-americaines-de-la-coupe-du-monde-2026\/","url":"https:\/\/www.roadtowc.com\/fr\/liste-des-joueurs-convoques-pour-lequipe-nationale-colombienne-de-football-pour-les-eliminatoires-sud-americaines-de-la-coupe-du-monde-2026\/","name":"Liste des joueurs convoqu\u00e9s pour l'\u00e9quipe nationale colombienne de football pour les \u00e9liminatoires sud-am\u00e9ricaines de la Coupe du Monde 2026 - Road to the World Cup","isPartOf":{"@id":"https:\/\/www.roadtowc.com\/fr\/#website"},"primaryImageOfPage":{"@id":"https:\/\/www.roadtowc.com\/fr\/liste-des-joueurs-convoques-pour-lequipe-nationale-colombienne-de-football-pour-les-eliminatoires-sud-americaines-de-la-coupe-du-monde-2026\/#primaryimage"},"image":{"@id":"https:\/\/www.roadtowc.com\/fr\/liste-des-joueurs-convoques-pour-lequipe-nationale-colombienne-de-football-pour-les-eliminatoires-sud-americaines-de-la-coupe-du-monde-2026\/#primaryimage"},"thumbnailUrl":"https:\/\/www.roadtowc.com\/wp-content\/uploads\/2024\/08\/colombia-convocatoria.jpg","datePublished":"2024-08-31T13:21:13+00:00","dateModified":"2024-09-03T15:34:12+00:00","breadcrumb":{"@id":"https:\/\/www.roadtowc.com\/fr\/liste-des-joueurs-convoques-pour-lequipe-nationale-colombienne-de-football-pour-les-eliminatoires-sud-americaines-de-la-coupe-du-monde-2026\/#breadcrumb"},"inLanguage":"fr-FR","potentialAction":[{"@type":"ReadAction","target":["https:\/\/www.roadtowc.com\/fr\/liste-des-joueurs-convoques-pour-lequipe-nationale-colombienne-de-football-pour-les-eliminatoires-sud-americaines-de-la-coupe-du-monde-2026\/"]}]},{"@type":"ImageObject","inLanguage":"fr-FR","@id":"https:\/\/www.roadtowc.com\/fr\/liste-des-joueurs-convoques-pour-lequipe-nationale-colombienne-de-football-pour-les-eliminatoires-sud-americaines-de-la-coupe-du-monde-2026\/#primaryimage","url":"https:\/\/www.roadtowc.com\/wp-content\/uploads\/2024\/08\/colombia-convocatoria.jpg","contentUrl":"https:\/\/www.roadtowc.com\/wp-content\/uploads\/2024\/08\/colombia-convocatoria.jpg","width":1440,"height":1800,"caption":"colombia-convocatoria"},{"@type":"BreadcrumbList","@id":"https:\/\/www.roadtowc.com\/fr\/liste-des-joueurs-convoques-pour-lequipe-nationale-colombienne-de-football-pour-les-eliminatoires-sud-americaines-de-la-coupe-du-monde-2026\/#breadcrumb","itemListElement":[{"@type":"ListItem","position":1,"name":"Home","item":"https:\/\/www.roadtowc.com\/fr\/"},{"@type":"ListItem","position":2,"name":"Liste des joueurs convoqu\u00e9s pour l&rsquo;\u00e9quipe nationale colombienne de football pour les \u00e9liminatoires sud-am\u00e9ricaines de la Coupe du Monde 2026"}]},{"@type":"WebSite","@id":"https:\/\/www.roadtowc.com\/fr\/#website","url":"https:\/\/www.roadtowc.com\/fr\/","name":"Road to the World Cup","description":"Votre guide ultime de la Coupe du Monde de la FIFA 2026 : actualit\u00e9s, informations sur les billets, stades et plus encore, avec une couverture compl\u00e8te \u00e0 l\u2019approche du tournoi aux \u00c9tats-Unis, au Mexique et au Canada.","publisher":{"@id":"https:\/\/www.roadtowc.com\/fr\/#organization"},"alternateName":"Road to the World Cup","potentialAction":[{"@type":"SearchAction","target":{"@type":"EntryPoint","urlTemplate":"https:\/\/www.roadtowc.com\/fr\/?s={search_term_string}"},"query-input":{"@type":"PropertyValueSpecification","valueRequired":true,"valueName":"search_term_string"}}],"inLanguage":"fr-FR"},{"@type":"Organization","@id":"https:\/\/www.roadtowc.com\/fr\/#organization","name":"Road to the World Cup","alternateName":"Road to the World Cup","url":"https:\/\/www.roadtowc.com\/fr\/","logo":{"@type":"ImageObject","inLanguage":"fr-FR","@id":"https:\/\/www.roadtowc.com\/fr\/#\/schema\/logo\/image\/","url":"https:\/\/www.roadtowc.com\/wp-content\/uploads\/2024\/07\/New-Logo-head.png","contentUrl":"https:\/\/www.roadtowc.com\/wp-content\/uploads\/2024\/07\/New-Logo-head.png","width":1228,"height":1037,"caption":"Road to the World Cup"},"image":{"@id":"https:\/\/www.roadtowc.com\/fr\/#\/schema\/logo\/image\/"},"sameAs":["https:\/\/x.com\/roadtowc"]},{"@type":"Person","@id":"https:\/\/www.roadtowc.com\/fr\/#\/schema\/person\/e027536b8c7766a032254f303dcd7bba","name":"hjfraind","image":{"@type":"ImageObject","inLanguage":"fr-FR","@id":"https:\/\/secure.gravatar.com\/avatar\/bacbd4bf5f8418d0b903099430d35c7b7e630f7280cfd5f56ba26a6170010cd4?s=96&d=mm&r=g","url":"https:\/\/secure.gravatar.com\/avatar\/bacbd4bf5f8418d0b903099430d35c7b7e630f7280cfd5f56ba26a6170010cd4?s=96&d=mm&r=g","contentUrl":"https:\/\/secure.gravatar.com\/avatar\/bacbd4bf5f8418d0b903099430d35c7b7e630f7280cfd5f56ba26a6170010cd4?s=96&d=mm&r=g","caption":"hjfraind"},"sameAs":["http:\/\/www.roadtowc.com"],"url":"https:\/\/www.roadtowc.com\/fr\/author\/hjfraind\/"}]}},"_links":{"self":[{"href":"https:\/\/www.roadtowc.com\/fr\/wp-json\/wp\/v2\/posts\/1332","targetHints":{"allow":["GET"]}}],"collection":[{"href":"https:\/\/www.roadtowc.com\/fr\/wp-json\/wp\/v2\/posts"}],"about":[{"href":"https:\/\/www.roadtowc.com\/fr\/wp-json\/wp\/v2\/types\/post"}],"author":[{"embeddable":true,"href":"https:\/\/www.roadtowc.com\/fr\/wp-json\/wp\/v2\/users\/1"}],"replies":[{"embeddable":true,"href":"https:\/\/www.roadtowc.com\/fr\/wp-json\/wp\/v2\/comments?post=1332"}],"version-history":[{"count":1,"href":"https:\/\/www.roadtowc.com\/fr\/wp-json\/wp\/v2\/posts\/1332\/revisions"}],"predecessor-version":[{"id":1421,"href":"https:\/\/www.roadtowc.com\/fr\/wp-json\/wp\/v2\/posts\/1332\/revisions\/1421"}],"wp:featuredmedia":[{"embeddable":true,"href":"https:\/\/www.roadtowc.com\/fr\/wp-json\/wp\/v2\/media\/1241"}],"wp:attachment":[{"href":"https:\/\/www.roadtowc.com\/fr\/wp-json\/wp\/v2\/media?parent=1332"}],"wp:term":[{"taxonomy":"category","embeddable":true,"href":"https:\/\/www.roadtowc.com\/fr\/wp-json\/wp\/v2\/categories?post=1332"},{"taxonomy":"post_tag","embeddable":true,"href":"https:\/\/www.roadtowc.com\/fr\/wp-json\/wp\/v2\/tags?post=1332"}],"curies":[{"name":"wp","href":"https:\/\/api.w.org\/{rel}","templated":true}]}}