{"id":1589,"date":"2024-09-05T14:03:16","date_gmt":"2024-09-05T18:03:16","guid":{"rendered":"https:\/\/www.roadtowc.com\/luka-modric-doute-de-sa-participation-a-la-coupe-du-monde-2026-je-ne-sais-pas-dans-quelle-mesure-cest-realiste-a-mon-age\/"},"modified":"2024-09-05T14:03:16","modified_gmt":"2024-09-05T18:03:16","slug":"luka-modric-doute-de-sa-participation-a-la-coupe-du-monde-2026-je-ne-sais-pas-dans-quelle-mesure-cest-realiste-a-mon-age","status":"publish","type":"post","link":"https:\/\/www.roadtowc.com\/fr\/luka-modric-doute-de-sa-participation-a-la-coupe-du-monde-2026-je-ne-sais-pas-dans-quelle-mesure-cest-realiste-a-mon-age\/","title":{"rendered":"Luka Modric doute de sa participation \u00e0 la Coupe du Monde 2026 : \u00ab\u00a0Je ne sais pas dans quelle mesure c&rsquo;est r\u00e9aliste \u00e0 mon \u00e2ge\u00a0\u00bb"},"content":{"rendered":"<p>Luka Modric, le l\u00e9gendaire milieu de terrain du Real Madrid et de l&rsquo;\u00e9quipe nationale de Croatie, a laiss\u00e9 entendre ses doutes quant \u00e0 sa participation \u00e0 la prochaine Coupe du Monde en 2026. Bien qu&rsquo;il reste une figure cl\u00e9 tant pour son club que pour sa s\u00e9lection, le joueur de 38 ans a reconnu que, compte tenu de son \u00e2ge, il n&rsquo;\u00e9tait pas s\u00fbr que ce soit r\u00e9aliste de penser \u00e0 participer \u00e0 cette comp\u00e9tition mondiale.<\/p>\n<h3>Concentr\u00e9 sur la Ligue des Nations<\/h3>\n<p>Lors d&rsquo;une r\u00e9cente conf\u00e9rence de presse, Modric a exprim\u00e9 que son attention actuelle se portait sur la Ligue des Nations de l&rsquo;UEFA, qui commence durant cette tr\u00eave internationale. Modric, qui a \u00e9t\u00e9 un joueur fondamental pour la Croatie depuis ses d\u00e9buts en 2006, a affirm\u00e9 qu&rsquo;il gardait encore l&rsquo;envie de continuer \u00e0 concourir au niveau international, mais qu&rsquo;il n&rsquo;avait pas encore pris de d\u00e9cision d\u00e9finitive quant \u00e0 son avenir pour la Coupe du Monde 2026.<\/p>\n<p>\u00ab\u00a0J&rsquo;aime beaucoup jouer pour mon pays, mais \u00e0 mon \u00e2ge, je ne sais pas dans quelle mesure il est r\u00e9aliste de penser au prochain Mondial. Nous verrons comment je me sens quand le moment viendra\u00a0\u00bb, a d\u00e9clar\u00e9 le milieu de terrain, qui s&rsquo;appr\u00eate \u00e0 f\u00eater ses 39 ans.<\/p>\n<h3>Un cycle glorieux avec la Croatie<\/h3>\n<p>Modric a \u00e9t\u00e9 un pilier de l&rsquo;\u00e9quipe nationale croate pendant pr\u00e8s de deux d\u00e9cennies. Il a \u00e9t\u00e9 une pi\u00e8ce ma\u00eetresse de l&rsquo;\u00e9quipe qui a atteint la finale de la Coupe du Monde 2018 et a aid\u00e9 la Croatie \u00e0 terminer \u00e0 la troisi\u00e8me place au Qatar en 2022. Cependant, apr\u00e8s l&rsquo;\u00e9limination en phase de groupes de l&rsquo;Euro 2024, beaucoup ont sp\u00e9cul\u00e9 que son glorieux parcours avec la s\u00e9lection pourrait toucher \u00e0 sa fin.<\/p>\n<p>Bien que Modric n&rsquo;exclue pas compl\u00e8tement sa participation \u00e0 la Coupe du Monde 2026, il est conscient que cette d\u00e9cision d\u00e9pendra de l&rsquo;\u00e9volution de sa carri\u00e8re et de ses performances au cours des prochaines ann\u00e9es.<\/p>\n<p><em>\u00ab\u00a0Pour l&rsquo;instant, je ne veux pas penser \u00e0 la Coupe du Monde 2026. Il est trop t\u00f4t pour d\u00e9cider. Je me concentre sur ce qui vient maintenant\u00a0\u00bb,<\/em> a conclu Modric, laissant ouverte la possibilit\u00e9 de prendre sa retraite avant la prochaine Coupe du Monde.<\/p>\n<p>Pour l&rsquo;instant, le milieu de terrain se concentrera sur sa contribution au Real Madrid et \u00e0 la Croatie dans les comp\u00e9titions actuelles, et le temps dira si nous verrons Luka Modric lors de sa cinqui\u00e8me Coupe du Monde.<\/p>\n","protected":false},"excerpt":{"rendered":"<p>Luka Modric, le l\u00e9gendaire milieu de terrain du Real Madrid et de l&rsquo;\u00e9quipe nationale de Croatie, a laiss\u00e9 entendre ses<\/p>\n","protected":false},"author":1,"featured_media":1584,"comment_status":"closed","ping_status":"closed","sticky":false,"template":"","format":"standard","meta":{"footnotes":""},"categories":[24],"tags":[],"class_list":["post-1589","post","type-post","status-publish","format-standard","has-post-thumbnail","hentry","category-nouvelles"],"yoast_head":"<!-- This site is optimized with the Yoast SEO plugin v27.5 - https:\/\/yoast.com\/product\/yoast-seo-wordpress\/ -->\n<title>Luka Modric doute de sa participation \u00e0 la Coupe du Monde 2026 : &quot;Je ne sais pas dans quelle mesure c&#039;est r\u00e9aliste \u00e0 mon \u00e2ge&quot; - Road to the World Cup<\/title>\n<meta name=\"description\" content=\"Luka Modric doute de sa participation \u00e0 la Coupe du Monde 2026 en raison de son \u00e2ge, mais reste concentr\u00e9 sur les comp\u00e9titions actuelles.\" \/>\n<meta name=\"robots\" content=\"index, follow, max-snippet:-1, max-image-preview:large, max-video-preview:-1\" \/>\n<link rel=\"canonical\" href=\"https:\/\/www.roadtowc.com\/fr\/luka-modric-doute-de-sa-participation-a-la-coupe-du-monde-2026-je-ne-sais-pas-dans-quelle-mesure-cest-realiste-a-mon-age\/\" \/>\n<meta property=\"og:locale\" content=\"fr_FR\" \/>\n<meta property=\"og:type\" content=\"article\" \/>\n<meta property=\"og:title\" content=\"Luka Modric doute de sa participation \u00e0 la Coupe du Monde 2026 : &quot;Je ne sais pas dans quelle mesure c&#039;est r\u00e9aliste \u00e0 mon \u00e2ge&quot; - Road to the World Cup\" \/>\n<meta property=\"og:description\" content=\"Luka Modric doute de sa participation \u00e0 la Coupe du Monde 2026 en raison de son \u00e2ge, mais reste concentr\u00e9 sur les comp\u00e9titions actuelles.\" \/>\n<meta property=\"og:url\" content=\"https:\/\/www.roadtowc.com\/fr\/luka-modric-doute-de-sa-participation-a-la-coupe-du-monde-2026-je-ne-sais-pas-dans-quelle-mesure-cest-realiste-a-mon-age\/\" \/>\n<meta property=\"og:site_name\" content=\"Road to the World Cup\" \/>\n<meta property=\"article:published_time\" content=\"2024-09-05T18:03:16+00:00\" \/>\n<meta property=\"og:image\" content=\"https:\/\/www.roadtowc.com\/wp-content\/uploads\/2024\/09\/modric.jpeg\" \/>\n\t<meta property=\"og:image:width\" content=\"948\" \/>\n\t<meta property=\"og:image:height\" content=\"465\" \/>\n\t<meta property=\"og:image:type\" content=\"image\/jpeg\" \/>\n<meta name=\"author\" content=\"hjfraind\" \/>\n<meta name=\"twitter:card\" content=\"summary_large_image\" \/>\n<meta name=\"twitter:creator\" content=\"@roadtowc\" \/>\n<meta name=\"twitter:site\" content=\"@roadtowc\" \/>\n<meta name=\"twitter:label1\" content=\"\u00c9crit par\" \/>\n\t<meta name=\"twitter:data1\" content=\"hjfraind\" \/>\n\t<meta name=\"twitter:label2\" content=\"Dur\u00e9e de lecture estim\u00e9e\" \/>\n\t<meta name=\"twitter:data2\" content=\"2 minutes\" \/>\n<script type=\"application\/ld+json\" class=\"yoast-schema-graph\">{\"@context\":\"https:\\\/\\\/schema.org\",\"@graph\":[{\"@type\":\"Article\",\"@id\":\"https:\\\/\\\/www.roadtowc.com\\\/fr\\\/luka-modric-doute-de-sa-participation-a-la-coupe-du-monde-2026-je-ne-sais-pas-dans-quelle-mesure-cest-realiste-a-mon-age\\\/#article\",\"isPartOf\":{\"@id\":\"https:\\\/\\\/www.roadtowc.com\\\/fr\\\/luka-modric-doute-de-sa-participation-a-la-coupe-du-monde-2026-je-ne-sais-pas-dans-quelle-mesure-cest-realiste-a-mon-age\\\/\"},\"author\":{\"name\":\"hjfraind\",\"@id\":\"https:\\\/\\\/www.roadtowc.com\\\/fr\\\/#\\\/schema\\\/person\\\/e027536b8c7766a032254f303dcd7bba\"},\"headline\":\"Luka Modric doute de sa participation \u00e0 la Coupe du Monde 2026 : \u00ab\u00a0Je ne sais pas dans quelle mesure c&rsquo;est r\u00e9aliste \u00e0 mon \u00e2ge\u00a0\u00bb\",\"datePublished\":\"2024-09-05T18:03:16+00:00\",\"mainEntityOfPage\":{\"@id\":\"https:\\\/\\\/www.roadtowc.com\\\/fr\\\/luka-modric-doute-de-sa-participation-a-la-coupe-du-monde-2026-je-ne-sais-pas-dans-quelle-mesure-cest-realiste-a-mon-age\\\/\"},\"wordCount\":451,\"publisher\":{\"@id\":\"https:\\\/\\\/www.roadtowc.com\\\/fr\\\/#organization\"},\"image\":{\"@id\":\"https:\\\/\\\/www.roadtowc.com\\\/fr\\\/luka-modric-doute-de-sa-participation-a-la-coupe-du-monde-2026-je-ne-sais-pas-dans-quelle-mesure-cest-realiste-a-mon-age\\\/#primaryimage\"},\"thumbnailUrl\":\"https:\\\/\\\/www.roadtowc.com\\\/wp-content\\\/uploads\\\/2024\\\/09\\\/modric.jpeg\",\"articleSection\":[\"Des nouvelles\"],\"inLanguage\":\"fr-FR\"},{\"@type\":\"WebPage\",\"@id\":\"https:\\\/\\\/www.roadtowc.com\\\/fr\\\/luka-modric-doute-de-sa-participation-a-la-coupe-du-monde-2026-je-ne-sais-pas-dans-quelle-mesure-cest-realiste-a-mon-age\\\/\",\"url\":\"https:\\\/\\\/www.roadtowc.com\\\/fr\\\/luka-modric-doute-de-sa-participation-a-la-coupe-du-monde-2026-je-ne-sais-pas-dans-quelle-mesure-cest-realiste-a-mon-age\\\/\",\"name\":\"Luka Modric doute de sa participation \u00e0 la Coupe du Monde 2026 : \\\"Je ne sais pas dans quelle mesure c'est r\u00e9aliste \u00e0 mon \u00e2ge\\\" - Road to the World Cup\",\"isPartOf\":{\"@id\":\"https:\\\/\\\/www.roadtowc.com\\\/fr\\\/#website\"},\"primaryImageOfPage\":{\"@id\":\"https:\\\/\\\/www.roadtowc.com\\\/fr\\\/luka-modric-doute-de-sa-participation-a-la-coupe-du-monde-2026-je-ne-sais-pas-dans-quelle-mesure-cest-realiste-a-mon-age\\\/#primaryimage\"},\"image\":{\"@id\":\"https:\\\/\\\/www.roadtowc.com\\\/fr\\\/luka-modric-doute-de-sa-participation-a-la-coupe-du-monde-2026-je-ne-sais-pas-dans-quelle-mesure-cest-realiste-a-mon-age\\\/#primaryimage\"},\"thumbnailUrl\":\"https:\\\/\\\/www.roadtowc.com\\\/wp-content\\\/uploads\\\/2024\\\/09\\\/modric.jpeg\",\"datePublished\":\"2024-09-05T18:03:16+00:00\",\"description\":\"Luka Modric doute de sa participation \u00e0 la Coupe du Monde 2026 en raison de son \u00e2ge, mais reste concentr\u00e9 sur les comp\u00e9titions actuelles.\",\"breadcrumb\":{\"@id\":\"https:\\\/\\\/www.roadtowc.com\\\/fr\\\/luka-modric-doute-de-sa-participation-a-la-coupe-du-monde-2026-je-ne-sais-pas-dans-quelle-mesure-cest-realiste-a-mon-age\\\/#breadcrumb\"},\"inLanguage\":\"fr-FR\",\"potentialAction\":[{\"@type\":\"ReadAction\",\"target\":[\"https:\\\/\\\/www.roadtowc.com\\\/fr\\\/luka-modric-doute-de-sa-participation-a-la-coupe-du-monde-2026-je-ne-sais-pas-dans-quelle-mesure-cest-realiste-a-mon-age\\\/\"]}]},{\"@type\":\"ImageObject\",\"inLanguage\":\"fr-FR\",\"@id\":\"https:\\\/\\\/www.roadtowc.com\\\/fr\\\/luka-modric-doute-de-sa-participation-a-la-coupe-du-monde-2026-je-ne-sais-pas-dans-quelle-mesure-cest-realiste-a-mon-age\\\/#primaryimage\",\"url\":\"https:\\\/\\\/www.roadtowc.com\\\/wp-content\\\/uploads\\\/2024\\\/09\\\/modric.jpeg\",\"contentUrl\":\"https:\\\/\\\/www.roadtowc.com\\\/wp-content\\\/uploads\\\/2024\\\/09\\\/modric.jpeg\",\"width\":948,\"height\":465,\"caption\":\"modric\"},{\"@type\":\"BreadcrumbList\",\"@id\":\"https:\\\/\\\/www.roadtowc.com\\\/fr\\\/luka-modric-doute-de-sa-participation-a-la-coupe-du-monde-2026-je-ne-sais-pas-dans-quelle-mesure-cest-realiste-a-mon-age\\\/#breadcrumb\",\"itemListElement\":[{\"@type\":\"ListItem\",\"position\":1,\"name\":\"Home\",\"item\":\"https:\\\/\\\/www.roadtowc.com\\\/fr\\\/\"},{\"@type\":\"ListItem\",\"position\":2,\"name\":\"Luka Modric doute de sa participation \u00e0 la Coupe du Monde 2026 : \u00ab\u00a0Je ne sais pas dans quelle mesure c&rsquo;est r\u00e9aliste \u00e0 mon \u00e2ge\u00a0\u00bb\"}]},{\"@type\":\"WebSite\",\"@id\":\"https:\\\/\\\/www.roadtowc.com\\\/fr\\\/#website\",\"url\":\"https:\\\/\\\/www.roadtowc.com\\\/fr\\\/\",\"name\":\"Road to the World Cup\",\"description\":\"Votre guide ultime de la Coupe du Monde de la FIFA 2026 : actualit\u00e9s, informations sur les billets, stades et plus encore, avec une couverture compl\u00e8te \u00e0 l\u2019approche du tournoi aux \u00c9tats-Unis, au Mexique et au Canada.\",\"publisher\":{\"@id\":\"https:\\\/\\\/www.roadtowc.com\\\/fr\\\/#organization\"},\"alternateName\":\"Road to the World Cup\",\"potentialAction\":[{\"@type\":\"SearchAction\",\"target\":{\"@type\":\"EntryPoint\",\"urlTemplate\":\"https:\\\/\\\/www.roadtowc.com\\\/fr\\\/?s={search_term_string}\"},\"query-input\":{\"@type\":\"PropertyValueSpecification\",\"valueRequired\":true,\"valueName\":\"search_term_string\"}}],\"inLanguage\":\"fr-FR\"},{\"@type\":\"Organization\",\"@id\":\"https:\\\/\\\/www.roadtowc.com\\\/fr\\\/#organization\",\"name\":\"Road to the World Cup\",\"alternateName\":\"Road to the World Cup\",\"url\":\"https:\\\/\\\/www.roadtowc.com\\\/fr\\\/\",\"logo\":{\"@type\":\"ImageObject\",\"inLanguage\":\"fr-FR\",\"@id\":\"https:\\\/\\\/www.roadtowc.com\\\/fr\\\/#\\\/schema\\\/logo\\\/image\\\/\",\"url\":\"https:\\\/\\\/www.roadtowc.com\\\/wp-content\\\/uploads\\\/2024\\\/07\\\/New-Logo-head.png\",\"contentUrl\":\"https:\\\/\\\/www.roadtowc.com\\\/wp-content\\\/uploads\\\/2024\\\/07\\\/New-Logo-head.png\",\"width\":1228,\"height\":1037,\"caption\":\"Road to the World Cup\"},\"image\":{\"@id\":\"https:\\\/\\\/www.roadtowc.com\\\/fr\\\/#\\\/schema\\\/logo\\\/image\\\/\"},\"sameAs\":[\"https:\\\/\\\/x.com\\\/roadtowc\"]},{\"@type\":\"Person\",\"@id\":\"https:\\\/\\\/www.roadtowc.com\\\/fr\\\/#\\\/schema\\\/person\\\/e027536b8c7766a032254f303dcd7bba\",\"name\":\"hjfraind\",\"image\":{\"@type\":\"ImageObject\",\"inLanguage\":\"fr-FR\",\"@id\":\"https:\\\/\\\/secure.gravatar.com\\\/avatar\\\/bacbd4bf5f8418d0b903099430d35c7b7e630f7280cfd5f56ba26a6170010cd4?s=96&d=mm&r=g\",\"url\":\"https:\\\/\\\/secure.gravatar.com\\\/avatar\\\/bacbd4bf5f8418d0b903099430d35c7b7e630f7280cfd5f56ba26a6170010cd4?s=96&d=mm&r=g\",\"contentUrl\":\"https:\\\/\\\/secure.gravatar.com\\\/avatar\\\/bacbd4bf5f8418d0b903099430d35c7b7e630f7280cfd5f56ba26a6170010cd4?s=96&d=mm&r=g\",\"caption\":\"hjfraind\"},\"sameAs\":[\"http:\\\/\\\/www.roadtowc.com\"],\"url\":\"https:\\\/\\\/www.roadtowc.com\\\/fr\\\/author\\\/hjfraind\\\/\"}]}<\/script>\n<!-- \/ Yoast SEO plugin. -->","yoast_head_json":{"title":"Luka Modric doute de sa participation \u00e0 la Coupe du Monde 2026 : \"Je ne sais pas dans quelle mesure c'est r\u00e9aliste \u00e0 mon \u00e2ge\" - Road to the World Cup","description":"Luka Modric doute de sa participation \u00e0 la Coupe du Monde 2026 en raison de son \u00e2ge, mais reste concentr\u00e9 sur les comp\u00e9titions actuelles.","robots":{"index":"index","follow":"follow","max-snippet":"max-snippet:-1","max-image-preview":"max-image-preview:large","max-video-preview":"max-video-preview:-1"},"canonical":"https:\/\/www.roadtowc.com\/fr\/luka-modric-doute-de-sa-participation-a-la-coupe-du-monde-2026-je-ne-sais-pas-dans-quelle-mesure-cest-realiste-a-mon-age\/","og_locale":"fr_FR","og_type":"article","og_title":"Luka Modric doute de sa participation \u00e0 la Coupe du Monde 2026 : \"Je ne sais pas dans quelle mesure c'est r\u00e9aliste \u00e0 mon \u00e2ge\" - Road to the World Cup","og_description":"Luka Modric doute de sa participation \u00e0 la Coupe du Monde 2026 en raison de son \u00e2ge, mais reste concentr\u00e9 sur les comp\u00e9titions actuelles.","og_url":"https:\/\/www.roadtowc.com\/fr\/luka-modric-doute-de-sa-participation-a-la-coupe-du-monde-2026-je-ne-sais-pas-dans-quelle-mesure-cest-realiste-a-mon-age\/","og_site_name":"Road to the World Cup","article_published_time":"2024-09-05T18:03:16+00:00","og_image":[{"width":948,"height":465,"url":"https:\/\/www.roadtowc.com\/wp-content\/uploads\/2024\/09\/modric.jpeg","type":"image\/jpeg"}],"author":"hjfraind","twitter_card":"summary_large_image","twitter_creator":"@roadtowc","twitter_site":"@roadtowc","twitter_misc":{"\u00c9crit par":"hjfraind","Dur\u00e9e de lecture estim\u00e9e":"2 minutes"},"schema":{"@context":"https:\/\/schema.org","@graph":[{"@type":"Article","@id":"https:\/\/www.roadtowc.com\/fr\/luka-modric-doute-de-sa-participation-a-la-coupe-du-monde-2026-je-ne-sais-pas-dans-quelle-mesure-cest-realiste-a-mon-age\/#article","isPartOf":{"@id":"https:\/\/www.roadtowc.com\/fr\/luka-modric-doute-de-sa-participation-a-la-coupe-du-monde-2026-je-ne-sais-pas-dans-quelle-mesure-cest-realiste-a-mon-age\/"},"author":{"name":"hjfraind","@id":"https:\/\/www.roadtowc.com\/fr\/#\/schema\/person\/e027536b8c7766a032254f303dcd7bba"},"headline":"Luka Modric doute de sa participation \u00e0 la Coupe du Monde 2026 : \u00ab\u00a0Je ne sais pas dans quelle mesure c&rsquo;est r\u00e9aliste \u00e0 mon \u00e2ge\u00a0\u00bb","datePublished":"2024-09-05T18:03:16+00:00","mainEntityOfPage":{"@id":"https:\/\/www.roadtowc.com\/fr\/luka-modric-doute-de-sa-participation-a-la-coupe-du-monde-2026-je-ne-sais-pas-dans-quelle-mesure-cest-realiste-a-mon-age\/"},"wordCount":451,"publisher":{"@id":"https:\/\/www.roadtowc.com\/fr\/#organization"},"image":{"@id":"https:\/\/www.roadtowc.com\/fr\/luka-modric-doute-de-sa-participation-a-la-coupe-du-monde-2026-je-ne-sais-pas-dans-quelle-mesure-cest-realiste-a-mon-age\/#primaryimage"},"thumbnailUrl":"https:\/\/www.roadtowc.com\/wp-content\/uploads\/2024\/09\/modric.jpeg","articleSection":["Des nouvelles"],"inLanguage":"fr-FR"},{"@type":"WebPage","@id":"https:\/\/www.roadtowc.com\/fr\/luka-modric-doute-de-sa-participation-a-la-coupe-du-monde-2026-je-ne-sais-pas-dans-quelle-mesure-cest-realiste-a-mon-age\/","url":"https:\/\/www.roadtowc.com\/fr\/luka-modric-doute-de-sa-participation-a-la-coupe-du-monde-2026-je-ne-sais-pas-dans-quelle-mesure-cest-realiste-a-mon-age\/","name":"Luka Modric doute de sa participation \u00e0 la Coupe du Monde 2026 : \"Je ne sais pas dans quelle mesure c'est r\u00e9aliste \u00e0 mon \u00e2ge\" - Road to the World Cup","isPartOf":{"@id":"https:\/\/www.roadtowc.com\/fr\/#website"},"primaryImageOfPage":{"@id":"https:\/\/www.roadtowc.com\/fr\/luka-modric-doute-de-sa-participation-a-la-coupe-du-monde-2026-je-ne-sais-pas-dans-quelle-mesure-cest-realiste-a-mon-age\/#primaryimage"},"image":{"@id":"https:\/\/www.roadtowc.com\/fr\/luka-modric-doute-de-sa-participation-a-la-coupe-du-monde-2026-je-ne-sais-pas-dans-quelle-mesure-cest-realiste-a-mon-age\/#primaryimage"},"thumbnailUrl":"https:\/\/www.roadtowc.com\/wp-content\/uploads\/2024\/09\/modric.jpeg","datePublished":"2024-09-05T18:03:16+00:00","description":"Luka Modric doute de sa participation \u00e0 la Coupe du Monde 2026 en raison de son \u00e2ge, mais reste concentr\u00e9 sur les comp\u00e9titions actuelles.","breadcrumb":{"@id":"https:\/\/www.roadtowc.com\/fr\/luka-modric-doute-de-sa-participation-a-la-coupe-du-monde-2026-je-ne-sais-pas-dans-quelle-mesure-cest-realiste-a-mon-age\/#breadcrumb"},"inLanguage":"fr-FR","potentialAction":[{"@type":"ReadAction","target":["https:\/\/www.roadtowc.com\/fr\/luka-modric-doute-de-sa-participation-a-la-coupe-du-monde-2026-je-ne-sais-pas-dans-quelle-mesure-cest-realiste-a-mon-age\/"]}]},{"@type":"ImageObject","inLanguage":"fr-FR","@id":"https:\/\/www.roadtowc.com\/fr\/luka-modric-doute-de-sa-participation-a-la-coupe-du-monde-2026-je-ne-sais-pas-dans-quelle-mesure-cest-realiste-a-mon-age\/#primaryimage","url":"https:\/\/www.roadtowc.com\/wp-content\/uploads\/2024\/09\/modric.jpeg","contentUrl":"https:\/\/www.roadtowc.com\/wp-content\/uploads\/2024\/09\/modric.jpeg","width":948,"height":465,"caption":"modric"},{"@type":"BreadcrumbList","@id":"https:\/\/www.roadtowc.com\/fr\/luka-modric-doute-de-sa-participation-a-la-coupe-du-monde-2026-je-ne-sais-pas-dans-quelle-mesure-cest-realiste-a-mon-age\/#breadcrumb","itemListElement":[{"@type":"ListItem","position":1,"name":"Home","item":"https:\/\/www.roadtowc.com\/fr\/"},{"@type":"ListItem","position":2,"name":"Luka Modric doute de sa participation \u00e0 la Coupe du Monde 2026 : \u00ab\u00a0Je ne sais pas dans quelle mesure c&rsquo;est r\u00e9aliste \u00e0 mon \u00e2ge\u00a0\u00bb"}]},{"@type":"WebSite","@id":"https:\/\/www.roadtowc.com\/fr\/#website","url":"https:\/\/www.roadtowc.com\/fr\/","name":"Road to the World Cup","description":"Votre guide ultime de la Coupe du Monde de la FIFA 2026 : actualit\u00e9s, informations sur les billets, stades et plus encore, avec une couverture compl\u00e8te \u00e0 l\u2019approche du tournoi aux \u00c9tats-Unis, au Mexique et au Canada.","publisher":{"@id":"https:\/\/www.roadtowc.com\/fr\/#organization"},"alternateName":"Road to the World Cup","potentialAction":[{"@type":"SearchAction","target":{"@type":"EntryPoint","urlTemplate":"https:\/\/www.roadtowc.com\/fr\/?s={search_term_string}"},"query-input":{"@type":"PropertyValueSpecification","valueRequired":true,"valueName":"search_term_string"}}],"inLanguage":"fr-FR"},{"@type":"Organization","@id":"https:\/\/www.roadtowc.com\/fr\/#organization","name":"Road to the World Cup","alternateName":"Road to the World Cup","url":"https:\/\/www.roadtowc.com\/fr\/","logo":{"@type":"ImageObject","inLanguage":"fr-FR","@id":"https:\/\/www.roadtowc.com\/fr\/#\/schema\/logo\/image\/","url":"https:\/\/www.roadtowc.com\/wp-content\/uploads\/2024\/07\/New-Logo-head.png","contentUrl":"https:\/\/www.roadtowc.com\/wp-content\/uploads\/2024\/07\/New-Logo-head.png","width":1228,"height":1037,"caption":"Road to the World Cup"},"image":{"@id":"https:\/\/www.roadtowc.com\/fr\/#\/schema\/logo\/image\/"},"sameAs":["https:\/\/x.com\/roadtowc"]},{"@type":"Person","@id":"https:\/\/www.roadtowc.com\/fr\/#\/schema\/person\/e027536b8c7766a032254f303dcd7bba","name":"hjfraind","image":{"@type":"ImageObject","inLanguage":"fr-FR","@id":"https:\/\/secure.gravatar.com\/avatar\/bacbd4bf5f8418d0b903099430d35c7b7e630f7280cfd5f56ba26a6170010cd4?s=96&d=mm&r=g","url":"https:\/\/secure.gravatar.com\/avatar\/bacbd4bf5f8418d0b903099430d35c7b7e630f7280cfd5f56ba26a6170010cd4?s=96&d=mm&r=g","contentUrl":"https:\/\/secure.gravatar.com\/avatar\/bacbd4bf5f8418d0b903099430d35c7b7e630f7280cfd5f56ba26a6170010cd4?s=96&d=mm&r=g","caption":"hjfraind"},"sameAs":["http:\/\/www.roadtowc.com"],"url":"https:\/\/www.roadtowc.com\/fr\/author\/hjfraind\/"}]}},"_links":{"self":[{"href":"https:\/\/www.roadtowc.com\/fr\/wp-json\/wp\/v2\/posts\/1589","targetHints":{"allow":["GET"]}}],"collection":[{"href":"https:\/\/www.roadtowc.com\/fr\/wp-json\/wp\/v2\/posts"}],"about":[{"href":"https:\/\/www.roadtowc.com\/fr\/wp-json\/wp\/v2\/types\/post"}],"author":[{"embeddable":true,"href":"https:\/\/www.roadtowc.com\/fr\/wp-json\/wp\/v2\/users\/1"}],"replies":[{"embeddable":true,"href":"https:\/\/www.roadtowc.com\/fr\/wp-json\/wp\/v2\/comments?post=1589"}],"version-history":[{"count":0,"href":"https:\/\/www.roadtowc.com\/fr\/wp-json\/wp\/v2\/posts\/1589\/revisions"}],"wp:featuredmedia":[{"embeddable":true,"href":"https:\/\/www.roadtowc.com\/fr\/wp-json\/wp\/v2\/media\/1584"}],"wp:attachment":[{"href":"https:\/\/www.roadtowc.com\/fr\/wp-json\/wp\/v2\/media?parent=1589"}],"wp:term":[{"taxonomy":"category","embeddable":true,"href":"https:\/\/www.roadtowc.com\/fr\/wp-json\/wp\/v2\/categories?post=1589"},{"taxonomy":"post_tag","embeddable":true,"href":"https:\/\/www.roadtowc.com\/fr\/wp-json\/wp\/v2\/tags?post=1589"}],"curies":[{"name":"wp","href":"https:\/\/api.w.org\/{rel}","templated":true}]}}