{"id":1689,"date":"2024-09-06T10:54:32","date_gmt":"2024-09-06T14:54:32","guid":{"rendered":"https:\/\/www.roadtowc.com\/lequateur-pret-a-affronter-le-bresil-beccacece-revele-son-alignement-cle-pour-les-eliminatoires-de-la-coupe-du-monde-2026\/"},"modified":"2024-09-06T10:54:32","modified_gmt":"2024-09-06T14:54:32","slug":"lequateur-pret-a-affronter-le-bresil-beccacece-revele-son-alignement-cle-pour-les-eliminatoires-de-la-coupe-du-monde-2026","status":"publish","type":"post","link":"https:\/\/www.roadtowc.com\/fr\/lequateur-pret-a-affronter-le-bresil-beccacece-revele-son-alignement-cle-pour-les-eliminatoires-de-la-coupe-du-monde-2026\/","title":{"rendered":"L&rsquo;\u00c9quateur pr\u00eat \u00e0 affronter le Br\u00e9sil : Beccacece r\u00e9v\u00e8le son alignement cl\u00e9 pour les \u00e9liminatoires de la Coupe du Monde 2026"},"content":{"rendered":"<p>La s\u00e9lection \u00e9quatorienne, dirig\u00e9e par le nouveau coach Sebasti\u00e1n Beccacece, est pr\u00eate pour son affrontement contre le Br\u00e9sil \u00e0 Curitiba, un match d\u00e9cisif lors de la septi\u00e8me journ\u00e9e des \u00e9liminatoires de la Coupe du Monde 2026. Ce sera le premier match officiel de Beccacece en tant que s\u00e9lectionneur, qui a pris des pr\u00e9cautions avec ses principaux joueurs pour assurer un r\u00e9sultat positif contre les pentacampeones du monde.<\/p>\n<h3>L&rsquo;alignement \u00e9quatorien : un d\u00e9fi tactique pour Beccacece<\/h3>\n<p>Beccacece a compos\u00e9 une \u00e9quipe titulaire avec des grandes figures, parmi lesquelles le capitaine et meilleur buteur historique Enner Valencia, le gardien Hern\u00e1n Gal\u00edndez, et le milieu de terrain de Chelsea Mois\u00e9s Caicedo. Ces joueurs cl\u00e9s ont d\u00e9but\u00e9 la journ\u00e9e \u00e0 la salle de sport pour parfaire leur pr\u00e9paration physique, conscients de l&rsquo;importance du duel contre le Br\u00e9sil. De plus, l&rsquo;entra\u00eeneur argentin a d\u00fb trouver un rempla\u00e7ant pour Angelo Preciado, absent pour accumulation de cartons.<\/p>\n<p>L&rsquo;alignement probable de l&rsquo;\u00c9quateur pour ce match crucial pourrait \u00eatre compos\u00e9 de <strong>Hern\u00e1n Gal\u00edndez<\/strong>; <strong>F\u00e9lix Torres<\/strong>, <strong>William Pacho<\/strong>, <strong>Piero Hincapi\u00e9<\/strong>, <strong>Pervis Estupi\u00f1\u00e1n<\/strong>; <strong>John Yeboah<\/strong>, <strong>Alan Franco<\/strong>, <strong>Mois\u00e9s Caicedo<\/strong>, <strong>Jeremy Sarmiento<\/strong>; <strong>Kendry P\u00e1ez<\/strong> et <strong>Enner Valencia<\/strong>.<\/p>\n<h3>Un d\u00e9but difficile mais prometteur<\/h3>\n<p>L&rsquo;\u00c9quateur occupe actuellement la cinqui\u00e8me place des \u00e9liminatoires sud-am\u00e9ricaines avec 8 points, apr\u00e8s avoir commenc\u00e9 le processus avec une p\u00e9nalit\u00e9 de -3 points impos\u00e9e par le TAS en raison de l&rsquo;affaire Byron Castillo. Jusqu&rsquo;\u00e0 pr\u00e9sent, l&rsquo;\u00e9quipe a enregistr\u00e9 trois victoires, deux matchs nuls et une seule d\u00e9faite contre l&rsquo;Argentine.<\/p>\n<p>Le match contre le Br\u00e9sil sera un moment cl\u00e9 dans le parcours de l&rsquo;\u00c9quateur vers la Coupe du Monde 2026. Beccacece cherche \u00e0 marquer les esprits avec son style tactique, et les joueurs sont motiv\u00e9s pour affronter l&rsquo;un des favoris, promettant un match parmi les plus excitants de la journ\u00e9e.<\/p>\n<h3>Prochain d\u00e9fi : L&rsquo;\u00c9quateur cherche \u00e0 se consolider dans le classement<\/h3>\n<p>Face \u00e0 un Br\u00e9sil toujours mena\u00e7ant, l&rsquo;\u00c9quateur devra donner le meilleur de lui-m\u00eame pour continuer \u00e0 progresser et se rapprocher de son objectif de qualification pour la Coupe du Monde 2026. Tous les regards seront tourn\u00e9s vers des joueurs comme Enner Valencia et Mois\u00e9s Caicedo, qui devront mener l&rsquo;\u00e9quipe lors de l&rsquo;un des matchs les plus difficiles des \u00e9liminatoires.<\/p>\n","protected":false},"excerpt":{"rendered":"<p>La s\u00e9lection \u00e9quatorienne, dirig\u00e9e par le nouveau coach Sebasti\u00e1n Beccacece, est pr\u00eate pour son affrontement contre le Br\u00e9sil \u00e0 Curitiba,<\/p>\n","protected":false},"author":1,"featured_media":1656,"comment_status":"closed","ping_status":"closed","sticky":false,"template":"","format":"standard","meta":{"footnotes":""},"categories":[24],"tags":[],"class_list":["post-1689","post","type-post","status-publish","format-standard","has-post-thumbnail","hentry","category-nouvelles"],"yoast_head":"<!-- This site is optimized with the Yoast SEO plugin v27.5 - https:\/\/yoast.com\/product\/yoast-seo-wordpress\/ -->\n<title>L&#039;\u00c9quateur pr\u00eat \u00e0 affronter le Br\u00e9sil : Beccacece r\u00e9v\u00e8le son alignement cl\u00e9 pour les \u00e9liminatoires de la Coupe du Monde 2026 - Road to the World Cup<\/title>\n<meta name=\"description\" content=\"L&#039;\u00c9quateur affronte le Br\u00e9sil dans les \u00e9liminatoires 2026 sous la direction de Beccacece. D\u00e9couvrez l&#039;alignement et les d\u00e9tails cl\u00e9s du match.\" \/>\n<meta name=\"robots\" content=\"index, follow, max-snippet:-1, max-image-preview:large, max-video-preview:-1\" \/>\n<link rel=\"canonical\" href=\"https:\/\/www.roadtowc.com\/fr\/lequateur-pret-a-affronter-le-bresil-beccacece-revele-son-alignement-cle-pour-les-eliminatoires-de-la-coupe-du-monde-2026\/\" \/>\n<meta property=\"og:locale\" content=\"fr_FR\" \/>\n<meta property=\"og:type\" content=\"article\" \/>\n<meta property=\"og:title\" content=\"L&#039;\u00c9quateur pr\u00eat \u00e0 affronter le Br\u00e9sil : Beccacece r\u00e9v\u00e8le son alignement cl\u00e9 pour les \u00e9liminatoires de la Coupe du Monde 2026 - Road to the World Cup\" \/>\n<meta property=\"og:description\" content=\"L&#039;\u00c9quateur affronte le Br\u00e9sil dans les \u00e9liminatoires 2026 sous la direction de Beccacece. D\u00e9couvrez l&#039;alignement et les d\u00e9tails cl\u00e9s du match.\" \/>\n<meta property=\"og:url\" content=\"https:\/\/www.roadtowc.com\/fr\/lequateur-pret-a-affronter-le-bresil-beccacece-revele-son-alignement-cle-pour-les-eliminatoires-de-la-coupe-du-monde-2026\/\" \/>\n<meta property=\"og:site_name\" content=\"Road to the World Cup\" \/>\n<meta property=\"article:published_time\" content=\"2024-09-06T14:54:32+00:00\" \/>\n<meta property=\"og:image\" content=\"https:\/\/www.roadtowc.com\/wp-content\/uploads\/2024\/09\/ecuador.png\" \/>\n\t<meta property=\"og:image:width\" content=\"1003\" \/>\n\t<meta property=\"og:image:height\" content=\"669\" \/>\n\t<meta property=\"og:image:type\" content=\"image\/png\" \/>\n<meta name=\"author\" content=\"hjfraind\" \/>\n<meta name=\"twitter:card\" content=\"summary_large_image\" \/>\n<meta name=\"twitter:creator\" content=\"@roadtowc\" \/>\n<meta name=\"twitter:site\" content=\"@roadtowc\" \/>\n<meta name=\"twitter:label1\" content=\"\u00c9crit par\" \/>\n\t<meta name=\"twitter:data1\" content=\"hjfraind\" \/>\n\t<meta name=\"twitter:label2\" content=\"Dur\u00e9e de lecture estim\u00e9e\" \/>\n\t<meta name=\"twitter:data2\" content=\"2 minutes\" \/>\n<script type=\"application\/ld+json\" class=\"yoast-schema-graph\">{\"@context\":\"https:\\\/\\\/schema.org\",\"@graph\":[{\"@type\":\"Article\",\"@id\":\"https:\\\/\\\/www.roadtowc.com\\\/fr\\\/lequateur-pret-a-affronter-le-bresil-beccacece-revele-son-alignement-cle-pour-les-eliminatoires-de-la-coupe-du-monde-2026\\\/#article\",\"isPartOf\":{\"@id\":\"https:\\\/\\\/www.roadtowc.com\\\/fr\\\/lequateur-pret-a-affronter-le-bresil-beccacece-revele-son-alignement-cle-pour-les-eliminatoires-de-la-coupe-du-monde-2026\\\/\"},\"author\":{\"name\":\"hjfraind\",\"@id\":\"https:\\\/\\\/www.roadtowc.com\\\/fr\\\/#\\\/schema\\\/person\\\/e027536b8c7766a032254f303dcd7bba\"},\"headline\":\"L&rsquo;\u00c9quateur pr\u00eat \u00e0 affronter le Br\u00e9sil : Beccacece r\u00e9v\u00e8le son alignement cl\u00e9 pour les \u00e9liminatoires de la Coupe du Monde 2026\",\"datePublished\":\"2024-09-06T14:54:32+00:00\",\"mainEntityOfPage\":{\"@id\":\"https:\\\/\\\/www.roadtowc.com\\\/fr\\\/lequateur-pret-a-affronter-le-bresil-beccacece-revele-son-alignement-cle-pour-les-eliminatoires-de-la-coupe-du-monde-2026\\\/\"},\"wordCount\":430,\"publisher\":{\"@id\":\"https:\\\/\\\/www.roadtowc.com\\\/fr\\\/#organization\"},\"image\":{\"@id\":\"https:\\\/\\\/www.roadtowc.com\\\/fr\\\/lequateur-pret-a-affronter-le-bresil-beccacece-revele-son-alignement-cle-pour-les-eliminatoires-de-la-coupe-du-monde-2026\\\/#primaryimage\"},\"thumbnailUrl\":\"https:\\\/\\\/www.roadtowc.com\\\/wp-content\\\/uploads\\\/2024\\\/09\\\/ecuador.png\",\"articleSection\":[\"Des nouvelles\"],\"inLanguage\":\"fr-FR\"},{\"@type\":\"WebPage\",\"@id\":\"https:\\\/\\\/www.roadtowc.com\\\/fr\\\/lequateur-pret-a-affronter-le-bresil-beccacece-revele-son-alignement-cle-pour-les-eliminatoires-de-la-coupe-du-monde-2026\\\/\",\"url\":\"https:\\\/\\\/www.roadtowc.com\\\/fr\\\/lequateur-pret-a-affronter-le-bresil-beccacece-revele-son-alignement-cle-pour-les-eliminatoires-de-la-coupe-du-monde-2026\\\/\",\"name\":\"L'\u00c9quateur pr\u00eat \u00e0 affronter le Br\u00e9sil : Beccacece r\u00e9v\u00e8le son alignement cl\u00e9 pour les \u00e9liminatoires de la Coupe du Monde 2026 - Road to the World Cup\",\"isPartOf\":{\"@id\":\"https:\\\/\\\/www.roadtowc.com\\\/fr\\\/#website\"},\"primaryImageOfPage\":{\"@id\":\"https:\\\/\\\/www.roadtowc.com\\\/fr\\\/lequateur-pret-a-affronter-le-bresil-beccacece-revele-son-alignement-cle-pour-les-eliminatoires-de-la-coupe-du-monde-2026\\\/#primaryimage\"},\"image\":{\"@id\":\"https:\\\/\\\/www.roadtowc.com\\\/fr\\\/lequateur-pret-a-affronter-le-bresil-beccacece-revele-son-alignement-cle-pour-les-eliminatoires-de-la-coupe-du-monde-2026\\\/#primaryimage\"},\"thumbnailUrl\":\"https:\\\/\\\/www.roadtowc.com\\\/wp-content\\\/uploads\\\/2024\\\/09\\\/ecuador.png\",\"datePublished\":\"2024-09-06T14:54:32+00:00\",\"description\":\"L'\u00c9quateur affronte le Br\u00e9sil dans les \u00e9liminatoires 2026 sous la direction de Beccacece. D\u00e9couvrez l'alignement et les d\u00e9tails cl\u00e9s du match.\",\"breadcrumb\":{\"@id\":\"https:\\\/\\\/www.roadtowc.com\\\/fr\\\/lequateur-pret-a-affronter-le-bresil-beccacece-revele-son-alignement-cle-pour-les-eliminatoires-de-la-coupe-du-monde-2026\\\/#breadcrumb\"},\"inLanguage\":\"fr-FR\",\"potentialAction\":[{\"@type\":\"ReadAction\",\"target\":[\"https:\\\/\\\/www.roadtowc.com\\\/fr\\\/lequateur-pret-a-affronter-le-bresil-beccacece-revele-son-alignement-cle-pour-les-eliminatoires-de-la-coupe-du-monde-2026\\\/\"]}]},{\"@type\":\"ImageObject\",\"inLanguage\":\"fr-FR\",\"@id\":\"https:\\\/\\\/www.roadtowc.com\\\/fr\\\/lequateur-pret-a-affronter-le-bresil-beccacece-revele-son-alignement-cle-pour-les-eliminatoires-de-la-coupe-du-monde-2026\\\/#primaryimage\",\"url\":\"https:\\\/\\\/www.roadtowc.com\\\/wp-content\\\/uploads\\\/2024\\\/09\\\/ecuador.png\",\"contentUrl\":\"https:\\\/\\\/www.roadtowc.com\\\/wp-content\\\/uploads\\\/2024\\\/09\\\/ecuador.png\",\"width\":1003,\"height\":669,\"caption\":\"Ecuador vs Brasil\"},{\"@type\":\"BreadcrumbList\",\"@id\":\"https:\\\/\\\/www.roadtowc.com\\\/fr\\\/lequateur-pret-a-affronter-le-bresil-beccacece-revele-son-alignement-cle-pour-les-eliminatoires-de-la-coupe-du-monde-2026\\\/#breadcrumb\",\"itemListElement\":[{\"@type\":\"ListItem\",\"position\":1,\"name\":\"Home\",\"item\":\"https:\\\/\\\/www.roadtowc.com\\\/fr\\\/\"},{\"@type\":\"ListItem\",\"position\":2,\"name\":\"L&rsquo;\u00c9quateur pr\u00eat \u00e0 affronter le Br\u00e9sil : Beccacece r\u00e9v\u00e8le son alignement cl\u00e9 pour les \u00e9liminatoires de la Coupe du Monde 2026\"}]},{\"@type\":\"WebSite\",\"@id\":\"https:\\\/\\\/www.roadtowc.com\\\/fr\\\/#website\",\"url\":\"https:\\\/\\\/www.roadtowc.com\\\/fr\\\/\",\"name\":\"Road to the World Cup\",\"description\":\"Votre guide ultime de la Coupe du Monde de la FIFA 2026 : actualit\u00e9s, informations sur les billets, stades et plus encore, avec une couverture compl\u00e8te \u00e0 l\u2019approche du tournoi aux \u00c9tats-Unis, au Mexique et au Canada.\",\"publisher\":{\"@id\":\"https:\\\/\\\/www.roadtowc.com\\\/fr\\\/#organization\"},\"alternateName\":\"Road to the World Cup\",\"potentialAction\":[{\"@type\":\"SearchAction\",\"target\":{\"@type\":\"EntryPoint\",\"urlTemplate\":\"https:\\\/\\\/www.roadtowc.com\\\/fr\\\/?s={search_term_string}\"},\"query-input\":{\"@type\":\"PropertyValueSpecification\",\"valueRequired\":true,\"valueName\":\"search_term_string\"}}],\"inLanguage\":\"fr-FR\"},{\"@type\":\"Organization\",\"@id\":\"https:\\\/\\\/www.roadtowc.com\\\/fr\\\/#organization\",\"name\":\"Road to the World Cup\",\"alternateName\":\"Road to the World Cup\",\"url\":\"https:\\\/\\\/www.roadtowc.com\\\/fr\\\/\",\"logo\":{\"@type\":\"ImageObject\",\"inLanguage\":\"fr-FR\",\"@id\":\"https:\\\/\\\/www.roadtowc.com\\\/fr\\\/#\\\/schema\\\/logo\\\/image\\\/\",\"url\":\"https:\\\/\\\/www.roadtowc.com\\\/wp-content\\\/uploads\\\/2024\\\/07\\\/New-Logo-head.png\",\"contentUrl\":\"https:\\\/\\\/www.roadtowc.com\\\/wp-content\\\/uploads\\\/2024\\\/07\\\/New-Logo-head.png\",\"width\":1228,\"height\":1037,\"caption\":\"Road to the World Cup\"},\"image\":{\"@id\":\"https:\\\/\\\/www.roadtowc.com\\\/fr\\\/#\\\/schema\\\/logo\\\/image\\\/\"},\"sameAs\":[\"https:\\\/\\\/x.com\\\/roadtowc\"]},{\"@type\":\"Person\",\"@id\":\"https:\\\/\\\/www.roadtowc.com\\\/fr\\\/#\\\/schema\\\/person\\\/e027536b8c7766a032254f303dcd7bba\",\"name\":\"hjfraind\",\"image\":{\"@type\":\"ImageObject\",\"inLanguage\":\"fr-FR\",\"@id\":\"https:\\\/\\\/secure.gravatar.com\\\/avatar\\\/bacbd4bf5f8418d0b903099430d35c7b7e630f7280cfd5f56ba26a6170010cd4?s=96&d=mm&r=g\",\"url\":\"https:\\\/\\\/secure.gravatar.com\\\/avatar\\\/bacbd4bf5f8418d0b903099430d35c7b7e630f7280cfd5f56ba26a6170010cd4?s=96&d=mm&r=g\",\"contentUrl\":\"https:\\\/\\\/secure.gravatar.com\\\/avatar\\\/bacbd4bf5f8418d0b903099430d35c7b7e630f7280cfd5f56ba26a6170010cd4?s=96&d=mm&r=g\",\"caption\":\"hjfraind\"},\"sameAs\":[\"http:\\\/\\\/www.roadtowc.com\"],\"url\":\"https:\\\/\\\/www.roadtowc.com\\\/fr\\\/author\\\/hjfraind\\\/\"}]}<\/script>\n<!-- \/ Yoast SEO plugin. -->","yoast_head_json":{"title":"L'\u00c9quateur pr\u00eat \u00e0 affronter le Br\u00e9sil : Beccacece r\u00e9v\u00e8le son alignement cl\u00e9 pour les \u00e9liminatoires de la Coupe du Monde 2026 - Road to the World Cup","description":"L'\u00c9quateur affronte le Br\u00e9sil dans les \u00e9liminatoires 2026 sous la direction de Beccacece. D\u00e9couvrez l'alignement et les d\u00e9tails cl\u00e9s du match.","robots":{"index":"index","follow":"follow","max-snippet":"max-snippet:-1","max-image-preview":"max-image-preview:large","max-video-preview":"max-video-preview:-1"},"canonical":"https:\/\/www.roadtowc.com\/fr\/lequateur-pret-a-affronter-le-bresil-beccacece-revele-son-alignement-cle-pour-les-eliminatoires-de-la-coupe-du-monde-2026\/","og_locale":"fr_FR","og_type":"article","og_title":"L'\u00c9quateur pr\u00eat \u00e0 affronter le Br\u00e9sil : Beccacece r\u00e9v\u00e8le son alignement cl\u00e9 pour les \u00e9liminatoires de la Coupe du Monde 2026 - Road to the World Cup","og_description":"L'\u00c9quateur affronte le Br\u00e9sil dans les \u00e9liminatoires 2026 sous la direction de Beccacece. D\u00e9couvrez l'alignement et les d\u00e9tails cl\u00e9s du match.","og_url":"https:\/\/www.roadtowc.com\/fr\/lequateur-pret-a-affronter-le-bresil-beccacece-revele-son-alignement-cle-pour-les-eliminatoires-de-la-coupe-du-monde-2026\/","og_site_name":"Road to the World Cup","article_published_time":"2024-09-06T14:54:32+00:00","og_image":[{"width":1003,"height":669,"url":"https:\/\/www.roadtowc.com\/wp-content\/uploads\/2024\/09\/ecuador.png","type":"image\/png"}],"author":"hjfraind","twitter_card":"summary_large_image","twitter_creator":"@roadtowc","twitter_site":"@roadtowc","twitter_misc":{"\u00c9crit par":"hjfraind","Dur\u00e9e de lecture estim\u00e9e":"2 minutes"},"schema":{"@context":"https:\/\/schema.org","@graph":[{"@type":"Article","@id":"https:\/\/www.roadtowc.com\/fr\/lequateur-pret-a-affronter-le-bresil-beccacece-revele-son-alignement-cle-pour-les-eliminatoires-de-la-coupe-du-monde-2026\/#article","isPartOf":{"@id":"https:\/\/www.roadtowc.com\/fr\/lequateur-pret-a-affronter-le-bresil-beccacece-revele-son-alignement-cle-pour-les-eliminatoires-de-la-coupe-du-monde-2026\/"},"author":{"name":"hjfraind","@id":"https:\/\/www.roadtowc.com\/fr\/#\/schema\/person\/e027536b8c7766a032254f303dcd7bba"},"headline":"L&rsquo;\u00c9quateur pr\u00eat \u00e0 affronter le Br\u00e9sil : Beccacece r\u00e9v\u00e8le son alignement cl\u00e9 pour les \u00e9liminatoires de la Coupe du Monde 2026","datePublished":"2024-09-06T14:54:32+00:00","mainEntityOfPage":{"@id":"https:\/\/www.roadtowc.com\/fr\/lequateur-pret-a-affronter-le-bresil-beccacece-revele-son-alignement-cle-pour-les-eliminatoires-de-la-coupe-du-monde-2026\/"},"wordCount":430,"publisher":{"@id":"https:\/\/www.roadtowc.com\/fr\/#organization"},"image":{"@id":"https:\/\/www.roadtowc.com\/fr\/lequateur-pret-a-affronter-le-bresil-beccacece-revele-son-alignement-cle-pour-les-eliminatoires-de-la-coupe-du-monde-2026\/#primaryimage"},"thumbnailUrl":"https:\/\/www.roadtowc.com\/wp-content\/uploads\/2024\/09\/ecuador.png","articleSection":["Des nouvelles"],"inLanguage":"fr-FR"},{"@type":"WebPage","@id":"https:\/\/www.roadtowc.com\/fr\/lequateur-pret-a-affronter-le-bresil-beccacece-revele-son-alignement-cle-pour-les-eliminatoires-de-la-coupe-du-monde-2026\/","url":"https:\/\/www.roadtowc.com\/fr\/lequateur-pret-a-affronter-le-bresil-beccacece-revele-son-alignement-cle-pour-les-eliminatoires-de-la-coupe-du-monde-2026\/","name":"L'\u00c9quateur pr\u00eat \u00e0 affronter le Br\u00e9sil : Beccacece r\u00e9v\u00e8le son alignement cl\u00e9 pour les \u00e9liminatoires de la Coupe du Monde 2026 - Road to the World Cup","isPartOf":{"@id":"https:\/\/www.roadtowc.com\/fr\/#website"},"primaryImageOfPage":{"@id":"https:\/\/www.roadtowc.com\/fr\/lequateur-pret-a-affronter-le-bresil-beccacece-revele-son-alignement-cle-pour-les-eliminatoires-de-la-coupe-du-monde-2026\/#primaryimage"},"image":{"@id":"https:\/\/www.roadtowc.com\/fr\/lequateur-pret-a-affronter-le-bresil-beccacece-revele-son-alignement-cle-pour-les-eliminatoires-de-la-coupe-du-monde-2026\/#primaryimage"},"thumbnailUrl":"https:\/\/www.roadtowc.com\/wp-content\/uploads\/2024\/09\/ecuador.png","datePublished":"2024-09-06T14:54:32+00:00","description":"L'\u00c9quateur affronte le Br\u00e9sil dans les \u00e9liminatoires 2026 sous la direction de Beccacece. D\u00e9couvrez l'alignement et les d\u00e9tails cl\u00e9s du match.","breadcrumb":{"@id":"https:\/\/www.roadtowc.com\/fr\/lequateur-pret-a-affronter-le-bresil-beccacece-revele-son-alignement-cle-pour-les-eliminatoires-de-la-coupe-du-monde-2026\/#breadcrumb"},"inLanguage":"fr-FR","potentialAction":[{"@type":"ReadAction","target":["https:\/\/www.roadtowc.com\/fr\/lequateur-pret-a-affronter-le-bresil-beccacece-revele-son-alignement-cle-pour-les-eliminatoires-de-la-coupe-du-monde-2026\/"]}]},{"@type":"ImageObject","inLanguage":"fr-FR","@id":"https:\/\/www.roadtowc.com\/fr\/lequateur-pret-a-affronter-le-bresil-beccacece-revele-son-alignement-cle-pour-les-eliminatoires-de-la-coupe-du-monde-2026\/#primaryimage","url":"https:\/\/www.roadtowc.com\/wp-content\/uploads\/2024\/09\/ecuador.png","contentUrl":"https:\/\/www.roadtowc.com\/wp-content\/uploads\/2024\/09\/ecuador.png","width":1003,"height":669,"caption":"Ecuador vs Brasil"},{"@type":"BreadcrumbList","@id":"https:\/\/www.roadtowc.com\/fr\/lequateur-pret-a-affronter-le-bresil-beccacece-revele-son-alignement-cle-pour-les-eliminatoires-de-la-coupe-du-monde-2026\/#breadcrumb","itemListElement":[{"@type":"ListItem","position":1,"name":"Home","item":"https:\/\/www.roadtowc.com\/fr\/"},{"@type":"ListItem","position":2,"name":"L&rsquo;\u00c9quateur pr\u00eat \u00e0 affronter le Br\u00e9sil : Beccacece r\u00e9v\u00e8le son alignement cl\u00e9 pour les \u00e9liminatoires de la Coupe du Monde 2026"}]},{"@type":"WebSite","@id":"https:\/\/www.roadtowc.com\/fr\/#website","url":"https:\/\/www.roadtowc.com\/fr\/","name":"Road to the World Cup","description":"Votre guide ultime de la Coupe du Monde de la FIFA 2026 : actualit\u00e9s, informations sur les billets, stades et plus encore, avec une couverture compl\u00e8te \u00e0 l\u2019approche du tournoi aux \u00c9tats-Unis, au Mexique et au Canada.","publisher":{"@id":"https:\/\/www.roadtowc.com\/fr\/#organization"},"alternateName":"Road to the World Cup","potentialAction":[{"@type":"SearchAction","target":{"@type":"EntryPoint","urlTemplate":"https:\/\/www.roadtowc.com\/fr\/?s={search_term_string}"},"query-input":{"@type":"PropertyValueSpecification","valueRequired":true,"valueName":"search_term_string"}}],"inLanguage":"fr-FR"},{"@type":"Organization","@id":"https:\/\/www.roadtowc.com\/fr\/#organization","name":"Road to the World Cup","alternateName":"Road to the World Cup","url":"https:\/\/www.roadtowc.com\/fr\/","logo":{"@type":"ImageObject","inLanguage":"fr-FR","@id":"https:\/\/www.roadtowc.com\/fr\/#\/schema\/logo\/image\/","url":"https:\/\/www.roadtowc.com\/wp-content\/uploads\/2024\/07\/New-Logo-head.png","contentUrl":"https:\/\/www.roadtowc.com\/wp-content\/uploads\/2024\/07\/New-Logo-head.png","width":1228,"height":1037,"caption":"Road to the World Cup"},"image":{"@id":"https:\/\/www.roadtowc.com\/fr\/#\/schema\/logo\/image\/"},"sameAs":["https:\/\/x.com\/roadtowc"]},{"@type":"Person","@id":"https:\/\/www.roadtowc.com\/fr\/#\/schema\/person\/e027536b8c7766a032254f303dcd7bba","name":"hjfraind","image":{"@type":"ImageObject","inLanguage":"fr-FR","@id":"https:\/\/secure.gravatar.com\/avatar\/bacbd4bf5f8418d0b903099430d35c7b7e630f7280cfd5f56ba26a6170010cd4?s=96&d=mm&r=g","url":"https:\/\/secure.gravatar.com\/avatar\/bacbd4bf5f8418d0b903099430d35c7b7e630f7280cfd5f56ba26a6170010cd4?s=96&d=mm&r=g","contentUrl":"https:\/\/secure.gravatar.com\/avatar\/bacbd4bf5f8418d0b903099430d35c7b7e630f7280cfd5f56ba26a6170010cd4?s=96&d=mm&r=g","caption":"hjfraind"},"sameAs":["http:\/\/www.roadtowc.com"],"url":"https:\/\/www.roadtowc.com\/fr\/author\/hjfraind\/"}]}},"_links":{"self":[{"href":"https:\/\/www.roadtowc.com\/fr\/wp-json\/wp\/v2\/posts\/1689","targetHints":{"allow":["GET"]}}],"collection":[{"href":"https:\/\/www.roadtowc.com\/fr\/wp-json\/wp\/v2\/posts"}],"about":[{"href":"https:\/\/www.roadtowc.com\/fr\/wp-json\/wp\/v2\/types\/post"}],"author":[{"embeddable":true,"href":"https:\/\/www.roadtowc.com\/fr\/wp-json\/wp\/v2\/users\/1"}],"replies":[{"embeddable":true,"href":"https:\/\/www.roadtowc.com\/fr\/wp-json\/wp\/v2\/comments?post=1689"}],"version-history":[{"count":0,"href":"https:\/\/www.roadtowc.com\/fr\/wp-json\/wp\/v2\/posts\/1689\/revisions"}],"wp:featuredmedia":[{"embeddable":true,"href":"https:\/\/www.roadtowc.com\/fr\/wp-json\/wp\/v2\/media\/1656"}],"wp:attachment":[{"href":"https:\/\/www.roadtowc.com\/fr\/wp-json\/wp\/v2\/media?parent=1689"}],"wp:term":[{"taxonomy":"category","embeddable":true,"href":"https:\/\/www.roadtowc.com\/fr\/wp-json\/wp\/v2\/categories?post=1689"},{"taxonomy":"post_tag","embeddable":true,"href":"https:\/\/www.roadtowc.com\/fr\/wp-json\/wp\/v2\/tags?post=1689"}],"curies":[{"name":"wp","href":"https:\/\/api.w.org\/{rel}","templated":true}]}}