{"id":7011,"date":"2025-05-06T08:18:05","date_gmt":"2025-05-06T12:18:05","guid":{"rendered":"https:\/\/www.roadtowc.com\/voici-alejandro-velasco-le-jeune-talent-derriere-la-communication-de-la-coupe-du-monde-2026\/"},"modified":"2025-05-06T08:18:05","modified_gmt":"2025-05-06T12:18:05","slug":"voici-alejandro-velasco-le-jeune-talent-derriere-la-communication-de-la-coupe-du-monde-2026","status":"publish","type":"post","link":"https:\/\/www.roadtowc.com\/fr\/voici-alejandro-velasco-le-jeune-talent-derriere-la-communication-de-la-coupe-du-monde-2026\/","title":{"rendered":"Voici Alejandro Velasco : le jeune talent derri\u00e8re la communication de la Coupe du Monde 2026"},"content":{"rendered":"<h2>Voici Alejandro Velasco : le jeune talent derri\u00e8re la communication de la Coupe du Monde 2026<\/h2>\n<p>D\u00e8s l\u2019\u00e2ge de quatre ans, Alejandro Velasco savait que le sport serait sa voie. Il a commenc\u00e9 par jouer au football, puis a explor\u00e9 d\u2019autres disciplines comme le golf, l\u2019athl\u00e9tisme, le tennis et le volley. Mais c\u2019est en regardant des publicit\u00e9s et des documentaires sportifs que sa vraie passion a pris forme : \u00ab Qui fait \u00e7a ? Comment y arrivent-ils ? Je veux en faire partie \u00bb, s\u2019est-il dit. Et il s\u2019est lanc\u00e9.<\/p>\n<p>Originaire de Nuevo Laredo, au Mexique, Alejandro, aujourd\u2019hui \u00e2g\u00e9 de 24 ans, s\u2019appr\u00eate \u00e0 relever un immense d\u00e9fi : int\u00e9grer l\u2019\u00e9quipe de communication de la FIFA pour la Coupe du Monde 2026, dans la ville h\u00f4te de Monterrey. Il sera charg\u00e9 de la couverture photo, du montage vid\u00e9o et de la cr\u00e9ation de contenus pour les r\u00e9seaux sociaux.<\/p>\n<p>Il a d\u00e9but\u00e9 en produisant des vid\u00e9os pour un golfeur local, apprenant en autodidacte et affinant sa narration visuelle. Alors qu\u2019il \u00e9tudiait l\u2019entrepreneuriat au Tec de Monterrey, il a effectu\u00e9 un stage dans une maison de production, ouvrant les portes de l\u2019univers m\u00e9diatique sportif.<\/p>\n<p>Devenu freelance, Alejandro a \u00e9t\u00e9 invit\u00e9 \u00e0 intervenir lors de l\u2019\u00e9v\u00e9nement incMTY 2025, o\u00f9 il est devenu le plus jeune intervenant. Son travail a retenu l\u2019attention d\u2019un repr\u00e9sentant de la FIFA \u00e0 Monterrey, ce qui lui a valu une opportunit\u00e9 unique qu\u2019il n\u2019a pas h\u00e9sit\u00e9 \u00e0 saisir.<\/p>\n<p>\u00ab Chaque grande histoire commence par un r\u00eave. Et les r\u00eaves peuvent t\u2019emmener tr\u00e8s loin \u00bb, confie Alejandro, pr\u00eat \u00e0 vivre son r\u00eave mondialiste au c\u0153ur du stade de Monterrey.<\/p>\n","protected":false},"excerpt":{"rendered":"<p>Voici Alejandro Velasco : le jeune talent derri\u00e8re la communication de la Coupe du Monde 2026 D\u00e8s l\u2019\u00e2ge de quatre<\/p>\n","protected":false},"author":32,"featured_media":7007,"comment_status":"closed","ping_status":"closed","sticky":false,"template":"","format":"standard","meta":{"footnotes":""},"categories":[24],"tags":[],"class_list":["post-7011","post","type-post","status-publish","format-standard","has-post-thumbnail","hentry","category-nouvelles"],"yoast_head":"<!-- This site is optimized with the Yoast SEO plugin v27.5 - https:\/\/yoast.com\/product\/yoast-seo-wordpress\/ -->\n<title>Voici Alejandro Velasco : le jeune talent derri\u00e8re la communication de la Coupe du Monde 2026 - Road to the World Cup<\/title>\n<meta name=\"description\" content=\"\u00c0 24 ans, Alejandro Velasco rejoint l\u2019\u00e9quipe communication de la Coupe du Monde 2026 \u00e0 Monterrey et r\u00e9alise son r\u00eave d\u2019enfance.\" \/>\n<meta name=\"robots\" content=\"index, follow, max-snippet:-1, max-image-preview:large, max-video-preview:-1\" \/>\n<link rel=\"canonical\" href=\"https:\/\/www.roadtowc.com\/fr\/voici-alejandro-velasco-le-jeune-talent-derriere-la-communication-de-la-coupe-du-monde-2026\/\" \/>\n<meta property=\"og:locale\" content=\"fr_FR\" \/>\n<meta property=\"og:type\" content=\"article\" \/>\n<meta property=\"og:title\" content=\"Voici Alejandro Velasco : le jeune talent derri\u00e8re la communication de la Coupe du Monde 2026 - Road to the World Cup\" \/>\n<meta property=\"og:description\" content=\"\u00c0 24 ans, Alejandro Velasco rejoint l\u2019\u00e9quipe communication de la Coupe du Monde 2026 \u00e0 Monterrey et r\u00e9alise son r\u00eave d\u2019enfance.\" \/>\n<meta property=\"og:url\" content=\"https:\/\/www.roadtowc.com\/fr\/voici-alejandro-velasco-le-jeune-talent-derriere-la-communication-de-la-coupe-du-monde-2026\/\" \/>\n<meta property=\"og:site_name\" content=\"Road to the World Cup\" \/>\n<meta property=\"article:published_time\" content=\"2025-05-06T12:18:05+00:00\" \/>\n<meta property=\"og:image\" content=\"https:\/\/www.roadtowc.com\/wp-content\/uploads\/2025\/05\/alexVelazco.jpeg\" \/>\n\t<meta property=\"og:image:width\" content=\"400\" \/>\n\t<meta property=\"og:image:height\" content=\"400\" \/>\n\t<meta property=\"og:image:type\" content=\"image\/jpeg\" \/>\n<meta name=\"author\" content=\"N8N Automation\" \/>\n<meta name=\"twitter:card\" content=\"summary_large_image\" \/>\n<meta name=\"twitter:creator\" content=\"@roadtowc\" \/>\n<meta name=\"twitter:site\" content=\"@roadtowc\" \/>\n<meta name=\"twitter:label1\" content=\"\u00c9crit par\" \/>\n\t<meta name=\"twitter:data1\" content=\"N8N Automation\" \/>\n\t<meta name=\"twitter:label2\" content=\"Dur\u00e9e de lecture estim\u00e9e\" \/>\n\t<meta name=\"twitter:data2\" content=\"1 minute\" \/>\n<script type=\"application\/ld+json\" class=\"yoast-schema-graph\">{\"@context\":\"https:\\\/\\\/schema.org\",\"@graph\":[{\"@type\":\"Article\",\"@id\":\"https:\\\/\\\/www.roadtowc.com\\\/fr\\\/voici-alejandro-velasco-le-jeune-talent-derriere-la-communication-de-la-coupe-du-monde-2026\\\/#article\",\"isPartOf\":{\"@id\":\"https:\\\/\\\/www.roadtowc.com\\\/fr\\\/voici-alejandro-velasco-le-jeune-talent-derriere-la-communication-de-la-coupe-du-monde-2026\\\/\"},\"author\":{\"name\":\"N8N Automation\",\"@id\":\"https:\\\/\\\/www.roadtowc.com\\\/fr\\\/#\\\/schema\\\/person\\\/740d00fd2cc5b25d2cc206df8febffc8\"},\"headline\":\"Voici Alejandro Velasco : le jeune talent derri\u00e8re la communication de la Coupe du Monde 2026\",\"datePublished\":\"2025-05-06T12:18:05+00:00\",\"mainEntityOfPage\":{\"@id\":\"https:\\\/\\\/www.roadtowc.com\\\/fr\\\/voici-alejandro-velasco-le-jeune-talent-derriere-la-communication-de-la-coupe-du-monde-2026\\\/\"},\"wordCount\":307,\"publisher\":{\"@id\":\"https:\\\/\\\/www.roadtowc.com\\\/fr\\\/#organization\"},\"image\":{\"@id\":\"https:\\\/\\\/www.roadtowc.com\\\/fr\\\/voici-alejandro-velasco-le-jeune-talent-derriere-la-communication-de-la-coupe-du-monde-2026\\\/#primaryimage\"},\"thumbnailUrl\":\"https:\\\/\\\/www.roadtowc.com\\\/wp-content\\\/uploads\\\/2025\\\/05\\\/alexVelazco.jpeg\",\"articleSection\":[\"Des nouvelles\"],\"inLanguage\":\"fr-FR\"},{\"@type\":\"WebPage\",\"@id\":\"https:\\\/\\\/www.roadtowc.com\\\/fr\\\/voici-alejandro-velasco-le-jeune-talent-derriere-la-communication-de-la-coupe-du-monde-2026\\\/\",\"url\":\"https:\\\/\\\/www.roadtowc.com\\\/fr\\\/voici-alejandro-velasco-le-jeune-talent-derriere-la-communication-de-la-coupe-du-monde-2026\\\/\",\"name\":\"Voici Alejandro Velasco : le jeune talent derri\u00e8re la communication de la Coupe du Monde 2026 - Road to the World Cup\",\"isPartOf\":{\"@id\":\"https:\\\/\\\/www.roadtowc.com\\\/fr\\\/#website\"},\"primaryImageOfPage\":{\"@id\":\"https:\\\/\\\/www.roadtowc.com\\\/fr\\\/voici-alejandro-velasco-le-jeune-talent-derriere-la-communication-de-la-coupe-du-monde-2026\\\/#primaryimage\"},\"image\":{\"@id\":\"https:\\\/\\\/www.roadtowc.com\\\/fr\\\/voici-alejandro-velasco-le-jeune-talent-derriere-la-communication-de-la-coupe-du-monde-2026\\\/#primaryimage\"},\"thumbnailUrl\":\"https:\\\/\\\/www.roadtowc.com\\\/wp-content\\\/uploads\\\/2025\\\/05\\\/alexVelazco.jpeg\",\"datePublished\":\"2025-05-06T12:18:05+00:00\",\"description\":\"\u00c0 24 ans, Alejandro Velasco rejoint l\u2019\u00e9quipe communication de la Coupe du Monde 2026 \u00e0 Monterrey et r\u00e9alise son r\u00eave d\u2019enfance.\",\"breadcrumb\":{\"@id\":\"https:\\\/\\\/www.roadtowc.com\\\/fr\\\/voici-alejandro-velasco-le-jeune-talent-derriere-la-communication-de-la-coupe-du-monde-2026\\\/#breadcrumb\"},\"inLanguage\":\"fr-FR\",\"potentialAction\":[{\"@type\":\"ReadAction\",\"target\":[\"https:\\\/\\\/www.roadtowc.com\\\/fr\\\/voici-alejandro-velasco-le-jeune-talent-derriere-la-communication-de-la-coupe-du-monde-2026\\\/\"]}]},{\"@type\":\"ImageObject\",\"inLanguage\":\"fr-FR\",\"@id\":\"https:\\\/\\\/www.roadtowc.com\\\/fr\\\/voici-alejandro-velasco-le-jeune-talent-derriere-la-communication-de-la-coupe-du-monde-2026\\\/#primaryimage\",\"url\":\"https:\\\/\\\/www.roadtowc.com\\\/wp-content\\\/uploads\\\/2025\\\/05\\\/alexVelazco.jpeg\",\"contentUrl\":\"https:\\\/\\\/www.roadtowc.com\\\/wp-content\\\/uploads\\\/2025\\\/05\\\/alexVelazco.jpeg\",\"width\":400,\"height\":400,\"caption\":\"alexVelazco\"},{\"@type\":\"BreadcrumbList\",\"@id\":\"https:\\\/\\\/www.roadtowc.com\\\/fr\\\/voici-alejandro-velasco-le-jeune-talent-derriere-la-communication-de-la-coupe-du-monde-2026\\\/#breadcrumb\",\"itemListElement\":[{\"@type\":\"ListItem\",\"position\":1,\"name\":\"Home\",\"item\":\"https:\\\/\\\/www.roadtowc.com\\\/fr\\\/\"},{\"@type\":\"ListItem\",\"position\":2,\"name\":\"Voici Alejandro Velasco : le jeune talent derri\u00e8re la communication de la Coupe du Monde 2026\"}]},{\"@type\":\"WebSite\",\"@id\":\"https:\\\/\\\/www.roadtowc.com\\\/fr\\\/#website\",\"url\":\"https:\\\/\\\/www.roadtowc.com\\\/fr\\\/\",\"name\":\"Road to the World Cup\",\"description\":\"Votre guide ultime de la Coupe du Monde de la FIFA 2026 : actualit\u00e9s, informations sur les billets, stades et plus encore, avec une couverture compl\u00e8te \u00e0 l\u2019approche du tournoi aux \u00c9tats-Unis, au Mexique et au Canada.\",\"publisher\":{\"@id\":\"https:\\\/\\\/www.roadtowc.com\\\/fr\\\/#organization\"},\"alternateName\":\"Road to the World Cup\",\"potentialAction\":[{\"@type\":\"SearchAction\",\"target\":{\"@type\":\"EntryPoint\",\"urlTemplate\":\"https:\\\/\\\/www.roadtowc.com\\\/fr\\\/?s={search_term_string}\"},\"query-input\":{\"@type\":\"PropertyValueSpecification\",\"valueRequired\":true,\"valueName\":\"search_term_string\"}}],\"inLanguage\":\"fr-FR\"},{\"@type\":\"Organization\",\"@id\":\"https:\\\/\\\/www.roadtowc.com\\\/fr\\\/#organization\",\"name\":\"Road to the World Cup\",\"alternateName\":\"Road to the World Cup\",\"url\":\"https:\\\/\\\/www.roadtowc.com\\\/fr\\\/\",\"logo\":{\"@type\":\"ImageObject\",\"inLanguage\":\"fr-FR\",\"@id\":\"https:\\\/\\\/www.roadtowc.com\\\/fr\\\/#\\\/schema\\\/logo\\\/image\\\/\",\"url\":\"https:\\\/\\\/www.roadtowc.com\\\/wp-content\\\/uploads\\\/2024\\\/07\\\/New-Logo-head.png\",\"contentUrl\":\"https:\\\/\\\/www.roadtowc.com\\\/wp-content\\\/uploads\\\/2024\\\/07\\\/New-Logo-head.png\",\"width\":1228,\"height\":1037,\"caption\":\"Road to the World Cup\"},\"image\":{\"@id\":\"https:\\\/\\\/www.roadtowc.com\\\/fr\\\/#\\\/schema\\\/logo\\\/image\\\/\"},\"sameAs\":[\"https:\\\/\\\/x.com\\\/roadtowc\"]},{\"@type\":\"Person\",\"@id\":\"https:\\\/\\\/www.roadtowc.com\\\/fr\\\/#\\\/schema\\\/person\\\/740d00fd2cc5b25d2cc206df8febffc8\",\"name\":\"N8N Automation\",\"image\":{\"@type\":\"ImageObject\",\"inLanguage\":\"fr-FR\",\"@id\":\"https:\\\/\\\/secure.gravatar.com\\\/avatar\\\/6a6694f347bbf859fcc774b705dd5d56461a78adb9fbcc95e8485e149d49c06c?s=96&d=mm&r=g\",\"url\":\"https:\\\/\\\/secure.gravatar.com\\\/avatar\\\/6a6694f347bbf859fcc774b705dd5d56461a78adb9fbcc95e8485e149d49c06c?s=96&d=mm&r=g\",\"contentUrl\":\"https:\\\/\\\/secure.gravatar.com\\\/avatar\\\/6a6694f347bbf859fcc774b705dd5d56461a78adb9fbcc95e8485e149d49c06c?s=96&d=mm&r=g\",\"caption\":\"N8N Automation\"},\"url\":\"https:\\\/\\\/www.roadtowc.com\\\/fr\\\/author\\\/n8nsmartservices-com-ar\\\/\"}]}<\/script>\n<!-- \/ Yoast SEO plugin. -->","yoast_head_json":{"title":"Voici Alejandro Velasco : le jeune talent derri\u00e8re la communication de la Coupe du Monde 2026 - Road to the World Cup","description":"\u00c0 24 ans, Alejandro Velasco rejoint l\u2019\u00e9quipe communication de la Coupe du Monde 2026 \u00e0 Monterrey et r\u00e9alise son r\u00eave d\u2019enfance.","robots":{"index":"index","follow":"follow","max-snippet":"max-snippet:-1","max-image-preview":"max-image-preview:large","max-video-preview":"max-video-preview:-1"},"canonical":"https:\/\/www.roadtowc.com\/fr\/voici-alejandro-velasco-le-jeune-talent-derriere-la-communication-de-la-coupe-du-monde-2026\/","og_locale":"fr_FR","og_type":"article","og_title":"Voici Alejandro Velasco : le jeune talent derri\u00e8re la communication de la Coupe du Monde 2026 - Road to the World Cup","og_description":"\u00c0 24 ans, Alejandro Velasco rejoint l\u2019\u00e9quipe communication de la Coupe du Monde 2026 \u00e0 Monterrey et r\u00e9alise son r\u00eave d\u2019enfance.","og_url":"https:\/\/www.roadtowc.com\/fr\/voici-alejandro-velasco-le-jeune-talent-derriere-la-communication-de-la-coupe-du-monde-2026\/","og_site_name":"Road to the World Cup","article_published_time":"2025-05-06T12:18:05+00:00","og_image":[{"width":400,"height":400,"url":"https:\/\/www.roadtowc.com\/wp-content\/uploads\/2025\/05\/alexVelazco.jpeg","type":"image\/jpeg"}],"author":"N8N Automation","twitter_card":"summary_large_image","twitter_creator":"@roadtowc","twitter_site":"@roadtowc","twitter_misc":{"\u00c9crit par":"N8N Automation","Dur\u00e9e de lecture estim\u00e9e":"1 minute"},"schema":{"@context":"https:\/\/schema.org","@graph":[{"@type":"Article","@id":"https:\/\/www.roadtowc.com\/fr\/voici-alejandro-velasco-le-jeune-talent-derriere-la-communication-de-la-coupe-du-monde-2026\/#article","isPartOf":{"@id":"https:\/\/www.roadtowc.com\/fr\/voici-alejandro-velasco-le-jeune-talent-derriere-la-communication-de-la-coupe-du-monde-2026\/"},"author":{"name":"N8N Automation","@id":"https:\/\/www.roadtowc.com\/fr\/#\/schema\/person\/740d00fd2cc5b25d2cc206df8febffc8"},"headline":"Voici Alejandro Velasco : le jeune talent derri\u00e8re la communication de la Coupe du Monde 2026","datePublished":"2025-05-06T12:18:05+00:00","mainEntityOfPage":{"@id":"https:\/\/www.roadtowc.com\/fr\/voici-alejandro-velasco-le-jeune-talent-derriere-la-communication-de-la-coupe-du-monde-2026\/"},"wordCount":307,"publisher":{"@id":"https:\/\/www.roadtowc.com\/fr\/#organization"},"image":{"@id":"https:\/\/www.roadtowc.com\/fr\/voici-alejandro-velasco-le-jeune-talent-derriere-la-communication-de-la-coupe-du-monde-2026\/#primaryimage"},"thumbnailUrl":"https:\/\/www.roadtowc.com\/wp-content\/uploads\/2025\/05\/alexVelazco.jpeg","articleSection":["Des nouvelles"],"inLanguage":"fr-FR"},{"@type":"WebPage","@id":"https:\/\/www.roadtowc.com\/fr\/voici-alejandro-velasco-le-jeune-talent-derriere-la-communication-de-la-coupe-du-monde-2026\/","url":"https:\/\/www.roadtowc.com\/fr\/voici-alejandro-velasco-le-jeune-talent-derriere-la-communication-de-la-coupe-du-monde-2026\/","name":"Voici Alejandro Velasco : le jeune talent derri\u00e8re la communication de la Coupe du Monde 2026 - Road to the World Cup","isPartOf":{"@id":"https:\/\/www.roadtowc.com\/fr\/#website"},"primaryImageOfPage":{"@id":"https:\/\/www.roadtowc.com\/fr\/voici-alejandro-velasco-le-jeune-talent-derriere-la-communication-de-la-coupe-du-monde-2026\/#primaryimage"},"image":{"@id":"https:\/\/www.roadtowc.com\/fr\/voici-alejandro-velasco-le-jeune-talent-derriere-la-communication-de-la-coupe-du-monde-2026\/#primaryimage"},"thumbnailUrl":"https:\/\/www.roadtowc.com\/wp-content\/uploads\/2025\/05\/alexVelazco.jpeg","datePublished":"2025-05-06T12:18:05+00:00","description":"\u00c0 24 ans, Alejandro Velasco rejoint l\u2019\u00e9quipe communication de la Coupe du Monde 2026 \u00e0 Monterrey et r\u00e9alise son r\u00eave d\u2019enfance.","breadcrumb":{"@id":"https:\/\/www.roadtowc.com\/fr\/voici-alejandro-velasco-le-jeune-talent-derriere-la-communication-de-la-coupe-du-monde-2026\/#breadcrumb"},"inLanguage":"fr-FR","potentialAction":[{"@type":"ReadAction","target":["https:\/\/www.roadtowc.com\/fr\/voici-alejandro-velasco-le-jeune-talent-derriere-la-communication-de-la-coupe-du-monde-2026\/"]}]},{"@type":"ImageObject","inLanguage":"fr-FR","@id":"https:\/\/www.roadtowc.com\/fr\/voici-alejandro-velasco-le-jeune-talent-derriere-la-communication-de-la-coupe-du-monde-2026\/#primaryimage","url":"https:\/\/www.roadtowc.com\/wp-content\/uploads\/2025\/05\/alexVelazco.jpeg","contentUrl":"https:\/\/www.roadtowc.com\/wp-content\/uploads\/2025\/05\/alexVelazco.jpeg","width":400,"height":400,"caption":"alexVelazco"},{"@type":"BreadcrumbList","@id":"https:\/\/www.roadtowc.com\/fr\/voici-alejandro-velasco-le-jeune-talent-derriere-la-communication-de-la-coupe-du-monde-2026\/#breadcrumb","itemListElement":[{"@type":"ListItem","position":1,"name":"Home","item":"https:\/\/www.roadtowc.com\/fr\/"},{"@type":"ListItem","position":2,"name":"Voici Alejandro Velasco : le jeune talent derri\u00e8re la communication de la Coupe du Monde 2026"}]},{"@type":"WebSite","@id":"https:\/\/www.roadtowc.com\/fr\/#website","url":"https:\/\/www.roadtowc.com\/fr\/","name":"Road to the World Cup","description":"Votre guide ultime de la Coupe du Monde de la FIFA 2026 : actualit\u00e9s, informations sur les billets, stades et plus encore, avec une couverture compl\u00e8te \u00e0 l\u2019approche du tournoi aux \u00c9tats-Unis, au Mexique et au Canada.","publisher":{"@id":"https:\/\/www.roadtowc.com\/fr\/#organization"},"alternateName":"Road to the World Cup","potentialAction":[{"@type":"SearchAction","target":{"@type":"EntryPoint","urlTemplate":"https:\/\/www.roadtowc.com\/fr\/?s={search_term_string}"},"query-input":{"@type":"PropertyValueSpecification","valueRequired":true,"valueName":"search_term_string"}}],"inLanguage":"fr-FR"},{"@type":"Organization","@id":"https:\/\/www.roadtowc.com\/fr\/#organization","name":"Road to the World Cup","alternateName":"Road to the World Cup","url":"https:\/\/www.roadtowc.com\/fr\/","logo":{"@type":"ImageObject","inLanguage":"fr-FR","@id":"https:\/\/www.roadtowc.com\/fr\/#\/schema\/logo\/image\/","url":"https:\/\/www.roadtowc.com\/wp-content\/uploads\/2024\/07\/New-Logo-head.png","contentUrl":"https:\/\/www.roadtowc.com\/wp-content\/uploads\/2024\/07\/New-Logo-head.png","width":1228,"height":1037,"caption":"Road to the World Cup"},"image":{"@id":"https:\/\/www.roadtowc.com\/fr\/#\/schema\/logo\/image\/"},"sameAs":["https:\/\/x.com\/roadtowc"]},{"@type":"Person","@id":"https:\/\/www.roadtowc.com\/fr\/#\/schema\/person\/740d00fd2cc5b25d2cc206df8febffc8","name":"N8N Automation","image":{"@type":"ImageObject","inLanguage":"fr-FR","@id":"https:\/\/secure.gravatar.com\/avatar\/6a6694f347bbf859fcc774b705dd5d56461a78adb9fbcc95e8485e149d49c06c?s=96&d=mm&r=g","url":"https:\/\/secure.gravatar.com\/avatar\/6a6694f347bbf859fcc774b705dd5d56461a78adb9fbcc95e8485e149d49c06c?s=96&d=mm&r=g","contentUrl":"https:\/\/secure.gravatar.com\/avatar\/6a6694f347bbf859fcc774b705dd5d56461a78adb9fbcc95e8485e149d49c06c?s=96&d=mm&r=g","caption":"N8N Automation"},"url":"https:\/\/www.roadtowc.com\/fr\/author\/n8nsmartservices-com-ar\/"}]}},"_links":{"self":[{"href":"https:\/\/www.roadtowc.com\/fr\/wp-json\/wp\/v2\/posts\/7011","targetHints":{"allow":["GET"]}}],"collection":[{"href":"https:\/\/www.roadtowc.com\/fr\/wp-json\/wp\/v2\/posts"}],"about":[{"href":"https:\/\/www.roadtowc.com\/fr\/wp-json\/wp\/v2\/types\/post"}],"author":[{"embeddable":true,"href":"https:\/\/www.roadtowc.com\/fr\/wp-json\/wp\/v2\/users\/32"}],"replies":[{"embeddable":true,"href":"https:\/\/www.roadtowc.com\/fr\/wp-json\/wp\/v2\/comments?post=7011"}],"version-history":[{"count":0,"href":"https:\/\/www.roadtowc.com\/fr\/wp-json\/wp\/v2\/posts\/7011\/revisions"}],"wp:featuredmedia":[{"embeddable":true,"href":"https:\/\/www.roadtowc.com\/fr\/wp-json\/wp\/v2\/media\/7007"}],"wp:attachment":[{"href":"https:\/\/www.roadtowc.com\/fr\/wp-json\/wp\/v2\/media?parent=7011"}],"wp:term":[{"taxonomy":"category","embeddable":true,"href":"https:\/\/www.roadtowc.com\/fr\/wp-json\/wp\/v2\/categories?post=7011"},{"taxonomy":"post_tag","embeddable":true,"href":"https:\/\/www.roadtowc.com\/fr\/wp-json\/wp\/v2\/tags?post=7011"}],"curies":[{"name":"wp","href":"https:\/\/api.w.org\/{rel}","templated":true}]}}