{"id":7149,"date":"2025-05-10T09:27:28","date_gmt":"2025-05-10T13:27:28","guid":{"rendered":"https:\/\/www.roadtowc.com\/la-fifa-adopte-de-nouvelles-sanctions-contre-le-racisme-avant-la-coupe-du-monde-2026\/"},"modified":"2025-05-10T09:27:28","modified_gmt":"2025-05-10T13:27:28","slug":"la-fifa-adopte-de-nouvelles-sanctions-contre-le-racisme-avant-la-coupe-du-monde-2026","status":"publish","type":"post","link":"https:\/\/www.roadtowc.com\/fr\/la-fifa-adopte-de-nouvelles-sanctions-contre-le-racisme-avant-la-coupe-du-monde-2026\/","title":{"rendered":"La FIFA adopte de nouvelles sanctions contre le racisme avant la Coupe du Monde 2026"},"content":{"rendered":"<h2>La FIFA adopte de nouvelles sanctions contre le racisme avant la Coupe du Monde 2026<\/h2>\n<p>Alors que la Coupe du Monde 2026 et la Coupe Intercontinentale 2025 approchent, la FIFA franchit une \u00e9tape majeure dans sa lutte contre le racisme en modifiant son Code disciplinaire. Cette r\u00e9forme vise \u00e0 instaurer une r\u00e9ponse ferme et globale face \u00e0 la discrimination dans le football.<\/p>\n<p>Parmi les mesures cl\u00e9s, un protocole en trois \u00e9tapes est d\u00e9sormais inscrit \u00e0 l\u2019Article 15 : les officiels peuvent interrompre un match en cas de chants ou comportements racistes, avec une application obligatoire dans toutes les conf\u00e9d\u00e9rations et f\u00e9d\u00e9rations membres.<\/p>\n<p>\u00ab Il s\u2019agit d\u2019un tournant radical dans notre engagement \u00e0 renforcer la r\u00e9gulation du football \u00bb, a d\u00e9clar\u00e9 Gianni Infantino, pr\u00e9sident de la FIFA. Les sanctions financi\u00e8res ont \u00e9galement \u00e9t\u00e9 revues \u00e0 la hausse : les amendes pour propos racistes peuvent d\u00e9sormais atteindre cinq millions de francs suisses.<\/p>\n<p>Les joueurs et officiels pourront aussi participer \u00e0 l\u2019identification des auteurs de ces actes, permettant ainsi des sanctions concr\u00e8tes sur le terrain comme en tribune.<\/p>\n<p>Chaque f\u00e9d\u00e9ration nationale devra adapter son propre r\u00e8glement pour se conformer aux nouvelles normes. En cas de sanctions jug\u00e9es insuffisantes, la FIFA pourra saisir le Tribunal Arbitral du Sport (TAS).<\/p>\n<p>Avec ces mesures, la FIFA affirme son engagement pour un football inclusif et exemplaire, \u00e0 la hauteur des valeurs du sport en amont de la Coupe du Monde 2026.<\/p>\n","protected":false},"excerpt":{"rendered":"<p>La FIFA adopte de nouvelles sanctions contre le racisme avant la Coupe du Monde 2026 Alors que la Coupe du<\/p>\n","protected":false},"author":32,"featured_media":7145,"comment_status":"closed","ping_status":"closed","sticky":false,"template":"","format":"standard","meta":{"footnotes":""},"categories":[24],"tags":[],"class_list":["post-7149","post","type-post","status-publish","format-standard","has-post-thumbnail","hentry","category-nouvelles"],"yoast_head":"<!-- This site is optimized with the Yoast SEO plugin v27.5 - https:\/\/yoast.com\/product\/yoast-seo-wordpress\/ -->\n<title>La FIFA adopte de nouvelles sanctions contre le racisme avant la Coupe du Monde 2026 - Road to the World Cup<\/title>\n<meta name=\"description\" content=\"La FIFA renforce son arsenal contre le racisme avant la Coupe du Monde 2026 avec de nouvelles sanctions et un protocole disciplinaire global.\" \/>\n<meta name=\"robots\" content=\"index, follow, max-snippet:-1, max-image-preview:large, max-video-preview:-1\" \/>\n<link rel=\"canonical\" href=\"https:\/\/www.roadtowc.com\/fr\/la-fifa-adopte-de-nouvelles-sanctions-contre-le-racisme-avant-la-coupe-du-monde-2026\/\" \/>\n<meta property=\"og:locale\" content=\"fr_FR\" \/>\n<meta property=\"og:type\" content=\"article\" \/>\n<meta property=\"og:title\" content=\"La FIFA adopte de nouvelles sanctions contre le racisme avant la Coupe du Monde 2026 - Road to the World Cup\" \/>\n<meta property=\"og:description\" content=\"La FIFA renforce son arsenal contre le racisme avant la Coupe du Monde 2026 avec de nouvelles sanctions et un protocole disciplinaire global.\" \/>\n<meta property=\"og:url\" content=\"https:\/\/www.roadtowc.com\/fr\/la-fifa-adopte-de-nouvelles-sanctions-contre-le-racisme-avant-la-coupe-du-monde-2026\/\" \/>\n<meta property=\"og:site_name\" content=\"Road to the World Cup\" \/>\n<meta property=\"article:published_time\" content=\"2025-05-10T13:27:28+00:00\" \/>\n<meta property=\"og:image\" content=\"https:\/\/www.roadtowc.com\/wp-content\/uploads\/2025\/05\/image-5.jpg\" \/>\n\t<meta property=\"og:image:width\" content=\"1024\" \/>\n\t<meta property=\"og:image:height\" content=\"768\" \/>\n\t<meta property=\"og:image:type\" content=\"image\/jpeg\" \/>\n<meta name=\"author\" content=\"N8N Automation\" \/>\n<meta name=\"twitter:card\" content=\"summary_large_image\" \/>\n<meta name=\"twitter:creator\" content=\"@roadtowc\" \/>\n<meta name=\"twitter:site\" content=\"@roadtowc\" \/>\n<meta name=\"twitter:label1\" content=\"\u00c9crit par\" \/>\n\t<meta name=\"twitter:data1\" content=\"N8N Automation\" \/>\n\t<meta name=\"twitter:label2\" content=\"Dur\u00e9e de lecture estim\u00e9e\" \/>\n\t<meta name=\"twitter:data2\" content=\"1 minute\" \/>\n<script type=\"application\/ld+json\" class=\"yoast-schema-graph\">{\"@context\":\"https:\\\/\\\/schema.org\",\"@graph\":[{\"@type\":\"Article\",\"@id\":\"https:\\\/\\\/www.roadtowc.com\\\/fr\\\/la-fifa-adopte-de-nouvelles-sanctions-contre-le-racisme-avant-la-coupe-du-monde-2026\\\/#article\",\"isPartOf\":{\"@id\":\"https:\\\/\\\/www.roadtowc.com\\\/fr\\\/la-fifa-adopte-de-nouvelles-sanctions-contre-le-racisme-avant-la-coupe-du-monde-2026\\\/\"},\"author\":{\"name\":\"N8N Automation\",\"@id\":\"https:\\\/\\\/www.roadtowc.com\\\/fr\\\/#\\\/schema\\\/person\\\/740d00fd2cc5b25d2cc206df8febffc8\"},\"headline\":\"La FIFA adopte de nouvelles sanctions contre le racisme avant la Coupe du Monde 2026\",\"datePublished\":\"2025-05-10T13:27:28+00:00\",\"mainEntityOfPage\":{\"@id\":\"https:\\\/\\\/www.roadtowc.com\\\/fr\\\/la-fifa-adopte-de-nouvelles-sanctions-contre-le-racisme-avant-la-coupe-du-monde-2026\\\/\"},\"wordCount\":254,\"publisher\":{\"@id\":\"https:\\\/\\\/www.roadtowc.com\\\/fr\\\/#organization\"},\"image\":{\"@id\":\"https:\\\/\\\/www.roadtowc.com\\\/fr\\\/la-fifa-adopte-de-nouvelles-sanctions-contre-le-racisme-avant-la-coupe-du-monde-2026\\\/#primaryimage\"},\"thumbnailUrl\":\"https:\\\/\\\/www.roadtowc.com\\\/wp-content\\\/uploads\\\/2025\\\/05\\\/image-5.jpg\",\"articleSection\":[\"Des nouvelles\"],\"inLanguage\":\"fr-FR\"},{\"@type\":\"WebPage\",\"@id\":\"https:\\\/\\\/www.roadtowc.com\\\/fr\\\/la-fifa-adopte-de-nouvelles-sanctions-contre-le-racisme-avant-la-coupe-du-monde-2026\\\/\",\"url\":\"https:\\\/\\\/www.roadtowc.com\\\/fr\\\/la-fifa-adopte-de-nouvelles-sanctions-contre-le-racisme-avant-la-coupe-du-monde-2026\\\/\",\"name\":\"La FIFA adopte de nouvelles sanctions contre le racisme avant la Coupe du Monde 2026 - Road to the World Cup\",\"isPartOf\":{\"@id\":\"https:\\\/\\\/www.roadtowc.com\\\/fr\\\/#website\"},\"primaryImageOfPage\":{\"@id\":\"https:\\\/\\\/www.roadtowc.com\\\/fr\\\/la-fifa-adopte-de-nouvelles-sanctions-contre-le-racisme-avant-la-coupe-du-monde-2026\\\/#primaryimage\"},\"image\":{\"@id\":\"https:\\\/\\\/www.roadtowc.com\\\/fr\\\/la-fifa-adopte-de-nouvelles-sanctions-contre-le-racisme-avant-la-coupe-du-monde-2026\\\/#primaryimage\"},\"thumbnailUrl\":\"https:\\\/\\\/www.roadtowc.com\\\/wp-content\\\/uploads\\\/2025\\\/05\\\/image-5.jpg\",\"datePublished\":\"2025-05-10T13:27:28+00:00\",\"description\":\"La FIFA renforce son arsenal contre le racisme avant la Coupe du Monde 2026 avec de nouvelles sanctions et un protocole disciplinaire global.\",\"breadcrumb\":{\"@id\":\"https:\\\/\\\/www.roadtowc.com\\\/fr\\\/la-fifa-adopte-de-nouvelles-sanctions-contre-le-racisme-avant-la-coupe-du-monde-2026\\\/#breadcrumb\"},\"inLanguage\":\"fr-FR\",\"potentialAction\":[{\"@type\":\"ReadAction\",\"target\":[\"https:\\\/\\\/www.roadtowc.com\\\/fr\\\/la-fifa-adopte-de-nouvelles-sanctions-contre-le-racisme-avant-la-coupe-du-monde-2026\\\/\"]}]},{\"@type\":\"ImageObject\",\"inLanguage\":\"fr-FR\",\"@id\":\"https:\\\/\\\/www.roadtowc.com\\\/fr\\\/la-fifa-adopte-de-nouvelles-sanctions-contre-le-racisme-avant-la-coupe-du-monde-2026\\\/#primaryimage\",\"url\":\"https:\\\/\\\/www.roadtowc.com\\\/wp-content\\\/uploads\\\/2025\\\/05\\\/image-5.jpg\",\"contentUrl\":\"https:\\\/\\\/www.roadtowc.com\\\/wp-content\\\/uploads\\\/2025\\\/05\\\/image-5.jpg\",\"width\":1024,\"height\":768,\"caption\":\"FIFA anti-racism sanctions World Cup 2026\"},{\"@type\":\"BreadcrumbList\",\"@id\":\"https:\\\/\\\/www.roadtowc.com\\\/fr\\\/la-fifa-adopte-de-nouvelles-sanctions-contre-le-racisme-avant-la-coupe-du-monde-2026\\\/#breadcrumb\",\"itemListElement\":[{\"@type\":\"ListItem\",\"position\":1,\"name\":\"Home\",\"item\":\"https:\\\/\\\/www.roadtowc.com\\\/fr\\\/\"},{\"@type\":\"ListItem\",\"position\":2,\"name\":\"La FIFA adopte de nouvelles sanctions contre le racisme avant la Coupe du Monde 2026\"}]},{\"@type\":\"WebSite\",\"@id\":\"https:\\\/\\\/www.roadtowc.com\\\/fr\\\/#website\",\"url\":\"https:\\\/\\\/www.roadtowc.com\\\/fr\\\/\",\"name\":\"Road to the World Cup\",\"description\":\"Votre guide ultime de la Coupe du Monde de la FIFA 2026 : actualit\u00e9s, informations sur les billets, stades et plus encore, avec une couverture compl\u00e8te \u00e0 l\u2019approche du tournoi aux \u00c9tats-Unis, au Mexique et au Canada.\",\"publisher\":{\"@id\":\"https:\\\/\\\/www.roadtowc.com\\\/fr\\\/#organization\"},\"alternateName\":\"Road to the World Cup\",\"potentialAction\":[{\"@type\":\"SearchAction\",\"target\":{\"@type\":\"EntryPoint\",\"urlTemplate\":\"https:\\\/\\\/www.roadtowc.com\\\/fr\\\/?s={search_term_string}\"},\"query-input\":{\"@type\":\"PropertyValueSpecification\",\"valueRequired\":true,\"valueName\":\"search_term_string\"}}],\"inLanguage\":\"fr-FR\"},{\"@type\":\"Organization\",\"@id\":\"https:\\\/\\\/www.roadtowc.com\\\/fr\\\/#organization\",\"name\":\"Road to the World Cup\",\"alternateName\":\"Road to the World Cup\",\"url\":\"https:\\\/\\\/www.roadtowc.com\\\/fr\\\/\",\"logo\":{\"@type\":\"ImageObject\",\"inLanguage\":\"fr-FR\",\"@id\":\"https:\\\/\\\/www.roadtowc.com\\\/fr\\\/#\\\/schema\\\/logo\\\/image\\\/\",\"url\":\"https:\\\/\\\/www.roadtowc.com\\\/wp-content\\\/uploads\\\/2024\\\/07\\\/New-Logo-head.png\",\"contentUrl\":\"https:\\\/\\\/www.roadtowc.com\\\/wp-content\\\/uploads\\\/2024\\\/07\\\/New-Logo-head.png\",\"width\":1228,\"height\":1037,\"caption\":\"Road to the World Cup\"},\"image\":{\"@id\":\"https:\\\/\\\/www.roadtowc.com\\\/fr\\\/#\\\/schema\\\/logo\\\/image\\\/\"},\"sameAs\":[\"https:\\\/\\\/x.com\\\/roadtowc\"]},{\"@type\":\"Person\",\"@id\":\"https:\\\/\\\/www.roadtowc.com\\\/fr\\\/#\\\/schema\\\/person\\\/740d00fd2cc5b25d2cc206df8febffc8\",\"name\":\"N8N Automation\",\"image\":{\"@type\":\"ImageObject\",\"inLanguage\":\"fr-FR\",\"@id\":\"https:\\\/\\\/secure.gravatar.com\\\/avatar\\\/6a6694f347bbf859fcc774b705dd5d56461a78adb9fbcc95e8485e149d49c06c?s=96&d=mm&r=g\",\"url\":\"https:\\\/\\\/secure.gravatar.com\\\/avatar\\\/6a6694f347bbf859fcc774b705dd5d56461a78adb9fbcc95e8485e149d49c06c?s=96&d=mm&r=g\",\"contentUrl\":\"https:\\\/\\\/secure.gravatar.com\\\/avatar\\\/6a6694f347bbf859fcc774b705dd5d56461a78adb9fbcc95e8485e149d49c06c?s=96&d=mm&r=g\",\"caption\":\"N8N Automation\"},\"url\":\"https:\\\/\\\/www.roadtowc.com\\\/fr\\\/author\\\/n8nsmartservices-com-ar\\\/\"}]}<\/script>\n<!-- \/ Yoast SEO plugin. -->","yoast_head_json":{"title":"La FIFA adopte de nouvelles sanctions contre le racisme avant la Coupe du Monde 2026 - Road to the World Cup","description":"La FIFA renforce son arsenal contre le racisme avant la Coupe du Monde 2026 avec de nouvelles sanctions et un protocole disciplinaire global.","robots":{"index":"index","follow":"follow","max-snippet":"max-snippet:-1","max-image-preview":"max-image-preview:large","max-video-preview":"max-video-preview:-1"},"canonical":"https:\/\/www.roadtowc.com\/fr\/la-fifa-adopte-de-nouvelles-sanctions-contre-le-racisme-avant-la-coupe-du-monde-2026\/","og_locale":"fr_FR","og_type":"article","og_title":"La FIFA adopte de nouvelles sanctions contre le racisme avant la Coupe du Monde 2026 - Road to the World Cup","og_description":"La FIFA renforce son arsenal contre le racisme avant la Coupe du Monde 2026 avec de nouvelles sanctions et un protocole disciplinaire global.","og_url":"https:\/\/www.roadtowc.com\/fr\/la-fifa-adopte-de-nouvelles-sanctions-contre-le-racisme-avant-la-coupe-du-monde-2026\/","og_site_name":"Road to the World Cup","article_published_time":"2025-05-10T13:27:28+00:00","og_image":[{"width":1024,"height":768,"url":"https:\/\/www.roadtowc.com\/wp-content\/uploads\/2025\/05\/image-5.jpg","type":"image\/jpeg"}],"author":"N8N Automation","twitter_card":"summary_large_image","twitter_creator":"@roadtowc","twitter_site":"@roadtowc","twitter_misc":{"\u00c9crit par":"N8N Automation","Dur\u00e9e de lecture estim\u00e9e":"1 minute"},"schema":{"@context":"https:\/\/schema.org","@graph":[{"@type":"Article","@id":"https:\/\/www.roadtowc.com\/fr\/la-fifa-adopte-de-nouvelles-sanctions-contre-le-racisme-avant-la-coupe-du-monde-2026\/#article","isPartOf":{"@id":"https:\/\/www.roadtowc.com\/fr\/la-fifa-adopte-de-nouvelles-sanctions-contre-le-racisme-avant-la-coupe-du-monde-2026\/"},"author":{"name":"N8N Automation","@id":"https:\/\/www.roadtowc.com\/fr\/#\/schema\/person\/740d00fd2cc5b25d2cc206df8febffc8"},"headline":"La FIFA adopte de nouvelles sanctions contre le racisme avant la Coupe du Monde 2026","datePublished":"2025-05-10T13:27:28+00:00","mainEntityOfPage":{"@id":"https:\/\/www.roadtowc.com\/fr\/la-fifa-adopte-de-nouvelles-sanctions-contre-le-racisme-avant-la-coupe-du-monde-2026\/"},"wordCount":254,"publisher":{"@id":"https:\/\/www.roadtowc.com\/fr\/#organization"},"image":{"@id":"https:\/\/www.roadtowc.com\/fr\/la-fifa-adopte-de-nouvelles-sanctions-contre-le-racisme-avant-la-coupe-du-monde-2026\/#primaryimage"},"thumbnailUrl":"https:\/\/www.roadtowc.com\/wp-content\/uploads\/2025\/05\/image-5.jpg","articleSection":["Des nouvelles"],"inLanguage":"fr-FR"},{"@type":"WebPage","@id":"https:\/\/www.roadtowc.com\/fr\/la-fifa-adopte-de-nouvelles-sanctions-contre-le-racisme-avant-la-coupe-du-monde-2026\/","url":"https:\/\/www.roadtowc.com\/fr\/la-fifa-adopte-de-nouvelles-sanctions-contre-le-racisme-avant-la-coupe-du-monde-2026\/","name":"La FIFA adopte de nouvelles sanctions contre le racisme avant la Coupe du Monde 2026 - Road to the World Cup","isPartOf":{"@id":"https:\/\/www.roadtowc.com\/fr\/#website"},"primaryImageOfPage":{"@id":"https:\/\/www.roadtowc.com\/fr\/la-fifa-adopte-de-nouvelles-sanctions-contre-le-racisme-avant-la-coupe-du-monde-2026\/#primaryimage"},"image":{"@id":"https:\/\/www.roadtowc.com\/fr\/la-fifa-adopte-de-nouvelles-sanctions-contre-le-racisme-avant-la-coupe-du-monde-2026\/#primaryimage"},"thumbnailUrl":"https:\/\/www.roadtowc.com\/wp-content\/uploads\/2025\/05\/image-5.jpg","datePublished":"2025-05-10T13:27:28+00:00","description":"La FIFA renforce son arsenal contre le racisme avant la Coupe du Monde 2026 avec de nouvelles sanctions et un protocole disciplinaire global.","breadcrumb":{"@id":"https:\/\/www.roadtowc.com\/fr\/la-fifa-adopte-de-nouvelles-sanctions-contre-le-racisme-avant-la-coupe-du-monde-2026\/#breadcrumb"},"inLanguage":"fr-FR","potentialAction":[{"@type":"ReadAction","target":["https:\/\/www.roadtowc.com\/fr\/la-fifa-adopte-de-nouvelles-sanctions-contre-le-racisme-avant-la-coupe-du-monde-2026\/"]}]},{"@type":"ImageObject","inLanguage":"fr-FR","@id":"https:\/\/www.roadtowc.com\/fr\/la-fifa-adopte-de-nouvelles-sanctions-contre-le-racisme-avant-la-coupe-du-monde-2026\/#primaryimage","url":"https:\/\/www.roadtowc.com\/wp-content\/uploads\/2025\/05\/image-5.jpg","contentUrl":"https:\/\/www.roadtowc.com\/wp-content\/uploads\/2025\/05\/image-5.jpg","width":1024,"height":768,"caption":"FIFA anti-racism sanctions World Cup 2026"},{"@type":"BreadcrumbList","@id":"https:\/\/www.roadtowc.com\/fr\/la-fifa-adopte-de-nouvelles-sanctions-contre-le-racisme-avant-la-coupe-du-monde-2026\/#breadcrumb","itemListElement":[{"@type":"ListItem","position":1,"name":"Home","item":"https:\/\/www.roadtowc.com\/fr\/"},{"@type":"ListItem","position":2,"name":"La FIFA adopte de nouvelles sanctions contre le racisme avant la Coupe du Monde 2026"}]},{"@type":"WebSite","@id":"https:\/\/www.roadtowc.com\/fr\/#website","url":"https:\/\/www.roadtowc.com\/fr\/","name":"Road to the World Cup","description":"Votre guide ultime de la Coupe du Monde de la FIFA 2026 : actualit\u00e9s, informations sur les billets, stades et plus encore, avec une couverture compl\u00e8te \u00e0 l\u2019approche du tournoi aux \u00c9tats-Unis, au Mexique et au Canada.","publisher":{"@id":"https:\/\/www.roadtowc.com\/fr\/#organization"},"alternateName":"Road to the World Cup","potentialAction":[{"@type":"SearchAction","target":{"@type":"EntryPoint","urlTemplate":"https:\/\/www.roadtowc.com\/fr\/?s={search_term_string}"},"query-input":{"@type":"PropertyValueSpecification","valueRequired":true,"valueName":"search_term_string"}}],"inLanguage":"fr-FR"},{"@type":"Organization","@id":"https:\/\/www.roadtowc.com\/fr\/#organization","name":"Road to the World Cup","alternateName":"Road to the World Cup","url":"https:\/\/www.roadtowc.com\/fr\/","logo":{"@type":"ImageObject","inLanguage":"fr-FR","@id":"https:\/\/www.roadtowc.com\/fr\/#\/schema\/logo\/image\/","url":"https:\/\/www.roadtowc.com\/wp-content\/uploads\/2024\/07\/New-Logo-head.png","contentUrl":"https:\/\/www.roadtowc.com\/wp-content\/uploads\/2024\/07\/New-Logo-head.png","width":1228,"height":1037,"caption":"Road to the World Cup"},"image":{"@id":"https:\/\/www.roadtowc.com\/fr\/#\/schema\/logo\/image\/"},"sameAs":["https:\/\/x.com\/roadtowc"]},{"@type":"Person","@id":"https:\/\/www.roadtowc.com\/fr\/#\/schema\/person\/740d00fd2cc5b25d2cc206df8febffc8","name":"N8N Automation","image":{"@type":"ImageObject","inLanguage":"fr-FR","@id":"https:\/\/secure.gravatar.com\/avatar\/6a6694f347bbf859fcc774b705dd5d56461a78adb9fbcc95e8485e149d49c06c?s=96&d=mm&r=g","url":"https:\/\/secure.gravatar.com\/avatar\/6a6694f347bbf859fcc774b705dd5d56461a78adb9fbcc95e8485e149d49c06c?s=96&d=mm&r=g","contentUrl":"https:\/\/secure.gravatar.com\/avatar\/6a6694f347bbf859fcc774b705dd5d56461a78adb9fbcc95e8485e149d49c06c?s=96&d=mm&r=g","caption":"N8N Automation"},"url":"https:\/\/www.roadtowc.com\/fr\/author\/n8nsmartservices-com-ar\/"}]}},"_links":{"self":[{"href":"https:\/\/www.roadtowc.com\/fr\/wp-json\/wp\/v2\/posts\/7149","targetHints":{"allow":["GET"]}}],"collection":[{"href":"https:\/\/www.roadtowc.com\/fr\/wp-json\/wp\/v2\/posts"}],"about":[{"href":"https:\/\/www.roadtowc.com\/fr\/wp-json\/wp\/v2\/types\/post"}],"author":[{"embeddable":true,"href":"https:\/\/www.roadtowc.com\/fr\/wp-json\/wp\/v2\/users\/32"}],"replies":[{"embeddable":true,"href":"https:\/\/www.roadtowc.com\/fr\/wp-json\/wp\/v2\/comments?post=7149"}],"version-history":[{"count":0,"href":"https:\/\/www.roadtowc.com\/fr\/wp-json\/wp\/v2\/posts\/7149\/revisions"}],"wp:featuredmedia":[{"embeddable":true,"href":"https:\/\/www.roadtowc.com\/fr\/wp-json\/wp\/v2\/media\/7145"}],"wp:attachment":[{"href":"https:\/\/www.roadtowc.com\/fr\/wp-json\/wp\/v2\/media?parent=7149"}],"wp:term":[{"taxonomy":"category","embeddable":true,"href":"https:\/\/www.roadtowc.com\/fr\/wp-json\/wp\/v2\/categories?post=7149"},{"taxonomy":"post_tag","embeddable":true,"href":"https:\/\/www.roadtowc.com\/fr\/wp-json\/wp\/v2\/tags?post=7149"}],"curies":[{"name":"wp","href":"https:\/\/api.w.org\/{rel}","templated":true}]}}