{"id":7193,"date":"2025-05-13T16:37:54","date_gmt":"2025-05-13T20:37:54","guid":{"rendered":"https:\/\/www.roadtowc.com\/carlo-ancelotti-nomme-selectionneur-du-bresil-pour-la-coupe-du-monde-2026\/"},"modified":"2025-05-13T16:37:54","modified_gmt":"2025-05-13T20:37:54","slug":"carlo-ancelotti-nomme-selectionneur-du-bresil-pour-la-coupe-du-monde-2026","status":"publish","type":"post","link":"https:\/\/www.roadtowc.com\/fr\/carlo-ancelotti-nomme-selectionneur-du-bresil-pour-la-coupe-du-monde-2026\/","title":{"rendered":"Carlo Ancelotti nomm\u00e9 s\u00e9lectionneur du Br\u00e9sil pour la Coupe du Monde 2026"},"content":{"rendered":"<h2>Carlo Ancelotti nomm\u00e9 s\u00e9lectionneur du Br\u00e9sil pour la Coupe du Monde 2026<\/h2>\n<p>Dans une annonce qui a secou\u00e9 le monde du football, la Conf\u00e9d\u00e9ration br\u00e9silienne de football a officialis\u00e9 la nomination de Carlo Ancelotti \u00e0 la t\u00eate de la Sele\u00e7\u00e3o pour la Coupe du Monde 2026. L&rsquo;entra\u00eeneur italien, consid\u00e9r\u00e9 comme l\u2019un des plus titr\u00e9s de l\u2019histoire, succ\u00e8de \u00e0 Dorival J\u00fanior avec pour mission de ramener le Br\u00e9sil au sommet.<\/p>\n<p>Ednaldo Rodrigues, pr\u00e9sident de la CBF, a d\u00e9clar\u00e9 : \u00ab Carlo Ancelotti est le meilleur entra\u00eeneur de tous les temps, et d\u00e9sormais il dirigera la meilleure \u00e9quipe nationale du monde. Cette collaboration est appel\u00e9e \u00e0 \u00e9crire de nouvelles pages d\u2019or dans le football br\u00e9silien. \u00bb<\/p>\n<p>En plus de pr\u00e9parer le Mondial, Ancelotti dirigera les deux prochains matchs qualificatifs contre l\u2019\u00c9quateur et le Paraguay. Il devient ainsi le premier s\u00e9lectionneur \u00e9tranger du Br\u00e9sil depuis l\u2019Argentin Filpo N\u00fa\u00f1ez en 1965.<\/p>\n<p>Il est \u00e9galement le troisi\u00e8me entra\u00eeneur du cycle actuel des \u00e9liminatoires, apr\u00e8s les d\u00e9parts de Fernando Diniz et Dorival J\u00fanior, \u00e9cart\u00e9s suite \u00e0 des d\u00e9faites face \u00e0 l\u2019Argentine de Messi. Le Br\u00e9sil se trouve actuellement \u00e0 la quatri\u00e8me place du classement, derri\u00e8re l\u2019\u00c9quateur et l\u2019Uruguay, tandis que l\u2019Argentine est d\u00e9j\u00e0 qualifi\u00e9e.<\/p>\n<p>Avec son immense exp\u00e9rience et ses multiples titres europ\u00e9ens, Ancelotti repr\u00e9sente l\u2019espoir de tout un pays de retrouver la gloire sur la sc\u00e8ne mondiale en 2026.<\/p>\n","protected":false},"excerpt":{"rendered":"<p>Carlo Ancelotti nomm\u00e9 s\u00e9lectionneur du Br\u00e9sil pour la Coupe du Monde 2026 Dans une annonce qui a secou\u00e9 le monde<\/p>\n","protected":false},"author":32,"featured_media":7189,"comment_status":"closed","ping_status":"closed","sticky":false,"template":"","format":"standard","meta":{"footnotes":""},"categories":[24],"tags":[],"class_list":["post-7193","post","type-post","status-publish","format-standard","has-post-thumbnail","hentry","category-nouvelles"],"yoast_head":"<!-- This site is optimized with the Yoast SEO plugin v27.5 - https:\/\/yoast.com\/product\/yoast-seo-wordpress\/ -->\n<title>Carlo Ancelotti nomm\u00e9 s\u00e9lectionneur du Br\u00e9sil pour la Coupe du Monde 2026 - Road to the World Cup<\/title>\n<meta name=\"description\" content=\"Carlo Ancelotti devient s\u00e9lectionneur du Br\u00e9sil pour la Coupe du Monde 2026, avec l\u2019ambition de reconqu\u00e9rir le sommet du football mondial.\" \/>\n<meta name=\"robots\" content=\"index, follow, max-snippet:-1, max-image-preview:large, max-video-preview:-1\" \/>\n<link rel=\"canonical\" href=\"https:\/\/www.roadtowc.com\/fr\/carlo-ancelotti-nomme-selectionneur-du-bresil-pour-la-coupe-du-monde-2026\/\" \/>\n<meta property=\"og:locale\" content=\"fr_FR\" \/>\n<meta property=\"og:type\" content=\"article\" \/>\n<meta property=\"og:title\" content=\"Carlo Ancelotti nomm\u00e9 s\u00e9lectionneur du Br\u00e9sil pour la Coupe du Monde 2026 - Road to the World Cup\" \/>\n<meta property=\"og:description\" content=\"Carlo Ancelotti devient s\u00e9lectionneur du Br\u00e9sil pour la Coupe du Monde 2026, avec l\u2019ambition de reconqu\u00e9rir le sommet du football mondial.\" \/>\n<meta property=\"og:url\" content=\"https:\/\/www.roadtowc.com\/fr\/carlo-ancelotti-nomme-selectionneur-du-bresil-pour-la-coupe-du-monde-2026\/\" \/>\n<meta property=\"og:site_name\" content=\"Road to the World Cup\" \/>\n<meta property=\"article:published_time\" content=\"2025-05-13T20:37:54+00:00\" \/>\n<meta property=\"og:image\" content=\"https:\/\/www.roadtowc.com\/wp-content\/uploads\/2025\/05\/image-4-1.jpg\" \/>\n\t<meta property=\"og:image:width\" content=\"1024\" \/>\n\t<meta property=\"og:image:height\" content=\"768\" \/>\n\t<meta property=\"og:image:type\" content=\"image\/jpeg\" \/>\n<meta name=\"author\" content=\"N8N Automation\" \/>\n<meta name=\"twitter:card\" content=\"summary_large_image\" \/>\n<meta name=\"twitter:creator\" content=\"@roadtowc\" \/>\n<meta name=\"twitter:site\" content=\"@roadtowc\" \/>\n<meta name=\"twitter:label1\" content=\"\u00c9crit par\" \/>\n\t<meta name=\"twitter:data1\" content=\"N8N Automation\" \/>\n\t<meta name=\"twitter:label2\" content=\"Dur\u00e9e de lecture estim\u00e9e\" \/>\n\t<meta name=\"twitter:data2\" content=\"1 minute\" \/>\n<script type=\"application\/ld+json\" class=\"yoast-schema-graph\">{\"@context\":\"https:\\\/\\\/schema.org\",\"@graph\":[{\"@type\":\"Article\",\"@id\":\"https:\\\/\\\/www.roadtowc.com\\\/fr\\\/carlo-ancelotti-nomme-selectionneur-du-bresil-pour-la-coupe-du-monde-2026\\\/#article\",\"isPartOf\":{\"@id\":\"https:\\\/\\\/www.roadtowc.com\\\/fr\\\/carlo-ancelotti-nomme-selectionneur-du-bresil-pour-la-coupe-du-monde-2026\\\/\"},\"author\":{\"name\":\"N8N Automation\",\"@id\":\"https:\\\/\\\/www.roadtowc.com\\\/fr\\\/#\\\/schema\\\/person\\\/740d00fd2cc5b25d2cc206df8febffc8\"},\"headline\":\"Carlo Ancelotti nomm\u00e9 s\u00e9lectionneur du Br\u00e9sil pour la Coupe du Monde 2026\",\"datePublished\":\"2025-05-13T20:37:54+00:00\",\"mainEntityOfPage\":{\"@id\":\"https:\\\/\\\/www.roadtowc.com\\\/fr\\\/carlo-ancelotti-nomme-selectionneur-du-bresil-pour-la-coupe-du-monde-2026\\\/\"},\"wordCount\":274,\"publisher\":{\"@id\":\"https:\\\/\\\/www.roadtowc.com\\\/fr\\\/#organization\"},\"image\":{\"@id\":\"https:\\\/\\\/www.roadtowc.com\\\/fr\\\/carlo-ancelotti-nomme-selectionneur-du-bresil-pour-la-coupe-du-monde-2026\\\/#primaryimage\"},\"thumbnailUrl\":\"https:\\\/\\\/www.roadtowc.com\\\/wp-content\\\/uploads\\\/2025\\\/05\\\/image-4-1.jpg\",\"articleSection\":[\"Des nouvelles\"],\"inLanguage\":\"fr-FR\"},{\"@type\":\"WebPage\",\"@id\":\"https:\\\/\\\/www.roadtowc.com\\\/fr\\\/carlo-ancelotti-nomme-selectionneur-du-bresil-pour-la-coupe-du-monde-2026\\\/\",\"url\":\"https:\\\/\\\/www.roadtowc.com\\\/fr\\\/carlo-ancelotti-nomme-selectionneur-du-bresil-pour-la-coupe-du-monde-2026\\\/\",\"name\":\"Carlo Ancelotti nomm\u00e9 s\u00e9lectionneur du Br\u00e9sil pour la Coupe du Monde 2026 - Road to the World Cup\",\"isPartOf\":{\"@id\":\"https:\\\/\\\/www.roadtowc.com\\\/fr\\\/#website\"},\"primaryImageOfPage\":{\"@id\":\"https:\\\/\\\/www.roadtowc.com\\\/fr\\\/carlo-ancelotti-nomme-selectionneur-du-bresil-pour-la-coupe-du-monde-2026\\\/#primaryimage\"},\"image\":{\"@id\":\"https:\\\/\\\/www.roadtowc.com\\\/fr\\\/carlo-ancelotti-nomme-selectionneur-du-bresil-pour-la-coupe-du-monde-2026\\\/#primaryimage\"},\"thumbnailUrl\":\"https:\\\/\\\/www.roadtowc.com\\\/wp-content\\\/uploads\\\/2025\\\/05\\\/image-4-1.jpg\",\"datePublished\":\"2025-05-13T20:37:54+00:00\",\"description\":\"Carlo Ancelotti devient s\u00e9lectionneur du Br\u00e9sil pour la Coupe du Monde 2026, avec l\u2019ambition de reconqu\u00e9rir le sommet du football mondial.\",\"breadcrumb\":{\"@id\":\"https:\\\/\\\/www.roadtowc.com\\\/fr\\\/carlo-ancelotti-nomme-selectionneur-du-bresil-pour-la-coupe-du-monde-2026\\\/#breadcrumb\"},\"inLanguage\":\"fr-FR\",\"potentialAction\":[{\"@type\":\"ReadAction\",\"target\":[\"https:\\\/\\\/www.roadtowc.com\\\/fr\\\/carlo-ancelotti-nomme-selectionneur-du-bresil-pour-la-coupe-du-monde-2026\\\/\"]}]},{\"@type\":\"ImageObject\",\"inLanguage\":\"fr-FR\",\"@id\":\"https:\\\/\\\/www.roadtowc.com\\\/fr\\\/carlo-ancelotti-nomme-selectionneur-du-bresil-pour-la-coupe-du-monde-2026\\\/#primaryimage\",\"url\":\"https:\\\/\\\/www.roadtowc.com\\\/wp-content\\\/uploads\\\/2025\\\/05\\\/image-4-1.jpg\",\"contentUrl\":\"https:\\\/\\\/www.roadtowc.com\\\/wp-content\\\/uploads\\\/2025\\\/05\\\/image-4-1.jpg\",\"width\":1024,\"height\":768,\"caption\":\"Ancelotti Brazil head coach World Cup 2026\"},{\"@type\":\"BreadcrumbList\",\"@id\":\"https:\\\/\\\/www.roadtowc.com\\\/fr\\\/carlo-ancelotti-nomme-selectionneur-du-bresil-pour-la-coupe-du-monde-2026\\\/#breadcrumb\",\"itemListElement\":[{\"@type\":\"ListItem\",\"position\":1,\"name\":\"Home\",\"item\":\"https:\\\/\\\/www.roadtowc.com\\\/fr\\\/\"},{\"@type\":\"ListItem\",\"position\":2,\"name\":\"Carlo Ancelotti nomm\u00e9 s\u00e9lectionneur du Br\u00e9sil pour la Coupe du Monde 2026\"}]},{\"@type\":\"WebSite\",\"@id\":\"https:\\\/\\\/www.roadtowc.com\\\/fr\\\/#website\",\"url\":\"https:\\\/\\\/www.roadtowc.com\\\/fr\\\/\",\"name\":\"Road to the World Cup\",\"description\":\"Votre guide ultime de la Coupe du Monde de la FIFA 2026 : actualit\u00e9s, informations sur les billets, stades et plus encore, avec une couverture compl\u00e8te \u00e0 l\u2019approche du tournoi aux \u00c9tats-Unis, au Mexique et au Canada.\",\"publisher\":{\"@id\":\"https:\\\/\\\/www.roadtowc.com\\\/fr\\\/#organization\"},\"alternateName\":\"Road to the World Cup\",\"potentialAction\":[{\"@type\":\"SearchAction\",\"target\":{\"@type\":\"EntryPoint\",\"urlTemplate\":\"https:\\\/\\\/www.roadtowc.com\\\/fr\\\/?s={search_term_string}\"},\"query-input\":{\"@type\":\"PropertyValueSpecification\",\"valueRequired\":true,\"valueName\":\"search_term_string\"}}],\"inLanguage\":\"fr-FR\"},{\"@type\":\"Organization\",\"@id\":\"https:\\\/\\\/www.roadtowc.com\\\/fr\\\/#organization\",\"name\":\"Road to the World Cup\",\"alternateName\":\"Road to the World Cup\",\"url\":\"https:\\\/\\\/www.roadtowc.com\\\/fr\\\/\",\"logo\":{\"@type\":\"ImageObject\",\"inLanguage\":\"fr-FR\",\"@id\":\"https:\\\/\\\/www.roadtowc.com\\\/fr\\\/#\\\/schema\\\/logo\\\/image\\\/\",\"url\":\"https:\\\/\\\/www.roadtowc.com\\\/wp-content\\\/uploads\\\/2024\\\/07\\\/New-Logo-head.png\",\"contentUrl\":\"https:\\\/\\\/www.roadtowc.com\\\/wp-content\\\/uploads\\\/2024\\\/07\\\/New-Logo-head.png\",\"width\":1228,\"height\":1037,\"caption\":\"Road to the World Cup\"},\"image\":{\"@id\":\"https:\\\/\\\/www.roadtowc.com\\\/fr\\\/#\\\/schema\\\/logo\\\/image\\\/\"},\"sameAs\":[\"https:\\\/\\\/x.com\\\/roadtowc\"]},{\"@type\":\"Person\",\"@id\":\"https:\\\/\\\/www.roadtowc.com\\\/fr\\\/#\\\/schema\\\/person\\\/740d00fd2cc5b25d2cc206df8febffc8\",\"name\":\"N8N Automation\",\"image\":{\"@type\":\"ImageObject\",\"inLanguage\":\"fr-FR\",\"@id\":\"https:\\\/\\\/secure.gravatar.com\\\/avatar\\\/6a6694f347bbf859fcc774b705dd5d56461a78adb9fbcc95e8485e149d49c06c?s=96&d=mm&r=g\",\"url\":\"https:\\\/\\\/secure.gravatar.com\\\/avatar\\\/6a6694f347bbf859fcc774b705dd5d56461a78adb9fbcc95e8485e149d49c06c?s=96&d=mm&r=g\",\"contentUrl\":\"https:\\\/\\\/secure.gravatar.com\\\/avatar\\\/6a6694f347bbf859fcc774b705dd5d56461a78adb9fbcc95e8485e149d49c06c?s=96&d=mm&r=g\",\"caption\":\"N8N Automation\"},\"url\":\"https:\\\/\\\/www.roadtowc.com\\\/fr\\\/author\\\/n8nsmartservices-com-ar\\\/\"}]}<\/script>\n<!-- \/ Yoast SEO plugin. -->","yoast_head_json":{"title":"Carlo Ancelotti nomm\u00e9 s\u00e9lectionneur du Br\u00e9sil pour la Coupe du Monde 2026 - Road to the World Cup","description":"Carlo Ancelotti devient s\u00e9lectionneur du Br\u00e9sil pour la Coupe du Monde 2026, avec l\u2019ambition de reconqu\u00e9rir le sommet du football mondial.","robots":{"index":"index","follow":"follow","max-snippet":"max-snippet:-1","max-image-preview":"max-image-preview:large","max-video-preview":"max-video-preview:-1"},"canonical":"https:\/\/www.roadtowc.com\/fr\/carlo-ancelotti-nomme-selectionneur-du-bresil-pour-la-coupe-du-monde-2026\/","og_locale":"fr_FR","og_type":"article","og_title":"Carlo Ancelotti nomm\u00e9 s\u00e9lectionneur du Br\u00e9sil pour la Coupe du Monde 2026 - Road to the World Cup","og_description":"Carlo Ancelotti devient s\u00e9lectionneur du Br\u00e9sil pour la Coupe du Monde 2026, avec l\u2019ambition de reconqu\u00e9rir le sommet du football mondial.","og_url":"https:\/\/www.roadtowc.com\/fr\/carlo-ancelotti-nomme-selectionneur-du-bresil-pour-la-coupe-du-monde-2026\/","og_site_name":"Road to the World Cup","article_published_time":"2025-05-13T20:37:54+00:00","og_image":[{"width":1024,"height":768,"url":"https:\/\/www.roadtowc.com\/wp-content\/uploads\/2025\/05\/image-4-1.jpg","type":"image\/jpeg"}],"author":"N8N Automation","twitter_card":"summary_large_image","twitter_creator":"@roadtowc","twitter_site":"@roadtowc","twitter_misc":{"\u00c9crit par":"N8N Automation","Dur\u00e9e de lecture estim\u00e9e":"1 minute"},"schema":{"@context":"https:\/\/schema.org","@graph":[{"@type":"Article","@id":"https:\/\/www.roadtowc.com\/fr\/carlo-ancelotti-nomme-selectionneur-du-bresil-pour-la-coupe-du-monde-2026\/#article","isPartOf":{"@id":"https:\/\/www.roadtowc.com\/fr\/carlo-ancelotti-nomme-selectionneur-du-bresil-pour-la-coupe-du-monde-2026\/"},"author":{"name":"N8N Automation","@id":"https:\/\/www.roadtowc.com\/fr\/#\/schema\/person\/740d00fd2cc5b25d2cc206df8febffc8"},"headline":"Carlo Ancelotti nomm\u00e9 s\u00e9lectionneur du Br\u00e9sil pour la Coupe du Monde 2026","datePublished":"2025-05-13T20:37:54+00:00","mainEntityOfPage":{"@id":"https:\/\/www.roadtowc.com\/fr\/carlo-ancelotti-nomme-selectionneur-du-bresil-pour-la-coupe-du-monde-2026\/"},"wordCount":274,"publisher":{"@id":"https:\/\/www.roadtowc.com\/fr\/#organization"},"image":{"@id":"https:\/\/www.roadtowc.com\/fr\/carlo-ancelotti-nomme-selectionneur-du-bresil-pour-la-coupe-du-monde-2026\/#primaryimage"},"thumbnailUrl":"https:\/\/www.roadtowc.com\/wp-content\/uploads\/2025\/05\/image-4-1.jpg","articleSection":["Des nouvelles"],"inLanguage":"fr-FR"},{"@type":"WebPage","@id":"https:\/\/www.roadtowc.com\/fr\/carlo-ancelotti-nomme-selectionneur-du-bresil-pour-la-coupe-du-monde-2026\/","url":"https:\/\/www.roadtowc.com\/fr\/carlo-ancelotti-nomme-selectionneur-du-bresil-pour-la-coupe-du-monde-2026\/","name":"Carlo Ancelotti nomm\u00e9 s\u00e9lectionneur du Br\u00e9sil pour la Coupe du Monde 2026 - Road to the World Cup","isPartOf":{"@id":"https:\/\/www.roadtowc.com\/fr\/#website"},"primaryImageOfPage":{"@id":"https:\/\/www.roadtowc.com\/fr\/carlo-ancelotti-nomme-selectionneur-du-bresil-pour-la-coupe-du-monde-2026\/#primaryimage"},"image":{"@id":"https:\/\/www.roadtowc.com\/fr\/carlo-ancelotti-nomme-selectionneur-du-bresil-pour-la-coupe-du-monde-2026\/#primaryimage"},"thumbnailUrl":"https:\/\/www.roadtowc.com\/wp-content\/uploads\/2025\/05\/image-4-1.jpg","datePublished":"2025-05-13T20:37:54+00:00","description":"Carlo Ancelotti devient s\u00e9lectionneur du Br\u00e9sil pour la Coupe du Monde 2026, avec l\u2019ambition de reconqu\u00e9rir le sommet du football mondial.","breadcrumb":{"@id":"https:\/\/www.roadtowc.com\/fr\/carlo-ancelotti-nomme-selectionneur-du-bresil-pour-la-coupe-du-monde-2026\/#breadcrumb"},"inLanguage":"fr-FR","potentialAction":[{"@type":"ReadAction","target":["https:\/\/www.roadtowc.com\/fr\/carlo-ancelotti-nomme-selectionneur-du-bresil-pour-la-coupe-du-monde-2026\/"]}]},{"@type":"ImageObject","inLanguage":"fr-FR","@id":"https:\/\/www.roadtowc.com\/fr\/carlo-ancelotti-nomme-selectionneur-du-bresil-pour-la-coupe-du-monde-2026\/#primaryimage","url":"https:\/\/www.roadtowc.com\/wp-content\/uploads\/2025\/05\/image-4-1.jpg","contentUrl":"https:\/\/www.roadtowc.com\/wp-content\/uploads\/2025\/05\/image-4-1.jpg","width":1024,"height":768,"caption":"Ancelotti Brazil head coach World Cup 2026"},{"@type":"BreadcrumbList","@id":"https:\/\/www.roadtowc.com\/fr\/carlo-ancelotti-nomme-selectionneur-du-bresil-pour-la-coupe-du-monde-2026\/#breadcrumb","itemListElement":[{"@type":"ListItem","position":1,"name":"Home","item":"https:\/\/www.roadtowc.com\/fr\/"},{"@type":"ListItem","position":2,"name":"Carlo Ancelotti nomm\u00e9 s\u00e9lectionneur du Br\u00e9sil pour la Coupe du Monde 2026"}]},{"@type":"WebSite","@id":"https:\/\/www.roadtowc.com\/fr\/#website","url":"https:\/\/www.roadtowc.com\/fr\/","name":"Road to the World Cup","description":"Votre guide ultime de la Coupe du Monde de la FIFA 2026 : actualit\u00e9s, informations sur les billets, stades et plus encore, avec une couverture compl\u00e8te \u00e0 l\u2019approche du tournoi aux \u00c9tats-Unis, au Mexique et au Canada.","publisher":{"@id":"https:\/\/www.roadtowc.com\/fr\/#organization"},"alternateName":"Road to the World Cup","potentialAction":[{"@type":"SearchAction","target":{"@type":"EntryPoint","urlTemplate":"https:\/\/www.roadtowc.com\/fr\/?s={search_term_string}"},"query-input":{"@type":"PropertyValueSpecification","valueRequired":true,"valueName":"search_term_string"}}],"inLanguage":"fr-FR"},{"@type":"Organization","@id":"https:\/\/www.roadtowc.com\/fr\/#organization","name":"Road to the World Cup","alternateName":"Road to the World Cup","url":"https:\/\/www.roadtowc.com\/fr\/","logo":{"@type":"ImageObject","inLanguage":"fr-FR","@id":"https:\/\/www.roadtowc.com\/fr\/#\/schema\/logo\/image\/","url":"https:\/\/www.roadtowc.com\/wp-content\/uploads\/2024\/07\/New-Logo-head.png","contentUrl":"https:\/\/www.roadtowc.com\/wp-content\/uploads\/2024\/07\/New-Logo-head.png","width":1228,"height":1037,"caption":"Road to the World Cup"},"image":{"@id":"https:\/\/www.roadtowc.com\/fr\/#\/schema\/logo\/image\/"},"sameAs":["https:\/\/x.com\/roadtowc"]},{"@type":"Person","@id":"https:\/\/www.roadtowc.com\/fr\/#\/schema\/person\/740d00fd2cc5b25d2cc206df8febffc8","name":"N8N Automation","image":{"@type":"ImageObject","inLanguage":"fr-FR","@id":"https:\/\/secure.gravatar.com\/avatar\/6a6694f347bbf859fcc774b705dd5d56461a78adb9fbcc95e8485e149d49c06c?s=96&d=mm&r=g","url":"https:\/\/secure.gravatar.com\/avatar\/6a6694f347bbf859fcc774b705dd5d56461a78adb9fbcc95e8485e149d49c06c?s=96&d=mm&r=g","contentUrl":"https:\/\/secure.gravatar.com\/avatar\/6a6694f347bbf859fcc774b705dd5d56461a78adb9fbcc95e8485e149d49c06c?s=96&d=mm&r=g","caption":"N8N Automation"},"url":"https:\/\/www.roadtowc.com\/fr\/author\/n8nsmartservices-com-ar\/"}]}},"_links":{"self":[{"href":"https:\/\/www.roadtowc.com\/fr\/wp-json\/wp\/v2\/posts\/7193","targetHints":{"allow":["GET"]}}],"collection":[{"href":"https:\/\/www.roadtowc.com\/fr\/wp-json\/wp\/v2\/posts"}],"about":[{"href":"https:\/\/www.roadtowc.com\/fr\/wp-json\/wp\/v2\/types\/post"}],"author":[{"embeddable":true,"href":"https:\/\/www.roadtowc.com\/fr\/wp-json\/wp\/v2\/users\/32"}],"replies":[{"embeddable":true,"href":"https:\/\/www.roadtowc.com\/fr\/wp-json\/wp\/v2\/comments?post=7193"}],"version-history":[{"count":0,"href":"https:\/\/www.roadtowc.com\/fr\/wp-json\/wp\/v2\/posts\/7193\/revisions"}],"wp:featuredmedia":[{"embeddable":true,"href":"https:\/\/www.roadtowc.com\/fr\/wp-json\/wp\/v2\/media\/7189"}],"wp:attachment":[{"href":"https:\/\/www.roadtowc.com\/fr\/wp-json\/wp\/v2\/media?parent=7193"}],"wp:term":[{"taxonomy":"category","embeddable":true,"href":"https:\/\/www.roadtowc.com\/fr\/wp-json\/wp\/v2\/categories?post=7193"},{"taxonomy":"post_tag","embeddable":true,"href":"https:\/\/www.roadtowc.com\/fr\/wp-json\/wp\/v2\/tags?post=7193"}],"curies":[{"name":"wp","href":"https:\/\/api.w.org\/{rel}","templated":true}]}}